{"id":166009,"date":"2024-09-13T16:04:45","date_gmt":"2024-09-13T19:04:45","guid":{"rendered":"https:\/\/corrientesdetarde.com\/?p=166009"},"modified":"2024-09-13T16:04:56","modified_gmt":"2024-09-13T19:04:56","slug":"escala-la-tension-entre-venezuela-y-espana-tras-otra-fuerte-declaracion-del-canciller-de-nicolas-maduro","status":"publish","type":"post","link":"https:\/\/corrientesdetarde.com\/index.php\/internacionales\/escala-la-tension-entre-venezuela-y-espana-tras-otra-fuerte-declaracion-del-canciller-de-nicolas-maduro\/","title":{"rendered":"Escala la tensi\u00f3n entre Venezuela y Espa\u00f1a tras otra fuerte declaraci\u00f3n del canciller de Nicol\u00e1s Maduro"},"content":{"rendered":"\n<p>El ministro de Relaciones Exteriores venezolano, Yv\u00e1n Gil, se reuni\u00f3 con el embajador espa\u00f1ol ante Caracas y le dijo que no permitir\u00e1n \u201cuna injerencia\u201d y amenaz\u00f3 con que Venezuela \u201cadoptar\u00e1 las medidas necesarias\u201d.<\/p>\n\n\n\n<p>Desde que Edmundo Gonz\u00e1les Urrutia se exili\u00f3 n Espa\u00f1a, <strong>la tensi\u00f3n de la relaci\u00f3n bilateral con Venezuela no deja de ir en aumento<\/strong>. El canciller venezolano, Yv\u00e1n Gil, le dijo este viernes al embajador espa\u00f1ol en Caracas, Ram\u00f3n Santos, que su pa\u00eds no permitir\u00e1 ninguna \u201cacci\u00f3n injerencista\u201d, tras convocarlo por cuestionamientos a la reelecci\u00f3n de Nicol\u00e1s Maduro.<\/p>\n\n\n\n<p>Seg\u00fan una nota compartida por Gil en Telegram, durante el encuentro, el canciller le manifest\u00f3 al diplom\u00e1tico que Venezuela<strong>\u00a0no permitir\u00e1 \u201cninguna acci\u00f3n injerencista por parte del Gobierno de Espa\u00f1a<\/strong>\u00a0en asuntos que son de competencia exclusiva de los venezolanos y venezolanas\u201d.<\/p>\n\n\n\n<p><strong>\u201cEl Gobierno de Venezuela adoptar\u00e1 las medidas necesarias<\/strong>, en el marco del derecho internacional y la diplomacia bolivariana de paz para proteger su soberan\u00eda\u201d, se\u00f1ala la nota del canciller de Maduro.<\/p>\n\n\n\n<p>Santos acudi\u00f3 a la cita en la sede de la cartera de Exteriores, en Caracas, a instancias de Gil, quien calific\u00f3 el d\u00eda anterior como<strong>&nbsp;\u201cinsolentes, injerencistas y groseras<\/strong>\u201d las declaraciones de la ministra de Defensa espa\u00f1ola, Margarita Robles, para quien el Gobierno de Maduro es una \u201cdictadura\u201d.<\/p>\n\n\n\n<figure class=\"wp-block-image\"><img decoding=\"async\" src=\"https:\/\/tn.com.ar\/resizer\/v2\/el-canciller-de-venezuela-yvan-gil-se-reunio-con-el-embajador-de-espana-ante-caracas-foto-federico-parraafp-OEPYPCW7RZBXZADFASMVZJUUEQ.jpg?auth=d65454e833b7a86d50b6cb0ea5a354f1ed7fb80dece66fdf3bfeb3c8bedbf0b1&amp;width=767\" alt=\"El canciller de Venezuela, Yv\u00e1n Gil, se reuni\u00f3 con el embajador de Espa\u00f1a ante Caracas. (Foto: Federico PARRA\/AFP)\"\/><\/figure>\n\n\n\n<p>Asimismo, la funcionaria espa\u00f1ola se refiri\u00f3 a los venezolanos que han salido de su pa\u00eds como \u201cv\u00edctimas de la restricci\u00f3n, de la violencia, de la falta de democracia y de la falta de libertad\u201d, y critic\u00f3 la \u201cpersecuci\u00f3n\u201d y<strong>&nbsp;\u201climitaci\u00f3n de derechos fundamentales\u201d<\/strong>&nbsp;que, a su juicio, sufren los opositores en la naci\u00f3n sudamericana.<\/p>\n\n\n\n<p>El Ejecutivo de Maduro, explic\u00f3 Gil el jueves, ha llamado tambi\u00e9n a consultas a su embajadora acreditada en Espa\u00f1a, Gladys Guti\u00e9rrez, cuya llegada a Venezuela est\u00e1 prevista para la tarde de este viernes.<\/p>\n\n\n\n<p>Por su parte, el Ejecutivo espa\u00f1ol opt\u00f3 por rebajar la escalada de tensi\u00f3n abierta entre Caracas y Madrid y calific\u00f3 como \u201csoberana\u201d la decisi\u00f3n del Gobierno chavista de convocar a Santos y llamar a consultas a su representante en la capital espa\u00f1ola.<\/p>\n\n\n\n<h2 class=\"wp-block-heading\">La respuesta del gobierno espa\u00f1ol<\/h2>\n\n\n\n<p>El ministro espa\u00f1ol de Asuntos Exteriores,&nbsp;<strong>Jos\u00e9 Manuel Albares<\/strong>, insisti\u00f3 en la voluntad de buscar \u201clas mejores relaciones posibles con el pueblo hermano de Venezuela\u201d y de velar por los intereses de la comunidad y las empresas nacionales en el pa\u00eds latinoamericano.<\/p>\n\n\n\n<p><strong>La tensi\u00f3n entre ambos pa\u00edses se produce luego de que el Congreso espa\u00f1ol,<\/strong>\u00a0con el voto en contra del gobernante Partido Socialista Obrero Espa\u00f1ol (PSOE), acordara reconocer como presidente electo de las elecciones del 28 de julio en Venezuela al abanderado de la oposici\u00f3n mayoritaria, Edmundo Gonz\u00e1lez Urrutia, exiliado desde el domingo en el pa\u00eds europeo, donde ha solicitado asilo.<\/p>\n\n\n\n<p>En respuesta, el Parlamento venezolano, controlado por el chavismo, propuso el mi\u00e9rcoles elaborar una resoluci\u00f3n, que espera aprobar, para instar a Maduro a romper \u201ctodas las relaciones\u201d diplom\u00e1ticas, consulares, econ\u00f3micas y comerciales con Espa\u00f1a.<\/p>\n\n\n\n<p><strong>El jueves, Gonz\u00e1lez Urrutia fue recibido por el presidente del Gobierno espa\u00f1ol<\/strong>, el socialista Pedro S\u00e1nchez, quien asegur\u00f3 que su pa\u00eds va a seguir trabajando en favor de la democracia, el di\u00e1logo y los derechos fundamentales del pueblo venezolano.<\/p>\n\n\n\n<p>El l\u00edder opositor pidi\u00f3 asilo debido a la \u201cpersecuci\u00f3n\u201d que dijo sufrir despu\u00e9s de las presidenciales del 28 de julio, cuya victoria oficial fue otorgada por el Consejo Nacional Electoral (CNE) a Maduro.<\/p>\n\n\n\n<p>Sin embargo, la oposici\u00f3n insiste en que el vencedor fue Gonz\u00e1lez Urrutia.<\/p>\n","protected":false},"excerpt":{"rendered":"<p>El ministro de Relaciones Exteriores venezolano, Yv\u00e1n Gil, se reuni\u00f3 con el embajador espa\u00f1ol ante Caracas y le dijo que no permitir\u00e1n \u201cuna injerencia\u201d y amenaz\u00f3 con que Venezuela \u201cadoptar\u00e1&hellip; <\/p>\n","protected":false},"author":8,"featured_media":166010,"comment_status":"closed","ping_status":"open","sticky":false,"template":"","format":"standard","meta":{"footnotes":""},"categories":[11],"tags":[],"class_list":["post-166009","post","type-post","status-publish","format-standard","has-post-thumbnail","hentry","category-internacionales"],"_links":{"self":[{"href":"https:\/\/corrientesdetarde.com\/index.php\/wp-json\/wp\/v2\/posts\/166009","targetHints":{"allow":["GET"]}}],"collection":[{"href":"https:\/\/corrientesdetarde.com\/index.php\/wp-json\/wp\/v2\/posts"}],"about":[{"href":"https:\/\/corrientesdetarde.com\/index.php\/wp-json\/wp\/v2\/types\/post"}],"author":[{"embeddable":true,"href":"https:\/\/corrientesdetarde.com\/index.php\/wp-json\/wp\/v2\/users\/8"}],"replies":[{"embeddable":true,"href":"https:\/\/corrientesdetarde.com\/index.php\/wp-json\/wp\/v2\/comments?post=166009"}],"version-history":[{"count":1,"href":"https:\/\/corrientesdetarde.com\/index.php\/wp-json\/wp\/v2\/posts\/166009\/revisions"}],"predecessor-version":[{"id":166011,"href":"https:\/\/corrientesdetarde.com\/index.php\/wp-json\/wp\/v2\/posts\/166009\/revisions\/166011"}],"wp:featuredmedia":[{"embeddable":true,"href":"https:\/\/corrientesdetarde.com\/index.php\/wp-json\/wp\/v2\/media\/166010"}],"wp:attachment":[{"href":"https:\/\/corrientesdetarde.com\/index.php\/wp-json\/wp\/v2\/media?parent=166009"}],"wp:term":[{"taxonomy":"category","embeddable":true,"href":"https:\/\/corrientesdetarde.com\/index.php\/wp-json\/wp\/v2\/categories?post=166009"},{"taxonomy":"post_tag","embeddable":true,"href":"https:\/\/corrientesdetarde.com\/index.php\/wp-json\/wp\/v2\/tags?post=166009"}],"curies":[{"name":"wp","href":"https:\/\/api.w.org\/{rel}","templated":true}]}}