{"id":166012,"date":"2024-09-13T16:07:27","date_gmt":"2024-09-13T19:07:27","guid":{"rendered":"https:\/\/corrientesdetarde.com\/?p=166012"},"modified":"2024-09-13T16:07:30","modified_gmt":"2024-09-13T19:07:30","slug":"milei-recibio-al-presidente-de-talleres-despues-del-escandalo-con-el-arbitro-del-partido-contra-boca","status":"publish","type":"post","link":"https:\/\/corrientesdetarde.com\/index.php\/deportes\/milei-recibio-al-presidente-de-talleres-despues-del-escandalo-con-el-arbitro-del-partido-contra-boca\/","title":{"rendered":"Milei recibi\u00f3 al presidente de Talleres despu\u00e9s del esc\u00e1ndalo con el \u00e1rbitro del partido contra Boca"},"content":{"rendered":"\n<p>Andr\u00e9s Fassi es uno de los principales impulsores del ingreso de las SAD en el f\u00fatbol argentino y uno de los principales cr\u00edticos de la gesti\u00f3n de Chiqui Tapia en la AFA. Tras la reuni\u00f3n, el dirigente del conjunto cordob\u00e9s le regal\u00f3 al mandatario dos camisetas.<\/p>\n\n\n\n<p> Andr\u00e9s Fssi, presidente de<strong>\u00a0Talleres de C\u00f3rdoba<\/strong>, sigue en el centro de la escena. El \u00faltimo domingo, el dirigente protagoniz\u00f3 un esc\u00e1ndalo junto a\u00a0\u00c1ndres  Merlo \u00e1rbitro del partido que perdi\u00f3 la T ante Boca por la Copa Argentina, brind\u00f3 una conferencia de prensa donde arremeti\u00f3 contra los refer\u00edes y aprovech\u00f3 para criticar varias decisiones de\u00a0<strong>Claudio Tapia\u00a0y la AFA<\/strong>. Luego de d\u00edas movidos,\u00a0<strong>Javier Milei lo recibi\u00f3 en la Casa de Gobierno<\/strong>.<\/p>\n\n\n\n<p>\u201c<strong>El Presidente Javier Milei recibi\u00f3 en Casa Rosada al Presidente del Club Atl\u00e9tico Talleres de C\u00f3rdoba, Andr\u00e9s Fassi<\/strong>\u201d, public\u00f3 la cuenta Oficial del Presidente en X (antes Twitter).<\/p>\n\n\n\n<p>No es casualidad que \u00c1ndres Fassi haya sido recibido por Javier Milei, el mandam\u00e1s de Talleres es uno de los defensores del ingreso de las Sociedades An\u00f3nimas Deportivas en el f\u00fatbol argentino y un cr\u00edtico de la gesti\u00f3n de Claudio Chiqui Tapia en la AFA.<\/p>\n\n\n\n<h2 class=\"wp-block-heading\"><strong>El comunicado de Talleres sobre la visita de Fassi a Milei:<\/strong><\/h2>\n\n\n\n<p>Bajo el lema \u201cOportunidad hist\u00f3rica para reconstruir el f\u00fatbol argentino\u201d, Talleres emiti\u00f3 un comunicado donde destac\u00f3 la convoctaria de Milei a Fassi.<\/p>\n\n\n\n<p>\u201cCon la visi\u00f3n compartida de salvar el f\u00fatbol argentino y transformarlo en una actividad capaz de generar valor social, deportivo, cultural, econ\u00f3mico y de infraestructura a la altura de las tendencias mundiales, se concret\u00f3 este viernes en Casa Rosada una primera conversaci\u00f3n para compartir los ejes principales de un debate imprescindible, impostergable y necesario\u201d, aseguraron desde la instituci\u00f3n cordobesa.<\/p>\n\n\n\n<figure class=\"wp-block-image\"><img decoding=\"async\" src=\"https:\/\/tn.com.ar\/resizer\/v2\/el-comunicado-de-talleres-foto-talleres-de-cordoba-YQU2P2DQMBFLZFV3XTE7EO3RSU.jfif?auth=b6a1da060d56ae66b7c766c23a511ec864f97769766d945393d5d73a22e88b9d&amp;width=767\" alt=\"El comunicado de Talleres (Foto: Talleres de C\u00f3rdoba).\"\/><\/figure>\n\n\n\n<p>Asimismo, indicaron que \u201cla convocatoria del Presidente de la Naci\u00f3n, se produjo luego de La conferencia de prensa del pasado lunes, en donde se plante\u00f3 la manera de fortalecer nuestros clubes\u201d. \u201c<strong>El Presidente Milei expres\u00f3 que \u2018tenemos que lograr que nuestra Liga este a la altura de las mejores ligas del mundo como Inglaterra, Francia, Espa\u00f1a, Italia y Alemania, que es en donde se forman los jugadores campeones del mundo y bicampeones de Am\u00e9rica<\/strong>\u2019\u201d, agregaron.<\/p>\n\n\n\n<p>Adem\u00e1s, indicaron que Fassi se\u00f1al\u00f3 que \u201cindependiente de los formatos jur\u00eddicos, la clave est\u00e1 en los modelos de gesti\u00f3n que permitan hacer clubes fuertes con visi\u00f3n de crecimiento deportivo y desarrollo social\u201d.<\/p>\n\n\n\n<p>\u201cLa reconstrucci\u00f3n del f\u00fatbol argentino debe iniciarse con un gran Debate que pueda sumar intereses y perspectivas que permitan marcar el camino de una visi\u00f3n estrat\u00e9gica para fortalecer nuestros clubes y hacer un f\u00fatbol moderno, equitativo y de jerarqu\u00eda\u201d, concluyeron.<\/p>\n\n\n\n<h2 class=\"wp-block-heading\">Qu\u00e9 hab\u00eda dicho Andr\u00e9s Fassi sobre Claudio Chiqui Tapia:<\/h2>\n\n\n\n<p>\u201cTe entregu\u00e9 cuatro propuestas distintas para mejorar el f\u00fatbol argentino.&nbsp;<strong>Chiqui, te he pedido juntarme ya hace m\u00e1s de un a\u00f1o y medio<\/strong>. La \u00faltima vez que quedamos juntarnos en Buenos Aires,&nbsp;<strong>me hiciste ir un domingo y no me recibiste\u201d<\/strong>, asegur\u00f3 Fassi en una conferencia de prensa.<\/p>\n\n\n\n<figure class=\"wp-block-image\"><img decoding=\"async\" src=\"https:\/\/tn.com.ar\/resizer\/v2\/el-mandatario-albiazul-tambien-opino-de-las-bengalas-en-el-clasico-ante-belgrano-HENT7YYP3JBHLORVGMH2AGYHF4.jpeg?auth=440b86b988acf8e0289b4528405ea922c9d5039c6e24affe73c16a2b81a78205&amp;width=767\" alt=\"El mandatario albiazul tambi\u00e9n opin\u00f3 de las bengalas en el cl\u00e1sico ante Belgrano.\"\/><\/figure>\n\n\n\n<p>En la misma l\u00ednea, apunt\u00f3 contra el titular de la AFA: \u201cReiteradamente perjudicas a una instituci\u00f3n que merece respeto y no merece sufrir ning\u00fan tipo de situaci\u00f3n de todas las que vengo hablando en forma personal contigo.&nbsp;<strong>Chiqui, no juguemos, no juegu\u00e9s con Talleres. El se\u00f1or Beligoy hace expresamente el mandato de lo que vos y tu segmento de gente hace que genere\u201d.<\/strong><\/p>\n\n\n\n<p>\u201cSoy una persona que me dediqu\u00e9 al F\u00fatbol Argentino. No vine a hacerte problemas a vos, est\u00e1s equivocado, no tengas miedo, no quiero ser presidente de AFA. Tenes much\u00edsimo m\u00e1s poder que un dirigente como yo. Son formas de pensar.&nbsp;<strong>Hoy no somos campeones en Qatar o bicampeones de Am\u00e9rica gracias a la gesti\u00f3n del F\u00fatbol Argentino. Lo somos gracias a que somos un pa\u00eds exportador, que nuestros clubes siguen sacando jugadores y se potencian en Europa\u201d<\/strong>, sentenci\u00f3.<\/p>\n","protected":false},"excerpt":{"rendered":"<p>Andr\u00e9s Fassi es uno de los principales impulsores del ingreso de las SAD en el f\u00fatbol argentino y uno de los principales cr\u00edticos de la gesti\u00f3n de Chiqui Tapia en&hellip; <\/p>\n","protected":false},"author":8,"featured_media":166013,"comment_status":"closed","ping_status":"open","sticky":false,"template":"","format":"standard","meta":{"footnotes":""},"categories":[4],"tags":[],"class_list":["post-166012","post","type-post","status-publish","format-standard","has-post-thumbnail","hentry","category-deportes"],"_links":{"self":[{"href":"https:\/\/corrientesdetarde.com\/index.php\/wp-json\/wp\/v2\/posts\/166012","targetHints":{"allow":["GET"]}}],"collection":[{"href":"https:\/\/corrientesdetarde.com\/index.php\/wp-json\/wp\/v2\/posts"}],"about":[{"href":"https:\/\/corrientesdetarde.com\/index.php\/wp-json\/wp\/v2\/types\/post"}],"author":[{"embeddable":true,"href":"https:\/\/corrientesdetarde.com\/index.php\/wp-json\/wp\/v2\/users\/8"}],"replies":[{"embeddable":true,"href":"https:\/\/corrientesdetarde.com\/index.php\/wp-json\/wp\/v2\/comments?post=166012"}],"version-history":[{"count":1,"href":"https:\/\/corrientesdetarde.com\/index.php\/wp-json\/wp\/v2\/posts\/166012\/revisions"}],"predecessor-version":[{"id":166014,"href":"https:\/\/corrientesdetarde.com\/index.php\/wp-json\/wp\/v2\/posts\/166012\/revisions\/166014"}],"wp:featuredmedia":[{"embeddable":true,"href":"https:\/\/corrientesdetarde.com\/index.php\/wp-json\/wp\/v2\/media\/166013"}],"wp:attachment":[{"href":"https:\/\/corrientesdetarde.com\/index.php\/wp-json\/wp\/v2\/media?parent=166012"}],"wp:term":[{"taxonomy":"category","embeddable":true,"href":"https:\/\/corrientesdetarde.com\/index.php\/wp-json\/wp\/v2\/categories?post=166012"},{"taxonomy":"post_tag","embeddable":true,"href":"https:\/\/corrientesdetarde.com\/index.php\/wp-json\/wp\/v2\/tags?post=166012"}],"curies":[{"name":"wp","href":"https:\/\/api.w.org\/{rel}","templated":true}]}}