{"id":166015,"date":"2024-09-13T16:14:13","date_gmt":"2024-09-13T19:14:13","guid":{"rendered":"https:\/\/corrientesdetarde.com\/?p=166015"},"modified":"2024-09-13T16:14:17","modified_gmt":"2024-09-13T19:14:17","slug":"carmen-barbieri-destrozo-a-javier-milei-el-presidente-tiene-corazon","status":"publish","type":"post","link":"https:\/\/corrientesdetarde.com\/index.php\/espectaculos\/carmen-barbieri-destrozo-a-javier-milei-el-presidente-tiene-corazon\/","title":{"rendered":"Carmen Barbieri destroz\u00f3 a Javier Milei: &#8220;\u00bfEl Presidente tiene coraz\u00f3n?&#8221;"},"content":{"rendered":"\n<p>Carmen Barbieri apunt\u00f3 contra el veto a la reforma jubilatoria de Javier Milei en su programa de televisi\u00f3n.<\/p>\n\n\n\n<p>Tras el veto de\u00a0<strong>Javier Milei<\/strong>\u00a0a la reforma jubilatoria, la actriz Marta Gonz\u00e1les revel\u00f3 la dif\u00edcil situaci\u00f3n econ\u00f3mica que atraviesa\u00a0, explicando que necesita el apoyo de su familia para cubrir los gastos mensuales. Luego de sus declaraciones,\u00a0<strong>Carmen Barbieri,<\/strong>\u00a0visiblemente conmovida, habl\u00f3 en &#8220;Ma\u00f1an\u00edsima&#8221; sobre los problemas de salud de Gonz\u00e1lez, quien sobrevivi\u00f3 a un ACV y ha enfrentado el c\u00e1ncer en tres ocasiones.<\/p>\n\n\n\n<p><strong>&#8220;Soy muy sensible, pero me duele escuchar a una mujer como Marta, que ha trabajado toda su vida, contar lo que est\u00e1 viviendo&#8221;<\/strong>, expres\u00f3 Barbieri al borde de las l\u00e1grimas.<\/p>\n\n\n\n<p>La conductora tambi\u00e9n comparti\u00f3 su propia experiencia:\u00a0&#8220;Hoy mi hijo se est\u00e1 realizando estudios para asegurarse de que el c\u00e1ncer no haya regresado. Sin obra social, ser\u00eda imposible costear estos controles. Marta es una luchadora, sigue combatiendo el c\u00e1ncer y necesita ayuda para comprar sus medicamentos. A pesar de todo, depende del apoyo de sus hijos para llegar a fin de mes&#8221;, lament\u00f3.<\/p>\n\n\n\n<p>Barbieri critic\u00f3 la realidad que enfrentan Marta y muchos argentinos: &#8220;<strong>Le creo cuando dice que no le alcanza, que llega con lo justo gracias a su familia. Es muy injusto lo que estamos viviendo. Me pregunto, \u00bfel presidente tiene coraz\u00f3n? Marta ha trabajado toda su vida, y aun as\u00ed, entre los medicamentos y otros gastos, no puede cubrir sus necesidades<\/strong>&#8220;, enfatiz\u00f3.<\/p>\n\n\n\n<p>Alberto Mart\u00edn tambi\u00e9n se sum\u00f3 a la conversaci\u00f3n, resaltando la necesidad de respetar a los mayores: &#8220;Yo cobro la jubilaci\u00f3n m\u00ednima y soy viudo. Estoy afiliado a una obra social que, sin avisar, va recortando servicios, como los de laboratorio. Es como si nos estuvieran limitando el acceso a la atenci\u00f3n poco a poco&#8221;, coment\u00f3 con indignaci\u00f3n.<\/p>\n\n\n\n<p>&#8220;<strong>Es vergonzoso que un jubilado en este pa\u00eds reciba apenas 230 mil pesos. Tanto el presidente como los legisladores deber\u00edan sentir verg\u00fcenza por esta situaci\u00f3n<\/strong>&#8220;, concluy\u00f3 con firmeza.<\/p>\n\n\n\n<figure class=\"wp-block-image size-full\"><img loading=\"lazy\" decoding=\"async\" width=\"840\" height=\"673\" src=\"https:\/\/corrientesdetarde.com\/wp-content\/uploads\/2024\/09\/image-512.png\" alt=\"\" class=\"wp-image-166017\" srcset=\"https:\/\/corrientesdetarde.com\/wp-content\/uploads\/2024\/09\/image-512.png 840w, https:\/\/corrientesdetarde.com\/wp-content\/uploads\/2024\/09\/image-512-300x240.png 300w, https:\/\/corrientesdetarde.com\/wp-content\/uploads\/2024\/09\/image-512-768x615.png 768w\" sizes=\"auto, (max-width: 840px) 100vw, 840px\" \/><\/figure>\n","protected":false},"excerpt":{"rendered":"<p>Carmen Barbieri apunt\u00f3 contra el veto a la reforma jubilatoria de Javier Milei en su programa de televisi\u00f3n. Tras el veto de\u00a0Javier Milei\u00a0a la reforma jubilatoria, la actriz Marta Gonz\u00e1les&hellip; <\/p>\n","protected":false},"author":8,"featured_media":166016,"comment_status":"closed","ping_status":"open","sticky":false,"template":"","format":"standard","meta":{"footnotes":""},"categories":[19],"tags":[],"class_list":["post-166015","post","type-post","status-publish","format-standard","has-post-thumbnail","hentry","category-espectaculos"],"_links":{"self":[{"href":"https:\/\/corrientesdetarde.com\/index.php\/wp-json\/wp\/v2\/posts\/166015","targetHints":{"allow":["GET"]}}],"collection":[{"href":"https:\/\/corrientesdetarde.com\/index.php\/wp-json\/wp\/v2\/posts"}],"about":[{"href":"https:\/\/corrientesdetarde.com\/index.php\/wp-json\/wp\/v2\/types\/post"}],"author":[{"embeddable":true,"href":"https:\/\/corrientesdetarde.com\/index.php\/wp-json\/wp\/v2\/users\/8"}],"replies":[{"embeddable":true,"href":"https:\/\/corrientesdetarde.com\/index.php\/wp-json\/wp\/v2\/comments?post=166015"}],"version-history":[{"count":1,"href":"https:\/\/corrientesdetarde.com\/index.php\/wp-json\/wp\/v2\/posts\/166015\/revisions"}],"predecessor-version":[{"id":166018,"href":"https:\/\/corrientesdetarde.com\/index.php\/wp-json\/wp\/v2\/posts\/166015\/revisions\/166018"}],"wp:featuredmedia":[{"embeddable":true,"href":"https:\/\/corrientesdetarde.com\/index.php\/wp-json\/wp\/v2\/media\/166016"}],"wp:attachment":[{"href":"https:\/\/corrientesdetarde.com\/index.php\/wp-json\/wp\/v2\/media?parent=166015"}],"wp:term":[{"taxonomy":"category","embeddable":true,"href":"https:\/\/corrientesdetarde.com\/index.php\/wp-json\/wp\/v2\/categories?post=166015"},{"taxonomy":"post_tag","embeddable":true,"href":"https:\/\/corrientesdetarde.com\/index.php\/wp-json\/wp\/v2\/tags?post=166015"}],"curies":[{"name":"wp","href":"https:\/\/api.w.org\/{rel}","templated":true}]}}