{"id":166447,"date":"2024-09-16T08:33:18","date_gmt":"2024-09-16T11:33:18","guid":{"rendered":"https:\/\/corrientesdetarde.com\/?p=166447"},"modified":"2024-09-16T08:33:19","modified_gmt":"2024-09-16T11:33:19","slug":"javier-mileieste-presupuesto-va-a-cambiar-la-historia-del-pais","status":"publish","type":"post","link":"https:\/\/corrientesdetarde.com\/index.php\/politica\/javier-mileieste-presupuesto-va-a-cambiar-la-historia-del-pais\/","title":{"rendered":"Javier Milei:&#8221;Este Presupuesto va a cambiar la historia del pa\u00eds&#8221;"},"content":{"rendered":"\n<p>El Presidente condicion\u00f3 el crecimiento del pa\u00eds a que los gobernadores hagan un ajuste adicional de USD 60 mil millones<br>El presidente Javier Milei present\u00f3 este domingo el Presupuesto 2025 ante el Congreso y sostuvo que el objetivo principal del plan de gastos es &#8220;ponerle un cepo al Estado&#8221;, adem\u00e1s de asegurar que seguir\u00e1 vetando proyectos que atenten contra el equilibrio &#8220;fiscal&#8221;.<\/p>\n\n\n\n<p>El mandatario habl\u00f3 por cadena nacional minutos despu\u00e9s de las 20:50, como estaba previsto inicialmente, y asegur\u00f3 que la ley de leyes para el a\u00f1o pr\u00f3ximo &#8220;va a cambiar para siempre la historia de nuestro pa\u00eds&#8221;.<\/p>\n\n\n\n<p><strong>&#8220;Blindar&#8221; el equilibrio fiscal<\/strong><\/p>\n\n\n\n<p>En su discurso el mandatario subray\u00f3 que el objetivo es &#8220;blindar&#8221; el equilibrio fiscal y adelant\u00f3 que el proyecto oficial ser\u00e1 &#8220;diametralmente distinto a lo que nos tienen acostumbrados&#8221; y &#8220;el m\u00e1s radicalmente distinto de nuestra historia&#8221;.<\/p>\n\n\n\n<p>En un repaso de sus nueve meses de gesti\u00f3n, Milei resalt\u00f3 que 2024 ser\u00e1 el &#8220;el primer a\u00f1o de super\u00e1vit fiscal sin entrar en default en toda la historia argentina&#8221;.<\/p>\n\n\n\n<p>&#8220;Vaya si no ser\u00e1 gesti\u00f3n&#8221;, dijo y complet\u00f3: &#8220;Gestionar no es designar miles de funcionarios en todos los rincones del Estado cuando todas esas \u00e1reas no deber\u00edan existir, ni hacer rutas que no conducen a ning\u00fan lado, ni viviendas hacinadas que nadie quiere, ni usar el GDE como dec\u00eda el candidato (Sergio) Massa&#8221;.<\/p>\n\n\n\n<p>&#8220;Gestionar es desactivar la bomba que heredamos, haber echado 31 mil \u00f1oquis del Estado, haber eliminado los piquetes y reducido el 71% los homicidios en Rosario&#8221;, destac\u00f3 el mandatario, entre otros puntos, por cadena nacional, y a\u00f1adi\u00f3 que &#8220;gestionar es achicar el Estado para engrandecer a la sociedad&#8221;.<\/p>\n\n\n\n<p>Tambi\u00e9n reiter\u00f3 que vetar\u00e1 &#8220;todos los proyectos que atenten contra el equilibrio fiscal&#8221;, al hacer referencia al rechazo del Poder Ejecutivo a la reforma jubilatoria que aumentaba los haberes previsionales.<\/p>\n\n\n\n<p>&#8220;Todo gasto que sea creado y no explique de que partida presupuestaria existente va a salir, ser\u00e1 vetado&#8221;, insisti\u00f3.<\/p>\n\n\n\n<p><strong>Resultado fiscal garantizado para pagar los intereses de la deuda<\/strong><\/p>\n\n\n\n<p>Sin dar detalles sobre el Presupuesto, anticip\u00f3 que ese proyecto contempla que &#8220;sea cual fuera el escenario econ\u00f3mico, el resultado fiscal estar\u00e1 siempre garantizado, no importa qu\u00e9 suceda con la econom\u00eda&#8221;.<\/p>\n\n\n\n<p>&#8220;Nos hemos acostumbrado a usar el Estado como una ni\u00f1era&#8221;, dijo el mandatario en el Congreso y abog\u00f3 por &#8220;reducir impuestos y el tama\u00f1o del Estado, que es la verdadera presi\u00f3n impositiva&#8221;.<\/p>\n\n\n\n<figure class=\"wp-block-image\"><img decoding=\"async\" src=\"https:\/\/www.diarioepoca.com\/content\/bucket\/8\/1384458w790h527c.jpg.webp\" alt=\"\"\/><\/figure>\n\n\n\n<p><strong>&#8220;La justicia social no es justa&#8221;<\/strong><\/p>\n\n\n\n<p>&#8220;No hay nada m\u00e1s empobrecedor y que enriquezca m\u00e1s a los pol\u00edticos que el d\u00e9ficit fiscal&#8221;, se\u00f1al\u00f3 Milei, al criticar el modelo de &#8220;la casta&#8221;.<\/p>\n\n\n\n<p>Plante\u00f3, adem\u00e1s, que &#8220;la justicia social no es justa sino extremadamente violenta, basada en un principio inconsistente que dice que donde hay una necesidad hay un derecho, pero las necesidades son infinitas y los recursos son finitos&#8221;.<\/p>\n\n\n\n<p>En tanto, sostuvo que &#8220;gestionar no es designar miles de funcionarios en todos los rincones del Estado cuando todas esas \u00e1reas no deber\u00edan existir, ni hacer rutas que no conducen a ning\u00fan lado, ni viviendas hacinadas que nadie quiere, ni usar el GDE como dec\u00eda el candidato (Sergio) Massa&#8221;.<\/p>\n\n\n\n<p><strong>&#8220;Ratas miserables&#8221;<\/strong><\/p>\n\n\n\n<p>Por \u00faltimo, le pidi\u00f3 a los legisladores que definan &#8220;de qu\u00e9 lado de la historia quieren quedar&#8221;.<\/p>\n\n\n\n<p>&#8220;La decisi\u00f3n es suya, y ser\u00e1 la ciudadan\u00eda la que los coloque en la avenida de los justos o en la esquina de las ratas miserables que apostaron contra el pa\u00eds y su gente&#8221;, expres\u00f3 en el cierre del discurso.<\/p>\n\n\n\n<p><strong>Previsiones del Presupuesto 2025<\/strong><\/p>\n\n\n\n<p>Fuentes del Gobierno Nacional detall\u00f3 los lineamientos generales del Presupuesto 2025, que marcan un crecimiento del 5 por ciento del PBI, una inflaci\u00f3n del 18,3 por ciento y un d\u00f3lar a $1207.<\/p>\n\n\n\n<p>Esas son las previsiones que est\u00e1n incluidas en el texto del presupuesto que ingresar\u00e1 en las pr\u00f3ximas horas al Congreso.<\/p>\n","protected":false},"excerpt":{"rendered":"<p>El Presidente condicion\u00f3 el crecimiento del pa\u00eds a que los gobernadores hagan un ajuste adicional de USD 60 mil millonesEl presidente Javier Milei present\u00f3 este domingo el Presupuesto 2025 ante&hellip; <\/p>\n","protected":false},"author":12,"featured_media":166454,"comment_status":"closed","ping_status":"open","sticky":false,"template":"","format":"standard","meta":{"footnotes":""},"categories":[23,3],"tags":[],"class_list":["post-166447","post","type-post","status-publish","format-standard","has-post-thumbnail","hentry","category-actualidad","category-politica"],"_links":{"self":[{"href":"https:\/\/corrientesdetarde.com\/index.php\/wp-json\/wp\/v2\/posts\/166447","targetHints":{"allow":["GET"]}}],"collection":[{"href":"https:\/\/corrientesdetarde.com\/index.php\/wp-json\/wp\/v2\/posts"}],"about":[{"href":"https:\/\/corrientesdetarde.com\/index.php\/wp-json\/wp\/v2\/types\/post"}],"author":[{"embeddable":true,"href":"https:\/\/corrientesdetarde.com\/index.php\/wp-json\/wp\/v2\/users\/12"}],"replies":[{"embeddable":true,"href":"https:\/\/corrientesdetarde.com\/index.php\/wp-json\/wp\/v2\/comments?post=166447"}],"version-history":[{"count":1,"href":"https:\/\/corrientesdetarde.com\/index.php\/wp-json\/wp\/v2\/posts\/166447\/revisions"}],"predecessor-version":[{"id":166455,"href":"https:\/\/corrientesdetarde.com\/index.php\/wp-json\/wp\/v2\/posts\/166447\/revisions\/166455"}],"wp:featuredmedia":[{"embeddable":true,"href":"https:\/\/corrientesdetarde.com\/index.php\/wp-json\/wp\/v2\/media\/166454"}],"wp:attachment":[{"href":"https:\/\/corrientesdetarde.com\/index.php\/wp-json\/wp\/v2\/media?parent=166447"}],"wp:term":[{"taxonomy":"category","embeddable":true,"href":"https:\/\/corrientesdetarde.com\/index.php\/wp-json\/wp\/v2\/categories?post=166447"},{"taxonomy":"post_tag","embeddable":true,"href":"https:\/\/corrientesdetarde.com\/index.php\/wp-json\/wp\/v2\/tags?post=166447"}],"curies":[{"name":"wp","href":"https:\/\/api.w.org\/{rel}","templated":true}]}}