{"id":166448,"date":"2024-09-16T08:32:33","date_gmt":"2024-09-16T11:32:33","guid":{"rendered":"https:\/\/corrientesdetarde.com\/?p=166448"},"modified":"2024-09-16T08:32:45","modified_gmt":"2024-09-16T11:32:45","slug":"piden-mas-dialogo-con-nacion-en-medio-de-la-puja-con-la-motosierra","status":"publish","type":"post","link":"https:\/\/corrientesdetarde.com\/index.php\/politica\/piden-mas-dialogo-con-nacion-en-medio-de-la-puja-con-la-motosierra\/","title":{"rendered":"Piden m\u00e1s di\u00e1logo con Naci\u00f3n en medio de la puja con la motosierra"},"content":{"rendered":"\n<p>Para el presidente del bloque de la UCR en el Senado, es buena se\u00f1al que el Jefe de Estado se siente a la mesa a conversar con los legisladores. Los gobernadores esperan mayor reparto del Presupuesto que anoche present\u00f3 Milei.<a href=\"https:\/\/api.whatsapp.com\/send?text=Piden%20m%C3%A1s%20di%C3%A1logo%20con%20Naci%C3%B3n%20en%20medio%20de%20la%20puja%20con%20la%20motosierra%20-%20https:\/\/www.diarioepoca.com\/1332476-piden-mas-dialogo-con-nacion-en-medio-de-la-puja-con-la-motosierra?utm_source=WhatsApp%26utm_medium=WhatsApp%26utm_campaign=WhatsApp%26utm_term=WhatsApp\" target=\"_blank\" rel=\"noreferrer noopener\"><\/a><a href=\"https:\/\/www.diarioepoca.com\/1332476-piden-mas-dialogo-con-nacion-en-medio-de-la-puja-con-la-motosierra#\"><\/a><a href=\"https:\/\/www.diarioepoca.com\/1332476-piden-mas-dialogo-con-nacion-en-medio-de-la-puja-con-la-motosierra#\"><\/a><\/p>\n\n\n\n<p>En medio de marchas y contramarchas, la relaci\u00f3n del Ejecutivo Nacional con el Congreso de la Naci\u00f3n es un poco m\u00e1s que tensa en un escenario de fragmentaci\u00f3n de los bloques, especialmente en Diputados. Sin embargo, para el titular de la bancada radical en el Senado, Eduardo Vischi, existen algunos signos que marcan un comp\u00e1s optimista de apertura del di\u00e1logo, aunque, con cautela esperan que el peso de la motosierra no siga profundiz\u00e1ndose en las provincias. Los gobernadores ya hab\u00edan exigido mayor reparto en el Presupuesto 2025.<\/p>\n\n\n\n<p>&#8220;Creo que lo importante es que el Presidente ahora se involucra en la discusi\u00f3n con los legisladores&#8221;, dijo el senador nacional por Corrientes respecto de los \u00faltimos encuentros que mantuvo Javier Milei con los presidentes de bloques y diputados nacionales, en este \u00faltimo caso, para lograr el blindaje del veto a la reforma de la f\u00f3rmula de movilidad jubilatoria que caus\u00f3 gran pol\u00e9mica dentro de la bancada de la UCR que conduce el diputado cordob\u00e9s, Rodrigo de Loredo. A tal punto espera sumarse a la gimnasia de contacto parlamentario que el propio titular del Ejecutivo Nacional presentaba anoche, al cierre de la edici\u00f3n, su proyecto de Presupuesto 2025.<\/p>\n\n\n\n<p>Su exposici\u00f3n que se enfoc\u00f3 en mantener el equilibrio fiscal caus\u00f3 diversos efectos. Muchos de los gobernadores esperan discutir la distribuci\u00f3n de los fondos desde una visi\u00f3n federal. La semana pasada, los mandatarios no solo ratificaron a las autoridades del Consejo Federal de Inversiones (CFI), con el referente del sector peronista Ignacio Lamothe en la conducci\u00f3n, sino tambi\u00e9n reclamaron fondos equitativos para las provincias durante el tratamiento de la llamada ley de leyes; como as\u00ed, la reactivaci\u00f3n de las obras p\u00fablicas prometidas, las transferencias a las 13 cajas previsionales provinciales y la restituci\u00f3n del Fondo Compensador del Interior que financia el sistema de transporte p\u00fablico de pasajeros.<\/p>\n\n\n\n<p>Para Vischi no est\u00e1 mal que el Presidente exponga su proyecto ante el Congreso, aunque remarc\u00f3 que el procedimiento administrativo consiste en presentar la propuesta por mesa de entrada y que luego, en el marco de las comisiones, el Ministro de Econom\u00eda o el propio Milei, brinden las explicaciones correspondientes. &#8220;Esto creo que es una presentaci\u00f3n p\u00fablica&#8221;, se\u00f1al\u00f3 en di\u00e1logo con Radio Dos.<\/p>\n\n\n\n<p>En cuanto a las expectativas de un mayor o menor ajuste, el senador nacional record\u00f3 que &#8220;el Estado no puede ser menos eficiente para que funcione el pa\u00eds&#8221;. Evalu\u00f3 que coinciden en el diagn\u00f3stico de que solo es posible hablar de crecimiento si se cristaliza a trav\u00e9s de la inversi\u00f3n y el empleo privados. Sin embargo, repar\u00f3 en que &#8220;los ajustes tienen que ver con el equilibrio fiscal&#8221;, pero que preocupa las prioridades.<\/p>\n\n\n\n<p>&#8220;Las prioridades tienen que ser la salud y la educaci\u00f3n, que en la mayor\u00eda de los casos est\u00e1 en manos de las provincias; pero si se desfinancia a las provincias eso se va a resentir en la vida social de los argentinos&#8221;, expres\u00f3. Sin embargo, se mostr\u00f3 optimista ante la posibilidad de un despegue econ\u00f3mico, pero a\u00fan con resquemor por el estilo pol\u00edtico del libertario. &#8220;Hay una realidad, que el sector productivo y empresarial ve con buenos ojos las pol\u00edticas de bajar los impuestos, pero en la parte pol\u00edtica no genera confianza&#8221;, se\u00f1al\u00f3 y aludi\u00f3 a los vetos.<\/p>\n\n\n\n<p>La semana pasada Milei vet\u00f3 la movilidad jubilatoria en medio de un revuelo pol\u00edtico. Este fin de semana, el Jefe de Estado anunci\u00f3 que correr\u00e1 igual suerte la ley de financiamiento a las universidades nacionales, recientemente sancionada. En Diputados ya hablan de insistir con el proyecto. El presidente del bloque radical en la C\u00e1mara alta, por su parte, anticip\u00f3 que, de ser este el caso, existen grandes posibilidades de que se logren los dos tercios para que la ley no caiga.<\/p>\n\n\n\n<p>&#8220;El Presidente tendr\u00e1 que pensar muy bien si lo veta porque genera un costo pol\u00edtico&#8221;, asegur\u00f3 el radical en di\u00e1logo con el programa Lo bueno, lo malo y lo feo. Y en medio de la pulseada, el Congreso por primera vez en la historia derog\u00f3 un Decreto de Necesidad y Urgencia.<\/p>\n\n\n\n<p>La semana pasada el Senado rechaz\u00f3 por amplia mayor\u00eda la ratificaci\u00f3n del DNU N\u00b0656 que otorgaba $100.000 millones en concepto de fondos reservados a la Secretar\u00eda de Inteligencia de Estado (SIDE). El decreto tuvo el apoyo del correntino Carlos Mauricio &#8220;Camau&#8221; Esp\u00ednola y el rechazo de los dos radicales Gabriela Valenzuela y Vischi.<\/p>\n\n\n\n<p>El presidente de la bancada aleg\u00f3 que como oposici\u00f3n constructiva se acompa\u00f1a lo que se hace bien y lo que no, se debe se\u00f1alar. &#8220;Se emite un Decreto de Necesidad y Urgencia teniendo falencias de procedimiento previo. Las Comisiones Bicamerales de Seguimiento y Control de Inteligencia necesitan saber hacia d\u00f3nde van a ir los fondos porque uno no quiere ser desconfiado, pero muchas veces se utilizan estos recursos para cosas que no son muy buenas. Se han utilizando en el pasado para carpetazos, para investigar a opositores, para presionar a ciertos actores de poder&#8221;, fundament\u00f3.<\/p>\n\n\n\n<p>&#8220;Para nosotros es importante que se explique. El Gobierno decidi\u00f3 que se apruebe y despu\u00e9s se explica. Nosotros decidimos que lo explique y despu\u00e9s se mande&#8221;, sostuvo y enfatiz\u00f3: &#8220;El DNU no puede ser utilizado permanente porque es una excepci\u00f3n. El Congreso est\u00e1 funcionando. El Gobierno deber\u00eda mandar proyectos al Congreso&#8221;.<\/p>\n\n\n\n<p>No obstante, para Vischi es auspicioso que el Presidente retome el contacto directo con los legisladores. &#8220;Esto puede permitir que haya m\u00e1s dialogo y que podamos ponernos de acuerdo. Antes de que emita un Decreto de Necesidad y Urgencia, que pueda mandar el proyecto de ley al Congreso. Esto hace la vida sana, pol\u00edtica y republicana&#8221;, expres\u00f3 el legislador nacional.<\/p>\n\n\n\n<p>eSemanas atr\u00e1s, el diputado nacional por Corrientes, Lisandro Almir\u00f3n, manifest\u00f3 que este ser\u00eda el nuevo tenor de las relaciones del Ejecutivo con el Congreso. Entonces, el integrante del bloque de La Libertad Avanza destac\u00f3 la reuni\u00f3n con los dialoguistas m\u00e1s cercanos, como el PRO y el MID, para blindar el veto de la movilidad jubilatoria.<\/p>\n","protected":false},"excerpt":{"rendered":"<p>Para el presidente del bloque de la UCR en el Senado, es buena se\u00f1al que el Jefe de Estado se siente a la mesa a conversar con los legisladores. Los&hellip; <\/p>\n","protected":false},"author":12,"featured_media":166452,"comment_status":"closed","ping_status":"open","sticky":false,"template":"","format":"standard","meta":{"footnotes":""},"categories":[26,3],"tags":[],"class_list":["post-166448","post","type-post","status-publish","format-standard","has-post-thumbnail","hentry","category-destacados","category-politica"],"_links":{"self":[{"href":"https:\/\/corrientesdetarde.com\/index.php\/wp-json\/wp\/v2\/posts\/166448","targetHints":{"allow":["GET"]}}],"collection":[{"href":"https:\/\/corrientesdetarde.com\/index.php\/wp-json\/wp\/v2\/posts"}],"about":[{"href":"https:\/\/corrientesdetarde.com\/index.php\/wp-json\/wp\/v2\/types\/post"}],"author":[{"embeddable":true,"href":"https:\/\/corrientesdetarde.com\/index.php\/wp-json\/wp\/v2\/users\/12"}],"replies":[{"embeddable":true,"href":"https:\/\/corrientesdetarde.com\/index.php\/wp-json\/wp\/v2\/comments?post=166448"}],"version-history":[{"count":1,"href":"https:\/\/corrientesdetarde.com\/index.php\/wp-json\/wp\/v2\/posts\/166448\/revisions"}],"predecessor-version":[{"id":166453,"href":"https:\/\/corrientesdetarde.com\/index.php\/wp-json\/wp\/v2\/posts\/166448\/revisions\/166453"}],"wp:featuredmedia":[{"embeddable":true,"href":"https:\/\/corrientesdetarde.com\/index.php\/wp-json\/wp\/v2\/media\/166452"}],"wp:attachment":[{"href":"https:\/\/corrientesdetarde.com\/index.php\/wp-json\/wp\/v2\/media?parent=166448"}],"wp:term":[{"taxonomy":"category","embeddable":true,"href":"https:\/\/corrientesdetarde.com\/index.php\/wp-json\/wp\/v2\/categories?post=166448"},{"taxonomy":"post_tag","embeddable":true,"href":"https:\/\/corrientesdetarde.com\/index.php\/wp-json\/wp\/v2\/tags?post=166448"}],"curies":[{"name":"wp","href":"https:\/\/api.w.org\/{rel}","templated":true}]}}