{"id":166462,"date":"2024-09-16T08:46:34","date_gmt":"2024-09-16T11:46:34","guid":{"rendered":"https:\/\/corrientesdetarde.com\/?p=166462"},"modified":"2024-09-16T08:46:39","modified_gmt":"2024-09-16T11:46:39","slug":"presupuesto-2025-las-3-variables-que-serviran-para-evaluar-la-reaccion-de-los-inversores-al-proyecto-de-milei","status":"publish","type":"post","link":"https:\/\/corrientesdetarde.com\/index.php\/economia\/presupuesto-2025-las-3-variables-que-serviran-para-evaluar-la-reaccion-de-los-inversores-al-proyecto-de-milei\/","title":{"rendered":"Presupuesto 2025: las 3 variables que servir\u00e1n para evaluar la reacci\u00f3n de los inversores al proyecto de Milei"},"content":{"rendered":"\n<p>El mercado empezar\u00e1 a leer\u00a0el detalle del Presupuesto 2025\u00a0este lunes para dar sus\u00a0<strong>primeras impresiones<\/strong>\u00a0sobre la propuesta oficial. Si bien todav\u00eda queda por delante el\u00a0<strong>debate legislativo<\/strong>, los inversores comenzar\u00e1n a<strong>\u00a0fijar precios\u00a0<\/strong>a partir de lo que escucharon anoche.<\/p>\n\n\n\n<p>Hay al menos<strong>\u00a0tres variables\u00a0<\/strong>que dar\u00e1n las primeras muestras de la temperatura del humor inversor. La evoluci\u00f3n de todos los activos relacionados con el\u00a0<strong>d\u00f3lar<\/strong>, el\u00a0<strong>riesgo pa\u00eds<\/strong>\u00a0y la cotizaci\u00f3n de los\u00a0<strong>bonos<\/strong>\u00a0soberanos y provinciales.<\/p>\n\n\n\n<p><\/p>\n\n\n\n<h2 class=\"wp-block-heading\">1. La reacci\u00f3n de los d\u00f3lares<\/h2>\n\n\n\n<p>Una de las primeras variables que habr\u00e1 que seguir de cerca a partir de la apertura del mercado es la\u00a0<strong>cotizaci\u00f3n de los d\u00f3lares paralelos<\/strong>, as\u00ed como del\u00a0<strong>d\u00f3lar futuro<\/strong>\u00a0y los\u00a0<strong>bonos<\/strong>\u00a0que ajustan a partir del tipo de cambio oficial.<\/p>\n\n\n\n<p>En el Presupuesto 2025, el Ministerio de Econom\u00eda pronostic\u00f3 que el&nbsp;<strong>d\u00f3lar mayorista cerrar\u00e1 2025 en $1207<\/strong>, lo que significar\u00eda un&nbsp;<strong>aumento de 18,3%<\/strong>&nbsp;durante el pr\u00f3ximo a\u00f1o, al igual que la inflaci\u00f3n proyectada. As\u00ed,&nbsp;<strong>no habr\u00eda salto cambiario&nbsp;<\/strong>en el horizonte del oficialismo. Por eso, los valores en los que se acomode la cotizaci\u00f3n del d\u00f3lar futuro ser\u00e1n fundamentales para verificar si el mercado cree o no en la visi\u00f3n del Presidente.<\/p>\n\n\n\n<figure class=\"wp-block-image\"><img decoding=\"async\" src=\"https:\/\/tn.com.ar\/resizer\/v2\/la-reaccion-de-los-tipos-de-cambio-paralelos-y-el-dolar-futuro-seran-fundamentales-este-lunes-foto-telam-55EQ6XZX5NCKZN2OCIECNYH7BU.jpg?auth=a56a84e74a9630cc8890785f4db506d58f7039b6f9356b5ddbb92b4ed64f8d51&amp;width=767\" alt=\"La reacci\u00f3n de los tipos de cambio paralelos y el d\u00f3lar futuro ser\u00e1n fundamentales este lunes. (Foto: T\u00e9lam).\"\/><figcaption class=\"wp-element-caption\">La reacci\u00f3n de los tipos de cambio paralelos y el d\u00f3lar futuro ser\u00e1n fundamentales este lunes. (Foto: T\u00e9lam).<\/figcaption><\/figure>\n\n\n\n<p>Si bien&nbsp;<strong>no hubo referencias al cepo cambiario&nbsp;<\/strong>y su eventual levantamiento -algo que los inversores y acreedores est\u00e1n esperando- el Presupuesto 2025&nbsp;<a href=\"https:\/\/tn.com.ar\/economia\/2024\/09\/15\/con-equilibrio-fiscal-y-sin-impuesto-pais-lo-que-se-sabe-y-las-incognitas-sobre-el-presupuesto-2025\/\" target=\"_blank\" rel=\"noreferrer noopener\">ya no contempla ingresos por el impuesto PAIS<\/a>, que genera un recargo sobre la compra de d\u00f3lares y los consumos en moneda extranjera.<\/p>\n\n\n\n<p>El Presidente solamente toc\u00f3 el tema cambiario de forma lateral, cuando explic\u00f3 que la funci\u00f3n del Estado es asegurar la estabilidad macroecon\u00f3mica, entendida como la ausencia del d\u00e9ficit fiscal y comercial, as\u00ed como de la inflaci\u00f3n, junto con estabilidad monetaria y cambiaria.<\/p>\n\n\n\n<h2 class=\"wp-block-heading\">2. Bonos soberanos y riesgo pa\u00eds, luego de la se\u00f1al a los bonistas<\/h2>\n\n\n\n<p>Los inversores temen que el Gobierno no pueda hacer frente a sus\u00a0<strong>compromisos de deuda el a\u00f1o que viene<\/strong>. La f\u00f3rmula que propuso el Presidente para\u00a0\u201cblindar\u201d el super\u00e1vit fiscal\u00a0asegura que el Estado argentino podr\u00e1 cancelar los vencimientos de la deuda que, seg\u00fan la consultora\u00a0<em>Outlier<\/em>, suman algo m\u00e1s de\u00a0<strong>US$8700 millones en 2025<\/strong>, entre capital e intereses de los bonos\u00a0<strong>Globales<\/strong>\u00a0y\u00a0<strong>Bonares<\/strong>.<\/p>\n\n\n\n<p>\u201c<strong>El super\u00e1vit va a hacer que la deuda sea sostenible<\/strong>. La sostenibilidad de la deuda<strong>&nbsp;va a bajar el riesgo pa\u00eds<\/strong>, y abaratar el costo financiero, contribuyendo al aumento de la inversi\u00f3n y el ahorro; y en consecuencia al crecimiento econ\u00f3mico y del salario real\u201d, afirm\u00f3 Milei.<\/p>\n\n\n\n<figure class=\"wp-block-image\"><img decoding=\"async\" src=\"https:\/\/tn.com.ar\/resizer\/v2\/el-riesgo-pais-es-inversamente-proporcional-al-precio-de-los-bonos-argentinos-en-wall-street-foto-afpangela-weiss-5K4PI3DYZNC4JGTMNVCMGOAGZI.jpg?auth=680183ca3dd51b44b69c6f9c54ccda214906fd97b6230c7af7561bf438584148&amp;width=767\" alt=\"El riesgo pa\u00eds es inversamente proporcional al precio de los bonos argentinos en Wall Street. (Foto: AFP\/ANGELA WEISS).\"\/><figcaption class=\"wp-element-caption\">El riesgo pa\u00eds es inversamente proporcional al precio de los bonos argentinos en Wall Street. (Foto: AFP\/ANGELA WEISS).<\/figcaption><\/figure>\n\n\n\n<p>A futuro, el mandatario&nbsp;<strong>puntualiz\u00f3 que la vocaci\u00f3n de su Gobierno no es volver a endeudarse<\/strong>, aunque consider\u00f3 que la Argentina tampoco est\u00e1 en condiciones de hacerlo. \u201cLa Argentina, producto de ser el mayor&nbsp;<em>defaulteador<\/em>&nbsp;serial del mundo,&nbsp;<strong>no tiene acceso al cr\u00e9dito<\/strong>, lo que&nbsp;<strong>inhabilita cualquier tipo de endeudamiento a\u00fan si fuera deseable<\/strong>, que nunca lo es\u201d, sostuvo Milei.<\/p>\n\n\n\n<p>El&nbsp;<strong>veredicto<\/strong>&nbsp;de los inversores sobre esta se\u00f1al se ver\u00e1 en el&nbsp;<strong>precio de los bonos soberanos y la evoluci\u00f3n del riesgo pa\u00eds<\/strong>. Si el mercado le crey\u00f3 al Presidente, los t\u00edtulos subir\u00e1n y el indicador que elabora JP Morgan retroceder\u00e1.<\/p>\n\n\n\n<h2 class=\"wp-block-heading\">3. Deuda provincial<\/h2>\n\n\n\n<p>El Presidente sostuvo que\u00a0las provincias todav\u00eda tienen que hacer un ajuste de US$60.000 millones\u00a0para cumplir con el compromiso de bajar el gasto p\u00fablico consolidado a 25 puntos del PBI. En la misma l\u00ednea, sostuvo que el Estado Nacional solo debe hacerse cargo de algunas funciones b\u00e1sicas y destac\u00f3: \u201cCualquier otra cuesti\u00f3n puede resolverse a trav\u00e9s del mercado o es<strong>\u00a0competencia de los gobierno sub-nacionales\u201d<\/strong>.<\/p>\n\n\n\n<p>El&nbsp;<strong>ajuste de las provincias&nbsp;<\/strong>ser\u00e1 otra de las cosas que los inversores estar\u00e1n monitoreando desde este lunes, ya que muchas de las jurisdicciones tienen&nbsp;<strong>deuda emitida&nbsp;<\/strong>que debe pagar&nbsp;<strong>vencimientos por US$2700 millones en 2025<\/strong>. Para poder hacerlo, tendr\u00e1n que ahorrar en otras partidas, as\u00ed como para cumplir con el ajuste que les pide el Ejecutivo.<\/p>\n\n\n\n<figure class=\"wp-block-image\"><img decoding=\"async\" src=\"https:\/\/tn.com.ar\/resizer\/v2\/ricardo-quintela-gobernador-de-la-rioja-que-ya-entro-en-default-este-ano-foto-namarcelo-capece-HXDYGN7SVJBIZGYRF3JUUQUUQU.jpg?auth=28a7ae241eb412bac453305af2180eb466a4e96f12d33640881834aefab1d4f4&amp;width=767\" alt=\"Ricardo Quintela, gobernador de La Rioja, que ya entr\u00f3 en default este a\u00f1o. (Foto: NA\/Marcelo Capece).\"\/><figcaption class=\"wp-element-caption\">Ricardo Quintela, gobernador de La Rioja, que ya entr\u00f3 en default este a\u00f1o. (Foto: NA\/Marcelo Capece).<\/figcaption><\/figure>\n\n\n\n<p>Entre tantos frentes para recortar, podr\u00eda pasar que<strong>\u00a0alguna provincia termine entrando en\u00a0<\/strong><em><strong>default<\/strong><\/em>de su deuda para cubrir otros gastos. A fines de agosto, de hecho,\u00a0La Rioja ya avis\u00f3 que no pagar\u00eda un vencimiento\u00a0de deuda y esta semana\u00a0tuvo un rev\u00e9s judicial en Nueva York\u00a0por un incumplimiento previo.<\/p>\n","protected":false},"excerpt":{"rendered":"<p>El mercado empezar\u00e1 a leer\u00a0el detalle del Presupuesto 2025\u00a0este lunes para dar sus\u00a0primeras impresiones\u00a0sobre la propuesta oficial. Si bien todav\u00eda queda por delante el\u00a0debate legislativo, los inversores comenzar\u00e1n a\u00a0fijar precios\u00a0a&hellip; <\/p>\n","protected":false},"author":12,"featured_media":166471,"comment_status":"closed","ping_status":"open","sticky":false,"template":"","format":"standard","meta":{"footnotes":""},"categories":[20],"tags":[],"class_list":["post-166462","post","type-post","status-publish","format-standard","has-post-thumbnail","hentry","category-economia"],"_links":{"self":[{"href":"https:\/\/corrientesdetarde.com\/index.php\/wp-json\/wp\/v2\/posts\/166462","targetHints":{"allow":["GET"]}}],"collection":[{"href":"https:\/\/corrientesdetarde.com\/index.php\/wp-json\/wp\/v2\/posts"}],"about":[{"href":"https:\/\/corrientesdetarde.com\/index.php\/wp-json\/wp\/v2\/types\/post"}],"author":[{"embeddable":true,"href":"https:\/\/corrientesdetarde.com\/index.php\/wp-json\/wp\/v2\/users\/12"}],"replies":[{"embeddable":true,"href":"https:\/\/corrientesdetarde.com\/index.php\/wp-json\/wp\/v2\/comments?post=166462"}],"version-history":[{"count":1,"href":"https:\/\/corrientesdetarde.com\/index.php\/wp-json\/wp\/v2\/posts\/166462\/revisions"}],"predecessor-version":[{"id":166472,"href":"https:\/\/corrientesdetarde.com\/index.php\/wp-json\/wp\/v2\/posts\/166462\/revisions\/166472"}],"wp:featuredmedia":[{"embeddable":true,"href":"https:\/\/corrientesdetarde.com\/index.php\/wp-json\/wp\/v2\/media\/166471"}],"wp:attachment":[{"href":"https:\/\/corrientesdetarde.com\/index.php\/wp-json\/wp\/v2\/media?parent=166462"}],"wp:term":[{"taxonomy":"category","embeddable":true,"href":"https:\/\/corrientesdetarde.com\/index.php\/wp-json\/wp\/v2\/categories?post=166462"},{"taxonomy":"post_tag","embeddable":true,"href":"https:\/\/corrientesdetarde.com\/index.php\/wp-json\/wp\/v2\/tags?post=166462"}],"curies":[{"name":"wp","href":"https:\/\/api.w.org\/{rel}","templated":true}]}}