{"id":166491,"date":"2024-09-16T10:07:00","date_gmt":"2024-09-16T13:07:00","guid":{"rendered":"https:\/\/corrientesdetarde.com\/?p=166491"},"modified":"2024-09-16T10:07:03","modified_gmt":"2024-09-16T13:07:03","slug":"de-meryl-streep-en-traje-rosa-a-jennifer-aniston-cubierta-de-perlas-todos-los-looks-de-los-emmys-2024","status":"publish","type":"post","link":"https:\/\/corrientesdetarde.com\/index.php\/espectaculos\/de-meryl-streep-en-traje-rosa-a-jennifer-aniston-cubierta-de-perlas-todos-los-looks-de-los-emmys-2024\/","title":{"rendered":"De Meryl Streep en traje rosa a Jennifer Aniston cubierta de perlas, todos los looks de los Emmys 2024"},"content":{"rendered":"\n<h2 class=\"wp-block-heading\">Vestidos al cuerpo, bordados importantes y brillo fueron algunas de las principales consignas de la alfombra roja.<\/h2>\n\n\n\n<p>Las principales estrellas de la televisi\u00f3n se lucieron este domingo en la\u00a0<strong>alfombra roja\u00a0de la gala de los Premios Emmy<\/strong>, que regresan a su horario habitual de septiembre despu\u00e9s de que dos huelgas en Hollywood retrasaran la ceremonia del a\u00f1o pasado a enero.<\/p>\n\n\n\n<p>A continuaci\u00f3n, un repaso a los mejores \u201clooks\u201d vistos en el Peacock Theater de la ciudad estadounidense de Los \u00c1ngeles:<\/p>\n\n\n\n<h2 class=\"wp-block-heading\">El rojo en los Emmys<\/h2>\n\n\n\n<p>El rojo cl\u00e1sico a juego con la alfombra es un eterno ganador del estilismo. La colombiana&nbsp;<strong>Sof\u00eda Vergara<\/strong>, nominada por su interpretaci\u00f3n de una famosa narcotraficante de su pa\u00eds en \u201cGriselda\u201d, luci\u00f3 un strapless de este color firmado por Dolce &amp; Gabbana de escote pronunciado.<\/p>\n\n\n\n<figure class=\"wp-block-image\"><img decoding=\"async\" src=\"https:\/\/tn.com.ar\/resizer\/v2\/sofia-vergara-por-dolce-gabbana-foto-ap-ZP3TLOALUZD5FGOKDMZGQD35RM.jpeg?auth=ace088c2017721f3bfa1ef93e6f9c885ceb7f3381db18eaf69f3d391a9da9445&amp;width=767\" alt=\"Sofia Vergara por Dolce &amp; Gabbana. (Foto: AP)\"\/><figcaption class=\"wp-element-caption\">Sofia Vergara por Dolce &amp; Gabbana. (Foto: AP)<\/figcaption><\/figure>\n\n\n\n<h2 class=\"wp-block-heading\">Negro y azul en la red carpet<\/h2>\n\n\n\n<p>El&nbsp;<strong>elegante negro siempre est\u00e1 presente en los eventos de Hollywood<\/strong>, pero el azul comparti\u00f3 su protagonismo en esta gala de los Emmy.<\/p>\n\n\n\n<p><strong>Selena G\u00f3mez<\/strong>, nominada por primera vez por \u201cOnly Murders in the Building\u201d, deslumbr\u00f3 con un vestido de terciopelo negro de Ralph Lauren con escote halter y cola.<\/p>\n\n\n\n<figure class=\"wp-block-image\"><img decoding=\"async\" src=\"https:\/\/tn.com.ar\/resizer\/v2\/selena-gomez-or-ralph-lauren-foto-afp-UCWWJGEJOZAILFSRWA5BVUUAII.jpeg?auth=7ed77a42f6ceaaf923361ca0d0f1d284981ca5a45fe5fa31c593089930dd287a&amp;width=767\" alt=\"Selena G\u00f3mez or Ralph Lauren. (Foto: AFP)\"\/><figcaption class=\"wp-element-caption\">Selena G\u00f3mez or Ralph Lauren. (Foto: AFP)<\/figcaption><\/figure>\n\n\n\n<p>La doble ganadora del \u00d3scar Jodie Foster, una de las favoritas para llevarse a casa el Emmy a la mejor actriz de miniserie por su actuaci\u00f3n en \u201cTrue Detective: Night Country\u201d, dej\u00f3 a m\u00e1s de uno con la boca abierta gracias a un&nbsp;<strong>vestido azul noche sin mangas de cintur\u00f3n fino y corpi\u00f1o asim\u00e9trico.<\/strong><\/p>\n\n\n\n<figure class=\"wp-block-image\"><img decoding=\"async\" src=\"https:\/\/tn.com.ar\/resizer\/v2\/jodie-foster-de-azul-por-armani-foto-reutersmike-blake-NRR4ROKD3M7Y4X6MIYBXKFPIOI.jpg?auth=05454815ca25bb1438ebcebd872d52e21f974f571f7bb49d35eec27a487e18c0&amp;width=767\" alt=\"Jodie Foster de azul por Armani. (Foto: REUTERS\/Mike Blake)\"\/><figcaption class=\"wp-element-caption\">Jodie Foster de azul por Armani. (Foto: REUTERS\/Mike Blake)<\/figcaption><\/figure>\n\n\n\n<p>Tambi\u00e9n&nbsp;<strong>Brie Larson<\/strong>, nominada en la misma categor\u00eda que Foster por \u201cLecciones de qu\u00edmica\u201d, adopt\u00f3 la tendencia p\u00e9plum -y un \u201clook\u201d muy recatado- con un&nbsp;<strong>traje azul de Chanel<\/strong>&nbsp;con perlas, finos breteles brillantes, falda con volumen y lazo negro en la cintura.<\/p>\n\n\n\n<figure class=\"wp-block-image\"><img decoding=\"async\" src=\"https:\/\/tn.com.ar\/resizer\/v2\/brie-larson-de-chanel-foto-efe-ECVXDJFFIFB3LPDLKU2ASVWSE4.jpeg?auth=3be098126c79b0c6718938ac79a9d53cec0af5f238373001f8775ec1a9b8236f&amp;width=767\" alt=\"Brie Larson de Chanel, (Foto: EFE)\"\/><figcaption class=\"wp-element-caption\">Brie Larson de Chanel, (Foto: EFE)<\/figcaption><\/figure>\n\n\n\n<p>Los tonos plateados y dorados se impusieron por en\u00e9sima vez este a\u00f1o como tendencia en la alfombra roja.<\/p>\n\n\n\n<h2 class=\"wp-block-heading\">Jennifer Aston, de Oscar de la Renta<\/h2>\n\n\n\n<p><strong>Jennifer Aniston<\/strong>, que compite de nuevo en la categor\u00eda de mejor actriz de serie dram\u00e1tica por \u201cThe Morning Show\u201d, reluci\u00f3 con un vestido plateado de \u00d3scar de la Renta con intrincad bordado de perlas.<\/p>\n\n\n\n<figure class=\"wp-block-image\"><img decoding=\"async\" src=\"https:\/\/tn.com.ar\/resizer\/v2\/jennifer-aniston-por-oscar-de-la-renta-foto-ap-ZJCKTLHERVDABCUQOO4SPFU37U.jpeg?auth=99dcd9cbc9b682c08e0544fd189b663cd741a7c3cedd5331c1b22f05a7a4a721&amp;width=767\" alt=\"Jennifer Aniston por Oscar de la Renta. (Foto: AP)\"\/><figcaption class=\"wp-element-caption\">Jennifer Aniston por Oscar de la Renta. (Foto: AP)<\/figcaption><\/figure>\n\n\n\n<p>Llevaba el pelo suelto, un estilo habitual en muchas de las protagonistas de la pantalla chica.<\/p>\n\n\n\n<p>La protagonista de \u201cBridgerton\u201d&nbsp;<strong>Nicola Coughlan<\/strong>, una de las presentadoras de los Emmy esta noche, brill\u00f3 con un traje plateado de lentejuelas de&nbsp;<strong>Prabal Gurung<\/strong>, sin hombros pero con un muy de moda p\u00e9plum esculpido en la cintura.<\/p>\n\n\n\n<figure class=\"wp-block-image\"><img decoding=\"async\" src=\"https:\/\/tn.com.ar\/resizer\/v2\/nicola-coughlan-por-prabal-gurung-foto-efe-F3QTFWO5BJH5RBQXLP45G5LQMU.jpeg?auth=87b3f747912611df174b53be04e1e82868cb44883302ff88292b96c8066f2455&amp;width=767\" alt=\"Nicola Coughlan por Prabal Gurung. (Foto: EFE)\"\/><figcaption class=\"wp-element-caption\">Nicola Coughlan por Prabal Gurung. (Foto: EFE)<\/figcaption><\/figure>\n\n\n\n<h2 class=\"wp-block-heading\">Meryl Streep, de rosa<\/h2>\n\n\n\n<p>Finalmente, la superactriz Meryl Streep, nominada por su trabajo en \u201cOnly Murders in the Building\u201d, gan\u00f3 el premio al mejor \u201clook de moda masculina\u201d con un&nbsp;<strong>traje rosa con chaqueta de doble botonadura y blusa con lazo<\/strong>.<\/p>\n\n\n\n<figure class=\"wp-block-image\"><img decoding=\"async\" src=\"https:\/\/tn.com.ar\/resizer\/v2\/meryl-streep-en-traje-rosa-foto-efe-C4FPODC4EZFCPOXNWIXPZJ2WRI.jpeg?auth=6064b31e6b1dfe12d23e68e7bb28645deb506735905a98eed15d104e7de63ea9&amp;width=767\" alt=\"Meryl Streep en traje rosa. (Foto: EFE)\"\/><figcaption class=\"wp-element-caption\">Meryl Streep en traje rosa. (Foto: EFE)<\/figcaption><\/figure>\n","protected":false},"excerpt":{"rendered":"<p>Vestidos al cuerpo, bordados importantes y brillo fueron algunas de las principales consignas de la alfombra roja. Las principales estrellas de la televisi\u00f3n se lucieron este domingo en la\u00a0alfombra roja\u00a0de&hellip; <\/p>\n","protected":false},"author":12,"featured_media":166511,"comment_status":"closed","ping_status":"open","sticky":false,"template":"","format":"standard","meta":{"footnotes":""},"categories":[19],"tags":[],"class_list":["post-166491","post","type-post","status-publish","format-standard","has-post-thumbnail","hentry","category-espectaculos"],"_links":{"self":[{"href":"https:\/\/corrientesdetarde.com\/index.php\/wp-json\/wp\/v2\/posts\/166491","targetHints":{"allow":["GET"]}}],"collection":[{"href":"https:\/\/corrientesdetarde.com\/index.php\/wp-json\/wp\/v2\/posts"}],"about":[{"href":"https:\/\/corrientesdetarde.com\/index.php\/wp-json\/wp\/v2\/types\/post"}],"author":[{"embeddable":true,"href":"https:\/\/corrientesdetarde.com\/index.php\/wp-json\/wp\/v2\/users\/12"}],"replies":[{"embeddable":true,"href":"https:\/\/corrientesdetarde.com\/index.php\/wp-json\/wp\/v2\/comments?post=166491"}],"version-history":[{"count":1,"href":"https:\/\/corrientesdetarde.com\/index.php\/wp-json\/wp\/v2\/posts\/166491\/revisions"}],"predecessor-version":[{"id":166512,"href":"https:\/\/corrientesdetarde.com\/index.php\/wp-json\/wp\/v2\/posts\/166491\/revisions\/166512"}],"wp:featuredmedia":[{"embeddable":true,"href":"https:\/\/corrientesdetarde.com\/index.php\/wp-json\/wp\/v2\/media\/166511"}],"wp:attachment":[{"href":"https:\/\/corrientesdetarde.com\/index.php\/wp-json\/wp\/v2\/media?parent=166491"}],"wp:term":[{"taxonomy":"category","embeddable":true,"href":"https:\/\/corrientesdetarde.com\/index.php\/wp-json\/wp\/v2\/categories?post=166491"},{"taxonomy":"post_tag","embeddable":true,"href":"https:\/\/corrientesdetarde.com\/index.php\/wp-json\/wp\/v2\/tags?post=166491"}],"curies":[{"name":"wp","href":"https:\/\/api.w.org\/{rel}","templated":true}]}}