{"id":166492,"date":"2024-09-16T10:05:44","date_gmt":"2024-09-16T13:05:44","guid":{"rendered":"https:\/\/corrientesdetarde.com\/?p=166492"},"modified":"2024-09-16T10:05:48","modified_gmt":"2024-09-16T13:05:48","slug":"lavalle-sumara-iluminacion-led","status":"publish","type":"post","link":"https:\/\/corrientesdetarde.com\/index.php\/interior\/lavalle-sumara-iluminacion-led\/","title":{"rendered":"Lavalle sumar\u00e1 iluminaci\u00f3n LED"},"content":{"rendered":"\n<p><strong>El intendente Hugo Perrotta en di\u00e1logo y se refiri\u00f3 a &#8220;las diferentes obras p\u00fablicas municipales y las que son de convenio de cooperaci\u00f3n con el Gobernador que siempre nos da una mano cuando estamos por ejemplo avanzando en un 70 por ciento de 12 viviendas del Plan O\u00f1ondiv\u00e9&#8221;, dijo.<\/strong><\/p>\n\n\n\n<p>&#8220;Al Gobernador le dec\u00edamos que tenemos una plaza triste y queremos iluminaci\u00f3n, as\u00ed que en los pr\u00f3ximos d\u00edas se estar\u00e1 colocando luces Led, juegos, y ponerla en valor para poder tener en ella un lugar de encuentro&#8221;, agreg\u00f3.<\/p>\n\n\n\n<p>Anunci\u00f3 que el jueves, m\u00e1s all\u00e1 de una serie de actividades en las instituciones escolares,&#8221;a la tarde&nbsp;vamos a darle contenido a esos festejos, as\u00ed que se har\u00e1 una charla de Ciberbullying, Delitos inform\u00e1ticos, etc. Para dar herramienta a los chicos de 4.\u00ba y 5.\u00ba a\u00f1o para que est\u00e9n informados al respecto. Se agradece a la Vice gobernaci\u00f3n de Corrientes por la Charla interdisciplinaria en el Polideportivo local&#8221;, adelant\u00f3.<\/p>\n\n\n\n<h3 class=\"wp-block-heading\"><strong>Tras anuncio nacional<\/strong><\/h3>\n\n\n\n<p>&#8220;Creo que los extremos se hacen complicados, en las localidades chicas se hace m\u00e1s dif\u00edcil porque somos dependientes muchas veces de los gobiernos nacionales o provinciales. Nosotros tenemos el caso de la segunda etapa de defensas costeras que ser\u00edan obras complementarias:ya se est\u00e1&nbsp;notando en los pluviales, seguimos insistiendo ante Naci\u00f3n. Lo anunciado anoche nos desalienta porque son obras trascendentales y fundamentales en nuestra localidad. Creo que el lineamiento del Presidente que dice que no son negociables le hace falta la mirada al interior. Nos afecta significativamente&#8221;, opin\u00f3.<\/p>\n","protected":false},"excerpt":{"rendered":"<p>El intendente Hugo Perrotta en di\u00e1logo y se refiri\u00f3 a &#8220;las diferentes obras p\u00fablicas municipales y las que son de convenio de cooperaci\u00f3n con el Gobernador que siempre nos da&hellip; <\/p>\n","protected":false},"author":12,"featured_media":166509,"comment_status":"closed","ping_status":"open","sticky":false,"template":"","format":"standard","meta":{"footnotes":""},"categories":[1658],"tags":[],"class_list":["post-166492","post","type-post","status-publish","format-standard","has-post-thumbnail","hentry","category-interior"],"_links":{"self":[{"href":"https:\/\/corrientesdetarde.com\/index.php\/wp-json\/wp\/v2\/posts\/166492","targetHints":{"allow":["GET"]}}],"collection":[{"href":"https:\/\/corrientesdetarde.com\/index.php\/wp-json\/wp\/v2\/posts"}],"about":[{"href":"https:\/\/corrientesdetarde.com\/index.php\/wp-json\/wp\/v2\/types\/post"}],"author":[{"embeddable":true,"href":"https:\/\/corrientesdetarde.com\/index.php\/wp-json\/wp\/v2\/users\/12"}],"replies":[{"embeddable":true,"href":"https:\/\/corrientesdetarde.com\/index.php\/wp-json\/wp\/v2\/comments?post=166492"}],"version-history":[{"count":1,"href":"https:\/\/corrientesdetarde.com\/index.php\/wp-json\/wp\/v2\/posts\/166492\/revisions"}],"predecessor-version":[{"id":166510,"href":"https:\/\/corrientesdetarde.com\/index.php\/wp-json\/wp\/v2\/posts\/166492\/revisions\/166510"}],"wp:featuredmedia":[{"embeddable":true,"href":"https:\/\/corrientesdetarde.com\/index.php\/wp-json\/wp\/v2\/media\/166509"}],"wp:attachment":[{"href":"https:\/\/corrientesdetarde.com\/index.php\/wp-json\/wp\/v2\/media?parent=166492"}],"wp:term":[{"taxonomy":"category","embeddable":true,"href":"https:\/\/corrientesdetarde.com\/index.php\/wp-json\/wp\/v2\/categories?post=166492"},{"taxonomy":"post_tag","embeddable":true,"href":"https:\/\/corrientesdetarde.com\/index.php\/wp-json\/wp\/v2\/tags?post=166492"}],"curies":[{"name":"wp","href":"https:\/\/api.w.org\/{rel}","templated":true}]}}