{"id":166519,"date":"2024-09-16T10:55:41","date_gmt":"2024-09-16T13:55:41","guid":{"rendered":"https:\/\/corrientesdetarde.com\/?p=166519"},"modified":"2024-09-16T10:55:46","modified_gmt":"2024-09-16T13:55:46","slug":"valdes-inauguro-las-nuevas-oficinas-de-la-direccion-de-catastro","status":"publish","type":"post","link":"https:\/\/corrientesdetarde.com\/index.php\/informacion-general\/valdes-inauguro-las-nuevas-oficinas-de-la-direccion-de-catastro\/","title":{"rendered":"Vald\u00e9s inaugur\u00f3 las nuevas oficinas de la Direcci\u00f3n de Catastro"},"content":{"rendered":"\n<p>Este lunes el gobernador Gustavo Vald\u00e9s inaugur\u00f3 las nuevas oficinas de la Direcci\u00f3n General de Catastro, ubicadas en el Centro Administrativo de Capital. Se trata de un paso m\u00e1s en la modernizaci\u00f3n del Estado que el mandatario traz\u00f3 al comienzo de su gobierno. El mencionado organismo ahora cuenta con un sistema electr\u00f3nico de gesti\u00f3n para un trabajo eficiente y \u00e1gil.<\/p>\n\n\n\n<p>En el marco del acto, tuvo lugar el tradicional corte de cintas para dejar oficialmente inauguradas las flamantes instalaciones y la bendici\u00f3n de las mismas a cargo del padre Sergio Carballo.<\/p>\n\n\n\n<p>Uno de los ejes que se traz\u00f3 esta gesti\u00f3n \u2013coment\u00f3 Vald\u00e9s- fue modernizar el Estado y el funcionamiento de sus organismos. \u201cPerseguir esos objetivos lleva tiempo, esfuerzo, dinero\u201d, agreg\u00f3.<\/p>\n\n\n\n<p>Sobre el antiguo edificio donde se ubicaba Catastro, dijo que \u201chab\u00eda palomas y monta\u00f1as de papeles\u201d, lo que generaba \u201cun ambiente viciado\u201d. \u201cNosotros le llam\u00e1bamos \u2018Cat\u00e1strofe\u2019, porque justamente era una cat\u00e1strofe jur\u00eddica, de ordenamiento, de burocracia y de corrupci\u00f3n\u201d. Sobre esto \u00faltimo ahond\u00f3: \u201cLo que no tiene control tiene corrupci\u00f3n, por eso decidimos modernizarlo, conseguimos financiamiento e invertimos\u201d.<\/p>\n\n\n\n<p>El gobernador puso al Centro Administrativo como \u201calgo impensado para la administraci\u00f3n p\u00fablica\u201d a\u00f1os atr\u00e1s. \u201cHoy los correntinos lo vemos con orgullo, y en poco tiempo m\u00e1s vamos a tener otros tres centros para la transformaci\u00f3n del Estado\u201d.<\/p>\n\n\n\n<p>Tambi\u00e9n mencion\u00f3 que se est\u00e1 refaccionando el edificio donde estaba el Registro de la Propiedad Inmueble. Lo propio se har\u00e1 con el ex edificio de Catastro.<\/p>\n\n\n\n<p>Refiri\u00e9ndose a Catastro, dijo que \u201cnecesitamos un organismo que sea \u00e1gil, donde los profesionales accedan electr\u00f3nicamente a los expedientes\u201d y que se invirti\u00f3 dos millones de d\u00f3lares en el sistema GeoSit. \u201cLe pedimos al personal que trabaje con eficiencia y responsabilidad, porque hay que garantizar uno de los derechos m\u00e1s importantes como lo es el de la propiedad como un bien\u201d, a\u00f1adi\u00f3.<\/p>\n\n\n\n<p><strong>Director Nelson Lencina<\/strong><\/p>\n\n\n\n<p>\u201cEs una alegr\u00eda recibir a todos en esta casa, constituyendo el traslado a estas nuevas oficinas, que significa un paso m\u00e1s hacia una nueva Direcci\u00f3n General de Catastro y Cartograf\u00eda\u201d, expres\u00f3 en primer t\u00e9rmino el titular del organismo, Nelson Lencina.<\/p>\n\n\n\n<p>El funcionario puso de relieve que estas acciones forman parte de una visi\u00f3n general y estrat\u00e9gica impulsada por la gesti\u00f3n del gobernador Gustavo Vald\u00e9s que tiene por objetivo la \u201cmodernizaci\u00f3n y optimizaci\u00f3n en el funcionamiento de todos los organismos provinciales al servicio de los correntinos\u201d.<\/p>\n\n\n\n<p>Continuando, Lencina coment\u00f3 que estar en una nueva casa no \u201cfue una tarea f\u00e1cil, ya que debimos atravesar un proceso de transformaci\u00f3n necesario\u201d.<\/p>\n\n\n\n<p>Y como parte de ese proceso, puntualiz\u00f3 que hubo que alcanzar el pleno y correcto funcionamiento del sistema Geo Sit que facilita a los usuarios externos diferentes tareas a realizar ante el organismo y que brinda control y trazabilidad en los expedientes iniciados, conteniendo una base de datos gr\u00e1fico-alfanum\u00e9rico (las mensuras y sus datos parcelarios) que otorga mayor seguridad jur\u00eddica, todo teniendo en vista al expediente digital.<\/p>\n\n\n\n<p>\u201cA esto le sigui\u00f3 el traslado de los archivos a un lugar adecuado de guarda, archivo y digitalizaci\u00f3n de los mismos, mejorando las condiciones de cuidado y su nuevo orden acelera la b\u00fasqueda de la documentaci\u00f3n\u201d, detall\u00f3 Lencina, acotando que todo ello, m\u00e1s la simplificaci\u00f3n y actualizaci\u00f3n del cuadro tarifario \u201cpermitieron poner al d\u00eda los tr\u00e1mites del organismo\u201d.<\/p>\n\n\n\n<p>Durante el acto, Lencina se dio tiempo agradecer la confianza depositada en su persona de parte del subsecretario de Hacienda, Patricio Carando, que en \u201ctodo momento prest\u00f3 su colaboraci\u00f3n incansable para alcanzar los objetivos antes mencionados\u201d.<\/p>\n\n\n\n<p>Para concluir, Lencina hizo una menci\u00f3n especial para todo el personal del organismo, quienes \u201casumieron la responsabilidad y el compromiso ante los desaf\u00edos y objetivos planteados\u201d.<\/p>\n\n\n\n<p><strong>Presencias<\/strong><\/p>\n\n\n\n<p>Asistieron al acto, el ministro de Hacienda y Finanzas, Marcelo Rivas Piasentini; ministros, secretarios y subsecretarios del Gabinete provincial; legisladores; la subdirectora de Catastro y Cartograf\u00eda, Fiamma Acquarone; el presidente del Concejo Deliberante, Marcos Amarilla, personal del organismo y dem\u00e1s autoridades.<\/p>\n\n\n\n<figure class=\"wp-block-gallery has-nested-images columns-default is-cropped wp-block-gallery-1 is-layout-flex wp-block-gallery-is-layout-flex\">\n<figure class=\"wp-block-image size-large\"><img loading=\"lazy\" decoding=\"async\" width=\"1024\" height=\"682\" data-id=\"166534\" src=\"https:\/\/corrientesdetarde.com\/wp-content\/uploads\/2024\/09\/imagen-90853-1-1024x682.jpg\" alt=\"\" class=\"wp-image-166534\" srcset=\"https:\/\/corrientesdetarde.com\/wp-content\/uploads\/2024\/09\/imagen-90853-1-1024x682.jpg 1024w, https:\/\/corrientesdetarde.com\/wp-content\/uploads\/2024\/09\/imagen-90853-1-300x200.jpg 300w, https:\/\/corrientesdetarde.com\/wp-content\/uploads\/2024\/09\/imagen-90853-1-768x512.jpg 768w, https:\/\/corrientesdetarde.com\/wp-content\/uploads\/2024\/09\/imagen-90853-1-1536x1023.jpg 1536w, https:\/\/corrientesdetarde.com\/wp-content\/uploads\/2024\/09\/imagen-90853-1.jpg 1600w\" sizes=\"auto, (max-width: 1024px) 100vw, 1024px\" \/><\/figure>\n\n\n\n<figure class=\"wp-block-image size-large\"><img loading=\"lazy\" decoding=\"async\" width=\"1024\" height=\"682\" data-id=\"166533\" src=\"https:\/\/corrientesdetarde.com\/wp-content\/uploads\/2024\/09\/imagen-90851-1-1024x682.jpg\" alt=\"\" class=\"wp-image-166533\" srcset=\"https:\/\/corrientesdetarde.com\/wp-content\/uploads\/2024\/09\/imagen-90851-1-1024x682.jpg 1024w, https:\/\/corrientesdetarde.com\/wp-content\/uploads\/2024\/09\/imagen-90851-1-300x200.jpg 300w, https:\/\/corrientesdetarde.com\/wp-content\/uploads\/2024\/09\/imagen-90851-1-768x512.jpg 768w, https:\/\/corrientesdetarde.com\/wp-content\/uploads\/2024\/09\/imagen-90851-1-1536x1023.jpg 1536w, https:\/\/corrientesdetarde.com\/wp-content\/uploads\/2024\/09\/imagen-90851-1.jpg 1600w\" sizes=\"auto, (max-width: 1024px) 100vw, 1024px\" \/><\/figure>\n<\/figure>\n","protected":false},"excerpt":{"rendered":"<p>Este lunes el gobernador Gustavo Vald\u00e9s inaugur\u00f3 las nuevas oficinas de la Direcci\u00f3n General de Catastro, ubicadas en el Centro Administrativo de Capital. Se trata de un paso m\u00e1s en&hellip; <\/p>\n","protected":false},"author":12,"featured_media":166535,"comment_status":"closed","ping_status":"open","sticky":false,"template":"","format":"standard","meta":{"footnotes":""},"categories":[1],"tags":[],"class_list":["post-166519","post","type-post","status-publish","format-standard","has-post-thumbnail","hentry","category-informacion-general"],"_links":{"self":[{"href":"https:\/\/corrientesdetarde.com\/index.php\/wp-json\/wp\/v2\/posts\/166519","targetHints":{"allow":["GET"]}}],"collection":[{"href":"https:\/\/corrientesdetarde.com\/index.php\/wp-json\/wp\/v2\/posts"}],"about":[{"href":"https:\/\/corrientesdetarde.com\/index.php\/wp-json\/wp\/v2\/types\/post"}],"author":[{"embeddable":true,"href":"https:\/\/corrientesdetarde.com\/index.php\/wp-json\/wp\/v2\/users\/12"}],"replies":[{"embeddable":true,"href":"https:\/\/corrientesdetarde.com\/index.php\/wp-json\/wp\/v2\/comments?post=166519"}],"version-history":[{"count":1,"href":"https:\/\/corrientesdetarde.com\/index.php\/wp-json\/wp\/v2\/posts\/166519\/revisions"}],"predecessor-version":[{"id":166536,"href":"https:\/\/corrientesdetarde.com\/index.php\/wp-json\/wp\/v2\/posts\/166519\/revisions\/166536"}],"wp:featuredmedia":[{"embeddable":true,"href":"https:\/\/corrientesdetarde.com\/index.php\/wp-json\/wp\/v2\/media\/166535"}],"wp:attachment":[{"href":"https:\/\/corrientesdetarde.com\/index.php\/wp-json\/wp\/v2\/media?parent=166519"}],"wp:term":[{"taxonomy":"category","embeddable":true,"href":"https:\/\/corrientesdetarde.com\/index.php\/wp-json\/wp\/v2\/categories?post=166519"},{"taxonomy":"post_tag","embeddable":true,"href":"https:\/\/corrientesdetarde.com\/index.php\/wp-json\/wp\/v2\/tags?post=166519"}],"curies":[{"name":"wp","href":"https:\/\/api.w.org\/{rel}","templated":true}]}}