{"id":166521,"date":"2024-09-16T10:49:57","date_gmt":"2024-09-16T13:49:57","guid":{"rendered":"https:\/\/corrientesdetarde.com\/?p=166521"},"modified":"2024-09-16T11:33:20","modified_gmt":"2024-09-16T14:33:20","slug":"ferias-conectadas-reunio-mas-de-70-emprendedoresde-corrientes-y-resistencia","status":"publish","type":"post","link":"https:\/\/corrientesdetarde.com\/index.php\/sociales\/ferias-conectadas-reunio-mas-de-70-emprendedoresde-corrientes-y-resistencia\/","title":{"rendered":"\u201cFerias Conectadas\u201d reuni\u00f3 m\u00e1s de 70 emprendedores de Corrientes y Resistencia"},"content":{"rendered":"\n<p><br><br><em>En un ambiente de intercambio y colaboraci\u00f3n, productores y artesanos de las dos ciudades expusieron y comercializaron sus productos en el Paseo Arazaty. El segundo encuentro ser\u00e1, esta vez, el 6 de octubre en la plaza 25 de mayo en Resistencia, donde los correntinos ser\u00e1n los invitados.&nbsp;<\/em><\/p>\n\n\n\n<p>Este domingo se llev\u00f3 a cabo la primera edici\u00f3n del evento &#8220;Ferias Conectadas&#8221;, organizado en conjunto por las municipalidades de Corrientes y Resistencia. El Paseo Arazaty fue el escenario donde m\u00e1s de 70 emprendedores y artesanos de ambas ciudades expusieron sus creaciones en un ambiente de intercambio y colaboraci\u00f3n, brindando a los visitantes una experiencia \u00fanica que incluy\u00f3 la posibilidad de adquirir artesan\u00edas, productos frescos y disfrutar de gastronom\u00eda, m\u00fasica en vivo y una exhibici\u00f3n de autos cl\u00e1sicos.<br><br>Francisco Ingaramo, secretario de Desarrollo Econ\u00f3mico del municipio de Corrientes, destac\u00f3 la importancia del evento: &#8220;Contamos con m\u00e1s de 70 feriantes de Corrientes y Resistencia&#8221;, y resalt\u00f3 adem\u00e1s: &#8220;Trabajamos con muchos emprendedores que nos solicitan m\u00e1s espacios, y seis de los siete d\u00edas de la semana tenemos Ferias en la Ciudad. Aqu\u00ed en la Costanera, donde hay mucha afluencia de gente, seguimos ofreciendo oportunidades de desarrollo y crecimiento para que puedan vender sus productos\u201d.<br><br>Al mismo tiempo, adelant\u00f3: \u201cEstamos muy contentos de trabajar junto con Resistencia, y el pr\u00f3ximo 6 de octubre estaremos llevando nuestros feriantes a su ciudad para seguir potenciando este espacio&#8221;.<br><br>Tambi\u00e9n se\u00f1al\u00f3 otras acciones que se vienen llegando adelante desde la Secretar\u00eda de Desarrollo Econ\u00f3mico para los emprendedores y para el desarrollo de otros sectores, como la econom\u00eda del conocimiento.&nbsp;<br><br>Al respecto, anticip\u00f3 que est\u00e1n preparando un nuevo ciclo de capacitaciones, vinculadas al programa &#8220;Chicas Programadoras&#8221;, al igual que convenios, formaci\u00f3n e investigaci\u00f3n en Inteligencia Artificial y Programaci\u00f3n. &#8220;Buscamos potenciar y seguir generando oportunidades para que todos los correntinos puedan desarrollarse en su ciudad&#8221;, asegur\u00f3.&nbsp;<br><br>BALANCE POSITIVO<br>Por su parte, Adriana Alem, coordinadora de Econom\u00eda Social de la Municipalidad de Resistencia, se mostr\u00f3 muy satisfecha con la convocatoria: &#8220;Esta primera edici\u00f3n de Ferias Conectadas nos permite que los artesanos de Resistencia y Corrientes intercambien saberes y productos. Tenemos 15 artesanos de nuestra ciudad participando, muchos de ellos visitando por primera vez el Paseo Arazaty. Ya estamos planificando la segunda edici\u00f3n, que se realizar\u00e1 en la Plaza 25 de Mayo de Resistencia&#8221;.<br><br>Ambos funcionarios reconocieron que esta feria es una vidriera para que emprendedores y artesanos puedan exponer y comercializar sus productos en un espacio gratuito, algo que es muy importante y destacable, en el contexto econ\u00f3mico actual.<br><br>La jornada finaliz\u00f3 con la confirmaci\u00f3n de que las &#8220;Ferias Conectadas&#8221; continuar\u00e1n promoviendo el intercambio cultural y econ\u00f3mico entre ambas ciudades, reforzando los lazos entre los emprendedores y brindando nuevas oportunidades de crecimiento. La pr\u00f3xima edici\u00f3n est\u00e1 programada para el 6 de octubre en Resistencia, prometiendo un espacio igual de din\u00e1mico y enriquecedor.<\/p>\n\n\n\n<figure class=\"wp-block-gallery has-nested-images columns-default is-cropped wp-block-gallery-1 is-layout-flex wp-block-gallery-is-layout-flex\">\n<figure class=\"wp-block-image size-large\"><img loading=\"lazy\" decoding=\"async\" width=\"1024\" height=\"682\" data-id=\"166527\" src=\"https:\/\/corrientesdetarde.com\/wp-content\/uploads\/2024\/09\/33aa3319-5a1f-bfb6-5636-6ef7d7ec384a-1-1024x682.jpg\" alt=\"\" class=\"wp-image-166527\" srcset=\"https:\/\/corrientesdetarde.com\/wp-content\/uploads\/2024\/09\/33aa3319-5a1f-bfb6-5636-6ef7d7ec384a-1-1024x682.jpg 1024w, https:\/\/corrientesdetarde.com\/wp-content\/uploads\/2024\/09\/33aa3319-5a1f-bfb6-5636-6ef7d7ec384a-1-300x200.jpg 300w, https:\/\/corrientesdetarde.com\/wp-content\/uploads\/2024\/09\/33aa3319-5a1f-bfb6-5636-6ef7d7ec384a-1-768x512.jpg 768w, https:\/\/corrientesdetarde.com\/wp-content\/uploads\/2024\/09\/33aa3319-5a1f-bfb6-5636-6ef7d7ec384a-1.jpg 1280w\" sizes=\"auto, (max-width: 1024px) 100vw, 1024px\" \/><\/figure>\n\n\n\n<figure class=\"wp-block-image size-large\"><img loading=\"lazy\" decoding=\"async\" width=\"1024\" height=\"682\" data-id=\"166522\" src=\"https:\/\/corrientesdetarde.com\/wp-content\/uploads\/2024\/09\/41fb13d9-3c39-fa15-3f11-8c2f9b7c0bbc-1024x682.jpg\" alt=\"\" class=\"wp-image-166522\" srcset=\"https:\/\/corrientesdetarde.com\/wp-content\/uploads\/2024\/09\/41fb13d9-3c39-fa15-3f11-8c2f9b7c0bbc-1024x682.jpg 1024w, https:\/\/corrientesdetarde.com\/wp-content\/uploads\/2024\/09\/41fb13d9-3c39-fa15-3f11-8c2f9b7c0bbc-300x200.jpg 300w, https:\/\/corrientesdetarde.com\/wp-content\/uploads\/2024\/09\/41fb13d9-3c39-fa15-3f11-8c2f9b7c0bbc-768x512.jpg 768w, https:\/\/corrientesdetarde.com\/wp-content\/uploads\/2024\/09\/41fb13d9-3c39-fa15-3f11-8c2f9b7c0bbc.jpg 1280w\" sizes=\"auto, (max-width: 1024px) 100vw, 1024px\" \/><\/figure>\n\n\n\n<figure class=\"wp-block-image size-large\"><img loading=\"lazy\" decoding=\"async\" width=\"1024\" height=\"682\" data-id=\"166524\" src=\"https:\/\/corrientesdetarde.com\/wp-content\/uploads\/2024\/09\/a49b5445-ae50-7bec-c2ee-a623c101e691-1024x682.jpg\" alt=\"\" class=\"wp-image-166524\" srcset=\"https:\/\/corrientesdetarde.com\/wp-content\/uploads\/2024\/09\/a49b5445-ae50-7bec-c2ee-a623c101e691-1024x682.jpg 1024w, https:\/\/corrientesdetarde.com\/wp-content\/uploads\/2024\/09\/a49b5445-ae50-7bec-c2ee-a623c101e691-300x200.jpg 300w, https:\/\/corrientesdetarde.com\/wp-content\/uploads\/2024\/09\/a49b5445-ae50-7bec-c2ee-a623c101e691-768x512.jpg 768w, https:\/\/corrientesdetarde.com\/wp-content\/uploads\/2024\/09\/a49b5445-ae50-7bec-c2ee-a623c101e691.jpg 1280w\" sizes=\"auto, (max-width: 1024px) 100vw, 1024px\" \/><\/figure>\n\n\n\n<figure class=\"wp-block-image size-large\"><img loading=\"lazy\" decoding=\"async\" width=\"1024\" height=\"682\" data-id=\"166525\" src=\"https:\/\/corrientesdetarde.com\/wp-content\/uploads\/2024\/09\/069457fb-7c00-4b0c-d3ed-c73a50547946-1024x682.jpg\" alt=\"\" class=\"wp-image-166525\" srcset=\"https:\/\/corrientesdetarde.com\/wp-content\/uploads\/2024\/09\/069457fb-7c00-4b0c-d3ed-c73a50547946-1024x682.jpg 1024w, https:\/\/corrientesdetarde.com\/wp-content\/uploads\/2024\/09\/069457fb-7c00-4b0c-d3ed-c73a50547946-300x200.jpg 300w, https:\/\/corrientesdetarde.com\/wp-content\/uploads\/2024\/09\/069457fb-7c00-4b0c-d3ed-c73a50547946-768x512.jpg 768w, https:\/\/corrientesdetarde.com\/wp-content\/uploads\/2024\/09\/069457fb-7c00-4b0c-d3ed-c73a50547946.jpg 1280w\" sizes=\"auto, (max-width: 1024px) 100vw, 1024px\" \/><\/figure>\n<\/figure>\n","protected":false},"excerpt":{"rendered":"<p>En un ambiente de intercambio y colaboraci\u00f3n, productores y artesanos de las dos ciudades expusieron y comercializaron sus productos en el Paseo Arazaty. El segundo encuentro ser\u00e1, esta vez, el&hellip; <\/p>\n","protected":false},"author":12,"featured_media":166526,"comment_status":"closed","ping_status":"open","sticky":false,"template":"","format":"standard","meta":{"footnotes":""},"categories":[17],"tags":[],"class_list":["post-166521","post","type-post","status-publish","format-standard","has-post-thumbnail","hentry","category-sociales"],"_links":{"self":[{"href":"https:\/\/corrientesdetarde.com\/index.php\/wp-json\/wp\/v2\/posts\/166521","targetHints":{"allow":["GET"]}}],"collection":[{"href":"https:\/\/corrientesdetarde.com\/index.php\/wp-json\/wp\/v2\/posts"}],"about":[{"href":"https:\/\/corrientesdetarde.com\/index.php\/wp-json\/wp\/v2\/types\/post"}],"author":[{"embeddable":true,"href":"https:\/\/corrientesdetarde.com\/index.php\/wp-json\/wp\/v2\/users\/12"}],"replies":[{"embeddable":true,"href":"https:\/\/corrientesdetarde.com\/index.php\/wp-json\/wp\/v2\/comments?post=166521"}],"version-history":[{"count":2,"href":"https:\/\/corrientesdetarde.com\/index.php\/wp-json\/wp\/v2\/posts\/166521\/revisions"}],"predecessor-version":[{"id":166541,"href":"https:\/\/corrientesdetarde.com\/index.php\/wp-json\/wp\/v2\/posts\/166521\/revisions\/166541"}],"wp:featuredmedia":[{"embeddable":true,"href":"https:\/\/corrientesdetarde.com\/index.php\/wp-json\/wp\/v2\/media\/166526"}],"wp:attachment":[{"href":"https:\/\/corrientesdetarde.com\/index.php\/wp-json\/wp\/v2\/media?parent=166521"}],"wp:term":[{"taxonomy":"category","embeddable":true,"href":"https:\/\/corrientesdetarde.com\/index.php\/wp-json\/wp\/v2\/categories?post=166521"},{"taxonomy":"post_tag","embeddable":true,"href":"https:\/\/corrientesdetarde.com\/index.php\/wp-json\/wp\/v2\/tags?post=166521"}],"curies":[{"name":"wp","href":"https:\/\/api.w.org\/{rel}","templated":true}]}}