{"id":166566,"date":"2024-09-16T13:33:30","date_gmt":"2024-09-16T16:33:30","guid":{"rendered":"https:\/\/corrientesdetarde.com\/?p=166566"},"modified":"2024-09-16T13:33:35","modified_gmt":"2024-09-16T16:33:35","slug":"salud-publica-sensibiliza-en-el-dia-de-la-seguridad-del-paciente","status":"publish","type":"post","link":"https:\/\/corrientesdetarde.com\/index.php\/bienestar-y-salud\/salud-publica-sensibiliza-en-el-dia-de-la-seguridad-del-paciente\/","title":{"rendered":"Salud P\u00fablica sensibiliza en\u00a0el D\u00eda de la Seguridad del Paciente"},"content":{"rendered":"\n<p><em>En el marco de la fecha a nivel mundial, se precis\u00f3 c\u00f3mo se est\u00e1 trabajando en los hospitales para fortalecer la calidad sanitaria. En las distintas instituciones se cuenta con comit\u00e9s de evaluaci\u00f3n.<\/em><\/p>\n\n\n\n<p>Cada 17 de septiembre, se conmemora el D\u00eda Mundial de la Seguridad del Paciente. El objetivo de esta fecha es sensibilizar a la opini\u00f3n p\u00fablica y fomentar la colaboraci\u00f3n entre pacientes, personal de salud, responsables pol\u00edticos y gestores del \u00e1mbito de la atenci\u00f3n para mejorar la seguridad de las personas. En este marco, el Ministerio de Salud P\u00fablica, a cargo de Ricardo Cardozo, a trav\u00e9s de la Direcci\u00f3n de Calidad, que coordina Fabi\u00e1n Plano, precis\u00f3 las tareas que se llevan adelante al respecto.<\/p>\n\n\n\n<p>\u201cEn todos los hospitales de la Capital tenemos conformado un Comit\u00e9 de Calidad y Seguridad de Pacientes, quienes a su vez han hecho su grilla de autoevaluaci\u00f3n y est\u00e1n trabajando en planes de mejora y acciones con el nivel central. Lo mismo se est\u00e1 haciendo en los Centros de Atenci\u00f3n Primaria de la Salud (CAPS), y en el sector privado la respuesta es m\u00e1s heterog\u00e9nea\u201d, coment\u00f3&nbsp;Fabi\u00e1n Plano, director de Calidad de Salud P\u00fablica y agreg\u00f3 que tambi\u00e9n se est\u00e1 trabajando con la Subsecretar\u00eda de Atenci\u00f3n Primaria de la Salud (APS).<\/p>\n\n\n\n<p>La Provincia, viene trabajando a trav\u00e9s del Ministerio en la calidad de atenci\u00f3n y seguridad del paciente desde hace mucho tiempo, en el \u00faltimo a\u00f1o se intensificaron las acciones en relaci\u00f3n a ello. Los profesionales de la salud se desempe\u00f1an en conjunto con Naci\u00f3n y tambi\u00e9n con referentes regionales. Hay espacios colaborativos donde se intercambian experiencias.<\/p>\n\n\n\n<p>Las tareas diarias van \u201cdesde la identificaci\u00f3n del paciente, pasando por la prevenci\u00f3n de infecciones asociadas al cuidado de la salud hasta el total de los procesos en todos los servicios que prevean da\u00f1os evitables a los pacientes y trabajadores de la salud\u201d. Se realiza, \u201cuna lista de verificaci\u00f3n de quir\u00f3fanos; equipamientos; suministro de medicamentos en farmacia y eventos adversos de todo tipo\u201d.<\/p>\n\n\n\n<p>\u201cTodas las provincias, a trav\u00e9s de sus referentes, nos reunimos mensualmente y estamos en varios grupos de trabajo con la Direcci\u00f3n Nacional de Seguridad y Calidad en Salud. Ellos nos van dando charlas y coordinamos acciones. Tambi\u00e9n ellos conforman un mapa de calidad que depende de un proceso de calificaci\u00f3n. Los hospitales tienen que tener cierta caracter\u00edstica para adquirir niveles de seguridad y calidad. Por este motivo, estamos trabajando en el nivel p\u00fablico y privado\u201d, explic\u00f3 Plano.<\/p>\n\n\n\n<p>En cada hospital hay uno o dos referentes que trabajan en este objetivo y que a la vez conforman un grupo con la Direcci\u00f3n de Calidad del ministerio.<\/p>\n\n\n\n<p>\u201cEse grupo de trabajo sigue lineamientos de la Red Federal de Calidad con caracter\u00edsticas locales, seg\u00fan nuestras prioridades. De estas reuniones, surgen dos o tres acciones fundamentales: formar los comit\u00e9s de calidad y seguridad en cada hospital conformada por directores, administrativos de jerarqu\u00eda, enfermeros, jefes de departamentos y servicios; y la elaboraci\u00f3n de grillas de autoevaluaci\u00f3n donde cada instituci\u00f3n trabaja en unos 60 puntos diferentes en cuanto a procesos, estructuras y recursos humanos. Ah\u00ed se ve la radiograf\u00eda completa de la instituci\u00f3n y se comunica al nivel central\u201d, dijo Plano.&nbsp;<\/p>\n\n\n\n<p>El director de Calidad, record\u00f3 que \u201cel 17 se conmemora el D\u00eda Mundial de la Seguridad del Paciente y de los trabajadores en salud, el lema este a\u00f1o tiene que ver con resaltar que cuidando a los que cuidan a otros, la seguridad ser\u00e1 mejor\u201d. Agreg\u00f3 que \u201ctambi\u00e9n, est\u00e1 habiendo una apertura en lo que respecta a la humanizaci\u00f3n de familiares y pacientes, que pueden participar en comit\u00e9s para dar sus ideas\u201d.<\/p>\n\n\n\n<p>La fecha fue establecida en la 72\u00ba Asamblea celebrada en 2019 y es uno de los d\u00edas mundiales de la salud p\u00fablica que organiza la Organizaci\u00f3n Mundial de la Salud.<\/p>\n\n\n\n<p>Cabe destacar que distintas instituciones como por ejemplo el hospital J. R. Vidal y el Ministerio se iluminar\u00e1n de naranja para conmemorar este d\u00eda.<\/p>\n\n\n\n<figure class=\"wp-block-image size-full\"><img loading=\"lazy\" decoding=\"async\" width=\"850\" height=\"566\" src=\"https:\/\/corrientesdetarde.com\/wp-content\/uploads\/2024\/09\/image-544.png\" alt=\"\" class=\"wp-image-166568\" srcset=\"https:\/\/corrientesdetarde.com\/wp-content\/uploads\/2024\/09\/image-544.png 850w, https:\/\/corrientesdetarde.com\/wp-content\/uploads\/2024\/09\/image-544-300x200.png 300w, https:\/\/corrientesdetarde.com\/wp-content\/uploads\/2024\/09\/image-544-768x511.png 768w\" sizes=\"auto, (max-width: 850px) 100vw, 850px\" \/><\/figure>\n","protected":false},"excerpt":{"rendered":"<p>En el marco de la fecha a nivel mundial, se precis\u00f3 c\u00f3mo se est\u00e1 trabajando en los hospitales para fortalecer la calidad sanitaria. En las distintas instituciones se cuenta con&hellip; <\/p>\n","protected":false},"author":8,"featured_media":166567,"comment_status":"closed","ping_status":"open","sticky":false,"template":"","format":"standard","meta":{"footnotes":""},"categories":[16],"tags":[],"class_list":["post-166566","post","type-post","status-publish","format-standard","has-post-thumbnail","hentry","category-bienestar-y-salud"],"_links":{"self":[{"href":"https:\/\/corrientesdetarde.com\/index.php\/wp-json\/wp\/v2\/posts\/166566","targetHints":{"allow":["GET"]}}],"collection":[{"href":"https:\/\/corrientesdetarde.com\/index.php\/wp-json\/wp\/v2\/posts"}],"about":[{"href":"https:\/\/corrientesdetarde.com\/index.php\/wp-json\/wp\/v2\/types\/post"}],"author":[{"embeddable":true,"href":"https:\/\/corrientesdetarde.com\/index.php\/wp-json\/wp\/v2\/users\/8"}],"replies":[{"embeddable":true,"href":"https:\/\/corrientesdetarde.com\/index.php\/wp-json\/wp\/v2\/comments?post=166566"}],"version-history":[{"count":1,"href":"https:\/\/corrientesdetarde.com\/index.php\/wp-json\/wp\/v2\/posts\/166566\/revisions"}],"predecessor-version":[{"id":166569,"href":"https:\/\/corrientesdetarde.com\/index.php\/wp-json\/wp\/v2\/posts\/166566\/revisions\/166569"}],"wp:featuredmedia":[{"embeddable":true,"href":"https:\/\/corrientesdetarde.com\/index.php\/wp-json\/wp\/v2\/media\/166567"}],"wp:attachment":[{"href":"https:\/\/corrientesdetarde.com\/index.php\/wp-json\/wp\/v2\/media?parent=166566"}],"wp:term":[{"taxonomy":"category","embeddable":true,"href":"https:\/\/corrientesdetarde.com\/index.php\/wp-json\/wp\/v2\/categories?post=166566"},{"taxonomy":"post_tag","embeddable":true,"href":"https:\/\/corrientesdetarde.com\/index.php\/wp-json\/wp\/v2\/tags?post=166566"}],"curies":[{"name":"wp","href":"https:\/\/api.w.org\/{rel}","templated":true}]}}