{"id":166570,"date":"2024-09-16T13:35:52","date_gmt":"2024-09-16T16:35:52","guid":{"rendered":"https:\/\/corrientesdetarde.com\/?p=166570"},"modified":"2024-09-16T13:35:56","modified_gmt":"2024-09-16T16:35:56","slug":"la-provincia-restaura-integralmente-la-fechada-de-la-catedral-de-corrientes","status":"publish","type":"post","link":"https:\/\/corrientesdetarde.com\/index.php\/informacion-general\/la-provincia-restaura-integralmente-la-fechada-de-la-catedral-de-corrientes\/","title":{"rendered":"La Provincia restaura integralmente la fechada\u00a0 de la Catedral de Corrientes"},"content":{"rendered":"\n<p>El Gobierno Provincial comenz\u00f3 la refacci\u00f3n de la fachada e iluminaci\u00f3n exterior de la iglesia Catedral \u201cNuestra Se\u00f1ora del Rosario\u201d ante la presencia de fisuras en sus paredes y el deterioro de revoques y molduras.<\/p>\n\n\n\n<p>&nbsp;Estos trabajos, dispuestos por el propio gobernador Gustavo Vald\u00e9s,&nbsp; los emprende el Ministerio de Obras y Servicios P\u00fablicos, a trav\u00e9s de la Direcci\u00f3n de Planificaci\u00f3n y Obras (DPO) que cuentan con un plazo de ejecuci\u00f3n de ocho meses.<\/p>\n\n\n\n<p>&nbsp;Las obras abarcan la reparaci\u00f3n de las superficies de revoques da\u00f1adas, cornisas y molduras que se hab\u00edan ca\u00eddo. Con esta reconstrucci\u00f3n se realizar\u00e1n trabajos de pintura integral en todo el exterior, as\u00ed como el sellado impermeabilizante de las c\u00fapulas de los campanarios y la azotea sobre el acceso a la tradicional Catedral, sita en Hip\u00f3lito Yrigoyen entre San Lorenzo y Santa Fe de la ciudad Capital.&nbsp;<\/p>\n\n\n\n<p>Las obras se ejecutan sobre lo que es el frente, fachada, atrio y campanario e incluyen el &nbsp;recambio de pisos, m\u00e1rmoles, pinturas, umbrales y la &nbsp;iluminaci\u00f3n est\u00e9tica y ornamental.&nbsp;<\/p>\n\n\n\n<p>Tambi\u00e9n se pintar\u00e1 \u00edntegramente toda la fachada completa del edificio, incluido las torres del frente, el atrio, la columnata exterior y los muros de acceso a la cochera y secretar\u00eda, procediendo adem\u00e1s el &nbsp;mantenimiento a las aberturas.&nbsp;<\/p>\n\n\n\n<p>En este sentido, se destac\u00f3 que se prev\u00e9 la demolici\u00f3n y posterior ejecuci\u00f3n a nuevo de la totalidad del piso del atrio y peristilo, como tambi\u00e9n el pavimento para circulaci\u00f3n vehicular de ingreso a la cochera del templo.<\/p>\n\n\n\n<p>En el monumento a Ber\u00f3n de Astrada ubicado en el atrio, se instalar\u00e1 nueva iluminaci\u00f3n ornamental as\u00ed como &nbsp;en las torres del frente.&nbsp;<\/p>\n\n\n\n<p>La obra tiene un plazo de ejecuci\u00f3n de 240 d\u00edas y un presupuesto de alrededor de 254 millones de pesos.<\/p>\n\n\n\n<figure class=\"wp-block-image size-large\"><img loading=\"lazy\" decoding=\"async\" width=\"1024\" height=\"683\" src=\"https:\/\/corrientesdetarde.com\/wp-content\/uploads\/2024\/09\/image-546-1024x683.png\" alt=\"\" class=\"wp-image-166572\" srcset=\"https:\/\/corrientesdetarde.com\/wp-content\/uploads\/2024\/09\/image-546-1024x683.png 1024w, https:\/\/corrientesdetarde.com\/wp-content\/uploads\/2024\/09\/image-546-300x200.png 300w, https:\/\/corrientesdetarde.com\/wp-content\/uploads\/2024\/09\/image-546-768x512.png 768w, https:\/\/corrientesdetarde.com\/wp-content\/uploads\/2024\/09\/image-546-1536x1024.png 1536w, https:\/\/corrientesdetarde.com\/wp-content\/uploads\/2024\/09\/image-546.png 1600w\" sizes=\"auto, (max-width: 1024px) 100vw, 1024px\" \/><\/figure>\n\n\n\n<figure class=\"wp-block-image size-large\"><img loading=\"lazy\" decoding=\"async\" width=\"1024\" height=\"683\" src=\"https:\/\/corrientesdetarde.com\/wp-content\/uploads\/2024\/09\/image-547-1024x683.png\" alt=\"\" class=\"wp-image-166573\" srcset=\"https:\/\/corrientesdetarde.com\/wp-content\/uploads\/2024\/09\/image-547-1024x683.png 1024w, https:\/\/corrientesdetarde.com\/wp-content\/uploads\/2024\/09\/image-547-300x200.png 300w, https:\/\/corrientesdetarde.com\/wp-content\/uploads\/2024\/09\/image-547-768x512.png 768w, https:\/\/corrientesdetarde.com\/wp-content\/uploads\/2024\/09\/image-547-1536x1024.png 1536w, https:\/\/corrientesdetarde.com\/wp-content\/uploads\/2024\/09\/image-547.png 1600w\" sizes=\"auto, (max-width: 1024px) 100vw, 1024px\" \/><\/figure>\n\n\n\n<figure class=\"wp-block-image size-large\"><img loading=\"lazy\" decoding=\"async\" width=\"1024\" height=\"683\" src=\"https:\/\/corrientesdetarde.com\/wp-content\/uploads\/2024\/09\/image-548-1024x683.png\" alt=\"\" class=\"wp-image-166574\" srcset=\"https:\/\/corrientesdetarde.com\/wp-content\/uploads\/2024\/09\/image-548-1024x683.png 1024w, https:\/\/corrientesdetarde.com\/wp-content\/uploads\/2024\/09\/image-548-300x200.png 300w, https:\/\/corrientesdetarde.com\/wp-content\/uploads\/2024\/09\/image-548-768x512.png 768w, https:\/\/corrientesdetarde.com\/wp-content\/uploads\/2024\/09\/image-548-1536x1024.png 1536w, https:\/\/corrientesdetarde.com\/wp-content\/uploads\/2024\/09\/image-548.png 1600w\" sizes=\"auto, (max-width: 1024px) 100vw, 1024px\" \/><\/figure>\n","protected":false},"excerpt":{"rendered":"<p>El Gobierno Provincial comenz\u00f3 la refacci\u00f3n de la fachada e iluminaci\u00f3n exterior de la iglesia Catedral \u201cNuestra Se\u00f1ora del Rosario\u201d ante la presencia de fisuras en sus paredes y el&hellip; <\/p>\n","protected":false},"author":8,"featured_media":166571,"comment_status":"closed","ping_status":"open","sticky":false,"template":"","format":"standard","meta":{"footnotes":""},"categories":[1],"tags":[],"class_list":["post-166570","post","type-post","status-publish","format-standard","has-post-thumbnail","hentry","category-informacion-general"],"_links":{"self":[{"href":"https:\/\/corrientesdetarde.com\/index.php\/wp-json\/wp\/v2\/posts\/166570","targetHints":{"allow":["GET"]}}],"collection":[{"href":"https:\/\/corrientesdetarde.com\/index.php\/wp-json\/wp\/v2\/posts"}],"about":[{"href":"https:\/\/corrientesdetarde.com\/index.php\/wp-json\/wp\/v2\/types\/post"}],"author":[{"embeddable":true,"href":"https:\/\/corrientesdetarde.com\/index.php\/wp-json\/wp\/v2\/users\/8"}],"replies":[{"embeddable":true,"href":"https:\/\/corrientesdetarde.com\/index.php\/wp-json\/wp\/v2\/comments?post=166570"}],"version-history":[{"count":1,"href":"https:\/\/corrientesdetarde.com\/index.php\/wp-json\/wp\/v2\/posts\/166570\/revisions"}],"predecessor-version":[{"id":166575,"href":"https:\/\/corrientesdetarde.com\/index.php\/wp-json\/wp\/v2\/posts\/166570\/revisions\/166575"}],"wp:featuredmedia":[{"embeddable":true,"href":"https:\/\/corrientesdetarde.com\/index.php\/wp-json\/wp\/v2\/media\/166571"}],"wp:attachment":[{"href":"https:\/\/corrientesdetarde.com\/index.php\/wp-json\/wp\/v2\/media?parent=166570"}],"wp:term":[{"taxonomy":"category","embeddable":true,"href":"https:\/\/corrientesdetarde.com\/index.php\/wp-json\/wp\/v2\/categories?post=166570"},{"taxonomy":"post_tag","embeddable":true,"href":"https:\/\/corrientesdetarde.com\/index.php\/wp-json\/wp\/v2\/tags?post=166570"}],"curies":[{"name":"wp","href":"https:\/\/api.w.org\/{rel}","templated":true}]}}