{"id":166725,"date":"2024-09-17T07:53:42","date_gmt":"2024-09-17T10:53:42","guid":{"rendered":"https:\/\/corrientesdetarde.com\/?p=166725"},"modified":"2024-09-17T07:53:43","modified_gmt":"2024-09-17T10:53:43","slug":"camau-candidato-contra-las-estructuras-politicas-que-atrasan","status":"publish","type":"post","link":"https:\/\/corrientesdetarde.com\/index.php\/politica\/camau-candidato-contra-las-estructuras-politicas-que-atrasan\/","title":{"rendered":"&#8220;Camau&#8221;, candidato contra las estructuras pol\u00edticas &#8220;que atrasan&#8221;"},"content":{"rendered":"\n<p>El senador correntino, Carlos Mauricio &#8220;Camau&#8221; Esp\u00ednola, ratific\u00f3 que quiere ser candidato a gobernador en 2025, pero esta vez no lo ser\u00e1 de un partido pol\u00edtico, ya que considera que esas estructuras &#8220;atrasan&#8221;.<a href=\"https:\/\/api.whatsapp.com\/send?text=%22Camau%22,%20candidato%20contra%20las%20estructuras%20pol%C3%ADticas%20%22que%20atrasan%22%20-%20https:\/\/www.diarioepoca.com\/1332590-camau-candidato-contra-las-estructuras-politicas-que-atrasan?utm_source=WhatsApp%26utm_medium=WhatsApp%26utm_campaign=WhatsApp%26utm_term=WhatsApp\" target=\"_blank\" rel=\"noreferrer noopener\"><\/a><a href=\"https:\/\/www.diarioepoca.com\/1332590-camau-candidato-contra-las-estructuras-politicas-que-atrasan#\"><\/a><a href=\"https:\/\/www.diarioepoca.com\/1332590-camau-candidato-contra-las-estructuras-politicas-que-atrasan#\"><\/a><\/p>\n\n\n\n<p>El legislador, que lleg\u00f3 a su banca de senador en dos ocasiones de la mano del Frente de Todos que fund\u00f3 la expresidente Cristina Fern\u00e1ndez de Kirchner, ahora se muestra simpatizante del presidente, Javier Milei, y declar\u00f3 que &#8220;desde el d\u00eda que me involucr\u00e9 en pol\u00edtica, propuse cambiar&#8221;, record\u00f3 y agreg\u00f3 que podr\u00eda armar un frente que no sea parte del justicialismo provincial.<\/p>\n\n\n\n<p>A tono con el discurso dominante de sus nuevos aliados, el velerista afirm\u00f3: &#8220;Milei rompi\u00f3 con las estructuras y la pol\u00edtica se qued\u00f3 atrasada en un esquema diferente a lo que quiere la sociedad&#8221;, manifest\u00f3, ratificando que &#8220;lo m\u00e1s importante es recuperar la alianza con la sociedad&#8221;.<\/p>\n\n\n\n<p>En ese marco anunci\u00f3 que para la provincia &#8220;trabaja en el armado de un frente que sea amplio, que convoque, pero que salga desde la sociedad&#8221;.<\/p>\n\n\n\n<p>Al respecto agreg\u00f3, en una clara intenci\u00f3n de despegarse de sus aliados locales que lo acompa\u00f1aron en su elecci\u00f3n como intendente y senador que &#8220;la gente quiere cambiar, pero no desde las estructuras pol\u00edticas y tenemos que lograr que los correntinos se animen a hacerlo&#8221;.<\/p>\n\n\n\n<p>El legislador no pudo sustraerse de los temas de actualidad y habl\u00f3 de los fondos para la Secretaria de Inteligencia del Estado que respald\u00f3 en el Senado y Esp\u00ednola expres\u00f3 que &#8220;los gobiernos necesitan recursos para el sistema de inteligencia, siempre los tuvieron&#8221;.<\/p>\n\n\n\n<p>Argument\u00f3 que en el caso de Corrientes, &#8220;vivimos en una provincia de frontera y todo ese trabajo se investiga con sistemas de inteligencia que requieren recursos para su funcionamiento&#8221;.<\/p>\n\n\n\n<p>Adem\u00e1s, sobre el ajuste para las provincias que propuso el Presidente, indic\u00f3: &#8220;Argentina necesita un sistema m\u00e1s federal de distribuci\u00f3n de la coparticipaci\u00f3n&#8221;, un reclamo que muchos gobernadores realizan hace tiempo, en vista de las desigualdades entre el interior y la Ciudad de Buenos Aires.<\/p>\n\n\n\n<p>Tambi\u00e9n recalc\u00f3 que &#8220;las provincias deben ser m\u00e1s eficientes en la administraci\u00f3n y demostrar capacidades de crecimiento&#8221;.<\/p>\n","protected":false},"excerpt":{"rendered":"<p>El senador correntino, Carlos Mauricio &#8220;Camau&#8221; Esp\u00ednola, ratific\u00f3 que quiere ser candidato a gobernador en 2025, pero esta vez no lo ser\u00e1 de un partido pol\u00edtico, ya que considera que&hellip; <\/p>\n","protected":false},"author":12,"featured_media":166735,"comment_status":"closed","ping_status":"open","sticky":false,"template":"","format":"standard","meta":{"footnotes":""},"categories":[26,3],"tags":[],"class_list":["post-166725","post","type-post","status-publish","format-standard","has-post-thumbnail","hentry","category-destacados","category-politica"],"_links":{"self":[{"href":"https:\/\/corrientesdetarde.com\/index.php\/wp-json\/wp\/v2\/posts\/166725","targetHints":{"allow":["GET"]}}],"collection":[{"href":"https:\/\/corrientesdetarde.com\/index.php\/wp-json\/wp\/v2\/posts"}],"about":[{"href":"https:\/\/corrientesdetarde.com\/index.php\/wp-json\/wp\/v2\/types\/post"}],"author":[{"embeddable":true,"href":"https:\/\/corrientesdetarde.com\/index.php\/wp-json\/wp\/v2\/users\/12"}],"replies":[{"embeddable":true,"href":"https:\/\/corrientesdetarde.com\/index.php\/wp-json\/wp\/v2\/comments?post=166725"}],"version-history":[{"count":1,"href":"https:\/\/corrientesdetarde.com\/index.php\/wp-json\/wp\/v2\/posts\/166725\/revisions"}],"predecessor-version":[{"id":166736,"href":"https:\/\/corrientesdetarde.com\/index.php\/wp-json\/wp\/v2\/posts\/166725\/revisions\/166736"}],"wp:featuredmedia":[{"embeddable":true,"href":"https:\/\/corrientesdetarde.com\/index.php\/wp-json\/wp\/v2\/media\/166735"}],"wp:attachment":[{"href":"https:\/\/corrientesdetarde.com\/index.php\/wp-json\/wp\/v2\/media?parent=166725"}],"wp:term":[{"taxonomy":"category","embeddable":true,"href":"https:\/\/corrientesdetarde.com\/index.php\/wp-json\/wp\/v2\/categories?post=166725"},{"taxonomy":"post_tag","embeddable":true,"href":"https:\/\/corrientesdetarde.com\/index.php\/wp-json\/wp\/v2\/tags?post=166725"}],"curies":[{"name":"wp","href":"https:\/\/api.w.org\/{rel}","templated":true}]}}