{"id":166726,"date":"2024-09-17T07:54:45","date_gmt":"2024-09-17T10:54:45","guid":{"rendered":"https:\/\/corrientesdetarde.com\/?p=166726"},"modified":"2024-09-17T07:54:49","modified_gmt":"2024-09-17T10:54:49","slug":"esperan-el-cronograma-electoral-de-la-interna-del-pj-con-polemica","status":"publish","type":"post","link":"https:\/\/corrientesdetarde.com\/index.php\/politica\/esperan-el-cronograma-electoral-de-la-interna-del-pj-con-polemica\/","title":{"rendered":"Esperan el cronograma electoral de la interna del PJ con pol\u00e9mica"},"content":{"rendered":"\n<p>Entre hoy y ma\u00f1ana se ingresa a un punto de no retorno para la burocracia de los comicios para normalizar el peronismo local. Hay dudas por la proscripci\u00f3n de dirigentes<a href=\"https:\/\/api.whatsapp.com\/send?text=Esperan%20el%20cronograma%20electoral%20de%20la%20interna%20del%20PJ%20con%20pol%C3%A9mica%20-%20https:\/\/www.diarioepoca.com\/1332591-esperan-el-cronograma-electoral-de-la-interna-del-pj-con-polemica?utm_source=WhatsApp%26utm_medium=WhatsApp%26utm_campaign=WhatsApp%26utm_term=WhatsApp\" target=\"_blank\" rel=\"noreferrer noopener\"><\/a><a href=\"https:\/\/www.diarioepoca.com\/1332591-esperan-el-cronograma-electoral-de-la-interna-del-pj-con-polemica#\"><\/a><a href=\"https:\/\/www.diarioepoca.com\/1332591-esperan-el-cronograma-electoral-de-la-interna-del-pj-con-polemica#\"><\/a><\/p>\n\n\n\n<p>&#8220;Hay plazo hasta el mi\u00e9rcoles&#8221;, respondi\u00f3 un dirigente del Partido Justicia a la consulta de si hoy prev\u00e9n que salga el cronograma electoral de las elecciones internas convocadas para el 17 de noviembre en Corrientes. Hoy se ingresa en el plazo de 60 d\u00edas para definir la burocracia de los comicios que permitir\u00edan terminar con m\u00e1s de un lustro de intervenci\u00f3n a cargo de dirigentes de la provincia de Buenos Aires.<\/p>\n\n\n\n<p>Los dirigentes esperan con pol\u00e9mica porque hay sectores que ponen en duda que se contin\u00fae con el proceso de normalizaci\u00f3n, en tanto que hay presentaci\u00f3n de notas a la intervenci\u00f3n de la Confederaci\u00f3n General del Trabajo local, que manifest\u00f3 a trav\u00e9s de un comunicado estar &#8220;expectantes&#8221; a la &#8220;urgente publicaci\u00f3n del cronograma electoral&#8221; que &#8220;asegure las internas del 17 de noviembre&#8221;.<\/p>\n\n\n\n<p>Tambi\u00e9n se conoci\u00f3 un manifiesto de dirigentes de las localidades de Santa Rosa, Concepci\u00f3n, Tabay y Tatacu\u00e1, en el cual reclamaron &#8220;la puesta en marcha del cronograma electoral&#8221;.<\/p>\n\n\n\n<p>Los dirigentes de esos distritos tambi\u00e9n remarcaron que no se puede evitar la normalizaci\u00f3n partidaria porque &#8220;son muchos a\u00f1os de anarqu\u00eda que perjudicaron con la p\u00e9rdida de cargos, senadores, diputados, intendentes y concejales. Al mismo tiempo ceder lugares a personajes que una vez electos hacen sus negocios y las decisiones deben ser coordinadas en la provincia con los correntinos&#8221;.<\/p>\n\n\n\n<p>Ayer, a trav\u00e9s de un reportaje radial, el dirigente de Primero mi Provincia y ex Parlamentario del MERCOSUR, Alejandro Karlen, reiter\u00f3 sus denuncias de proscripci\u00f3n de referentes, a trav\u00e9s del Art\u00edculo 104 de la reformada Carta Org\u00e1nica y puso en duda que la intervenci\u00f3n defina el cronograma electoral.<\/p>\n\n\n\n<p>Inform\u00f3 que se reuni\u00f3 con la interventora, Teresa Garc\u00eda, en Buenos Aires, y asegur\u00f3 que hay dirigentes correntinos que quieren que se posterguen las elecciones internas.<\/p>\n\n\n\n<p>Karlen agreg\u00f3 que &#8220;si ma\u00f1ana (por hoy) no se convoca y se prorroga la fecha de elecciones, esta decisi\u00f3n le hace un da\u00f1o muy grande al peronismo y a la credibilidad de la pol\u00edtica&#8221;.<\/p>\n\n\n\n<figure class=\"wp-block-image\"><img decoding=\"async\" src=\"https:\/\/www.diarioepoca.com\/content\/bucket\/5\/1384795w380h132c.jpg.webp\" alt=\"\"\/><\/figure>\n\n\n\n<p>&#8220;Si se define el cronograma electoral sin la reforma del Art\u00edculo 104 que pedimos, se proscribe al 60% de la dirigencia del peronismo por un pedido expreso del senador Mart\u00edn Barrionuevo y el intendente de Paso de Los Libres, Mart\u00edn Asc\u00faa, que quieren seguir manejando un peronismo de no m\u00e1s del 20%&#8221;, afirm\u00f3 Karlen.<\/p>\n\n\n\n<p>&#8220;Barrionuevo es el responsable de la cl\u00e1usula proscriptiva porque fue quien propuso a la interventora, con el aval de los otros legisladores del PJ, y junto con Asc\u00faa buscan que el peronismo no se normalice porque ellos no son capaces de armar una l\u00ednea interna y quieren seguir siendo candidatos con el dedo desde Buenos Aires&#8221;, enfatiz\u00f3.<\/p>\n\n\n\n<p>Lo que dice el Art\u00edculo 104, que fue ratificado por la C\u00e1mara Electoral como parte de la Carta Org\u00e1nica, es lo siguiente: &#8220;En la primera elecci\u00f3n interna a convocarse despu\u00e9s de la presente reforma, podr\u00e1n participar aquellos afiliados que hayan participado en listas opositoras en las elecciones celebradas en el a\u00f1o 2021 y 2023. En caso de que estos sean impugnados por otro afiliado, no podr\u00e1n ocupar los dos primeros lugares de las listas provinciales y\/o municipales seg\u00fan corresponda (Congreso Provincial, Consejo Provincial, Consejo Municipal).&#8221;<\/p>\n\n\n\n<p>Con este panorama se espera entre hoy y ma\u00f1ana que los interventores, Teresa Garc\u00eda y M\u00e1ximo Rodr\u00edguez difundan el cronograma electoral, similar al ya conocido de los comicios nacionales.<\/p>\n","protected":false},"excerpt":{"rendered":"<p>Entre hoy y ma\u00f1ana se ingresa a un punto de no retorno para la burocracia de los comicios para normalizar el peronismo local. Hay dudas por la proscripci\u00f3n de dirigentes&hellip; <\/p>\n","protected":false},"author":12,"featured_media":166737,"comment_status":"closed","ping_status":"open","sticky":false,"template":"","format":"standard","meta":{"footnotes":""},"categories":[23,3],"tags":[],"class_list":["post-166726","post","type-post","status-publish","format-standard","has-post-thumbnail","hentry","category-actualidad","category-politica"],"_links":{"self":[{"href":"https:\/\/corrientesdetarde.com\/index.php\/wp-json\/wp\/v2\/posts\/166726","targetHints":{"allow":["GET"]}}],"collection":[{"href":"https:\/\/corrientesdetarde.com\/index.php\/wp-json\/wp\/v2\/posts"}],"about":[{"href":"https:\/\/corrientesdetarde.com\/index.php\/wp-json\/wp\/v2\/types\/post"}],"author":[{"embeddable":true,"href":"https:\/\/corrientesdetarde.com\/index.php\/wp-json\/wp\/v2\/users\/12"}],"replies":[{"embeddable":true,"href":"https:\/\/corrientesdetarde.com\/index.php\/wp-json\/wp\/v2\/comments?post=166726"}],"version-history":[{"count":1,"href":"https:\/\/corrientesdetarde.com\/index.php\/wp-json\/wp\/v2\/posts\/166726\/revisions"}],"predecessor-version":[{"id":166738,"href":"https:\/\/corrientesdetarde.com\/index.php\/wp-json\/wp\/v2\/posts\/166726\/revisions\/166738"}],"wp:featuredmedia":[{"embeddable":true,"href":"https:\/\/corrientesdetarde.com\/index.php\/wp-json\/wp\/v2\/media\/166737"}],"wp:attachment":[{"href":"https:\/\/corrientesdetarde.com\/index.php\/wp-json\/wp\/v2\/media?parent=166726"}],"wp:term":[{"taxonomy":"category","embeddable":true,"href":"https:\/\/corrientesdetarde.com\/index.php\/wp-json\/wp\/v2\/categories?post=166726"},{"taxonomy":"post_tag","embeddable":true,"href":"https:\/\/corrientesdetarde.com\/index.php\/wp-json\/wp\/v2\/tags?post=166726"}],"curies":[{"name":"wp","href":"https:\/\/api.w.org\/{rel}","templated":true}]}}