{"id":166728,"date":"2024-09-17T07:55:58","date_gmt":"2024-09-17T10:55:58","guid":{"rendered":"https:\/\/corrientesdetarde.com\/?p=166728"},"modified":"2024-09-17T07:56:10","modified_gmt":"2024-09-17T10:56:10","slug":"para-valdes-la-provincia-tiene-espalda-financiera-de-cara-al-ajuste","status":"publish","type":"post","link":"https:\/\/corrientesdetarde.com\/index.php\/politica\/para-valdes-la-provincia-tiene-espalda-financiera-de-cara-al-ajuste\/","title":{"rendered":"Para Vald\u00e9s, la Provincia tiene espalda financiera de cara al ajuste"},"content":{"rendered":"\n<p>El Gobernador se mostr\u00f3 cauteloso y a la espera de los n\u00fameros del Presupuesto 2025. Pese a la ca\u00edda de recursos, garantiz\u00f3 el pago de salarios. Los mandatarios mantuvieron una videollamada con Francos y Caputo.<a href=\"https:\/\/api.whatsapp.com\/send?text=Para%20Vald%C3%A9s,%20la%20Provincia%20tiene%20espalda%20financiera%20de%20cara%20al%20ajuste%20-%20https:\/\/www.diarioepoca.com\/1332584-para-valdes-la-provincia-tiene-espalda-financiera-de-cara-al-ajuste?utm_source=WhatsApp%26utm_medium=WhatsApp%26utm_campaign=WhatsApp%26utm_term=WhatsApp\" target=\"_blank\" rel=\"noreferrer noopener\"><\/a><a href=\"https:\/\/www.diarioepoca.com\/1332584-para-valdes-la-provincia-tiene-espalda-financiera-de-cara-al-ajuste#\"><\/a><a href=\"https:\/\/www.diarioepoca.com\/1332584-para-valdes-la-provincia-tiene-espalda-financiera-de-cara-al-ajuste#\"><\/a><\/p>\n\n\n\n<p>Desde un &#8220;disparate&#8221; a estar de acuerdo en sostener el equilibrio fiscal, el discurso del presidente, Javier Milei, gener\u00f3 m\u00e1s de un efecto en la pol\u00edtica. Los gobernadores, incluso los aliados, se tomaron con resquemor el anuncio del recorte de m\u00e1s de 60.000 millones de d\u00f3lares y ayer mantuvieron una videollamada con funcionarios. El correntino, Gustavo Vald\u00e9s, se mostr\u00f3 cauteloso y a la espera de los n\u00fameros. Otros legisladores manifestaron su preocupaci\u00f3n por la continuidad del ajuste.<\/p>\n\n\n\n<p>&#8220;Escuch\u00e9 el discurso pol\u00edtico del Presidente. Son sus consideraciones. El debate se dar\u00e1 en el marco del Congreso de la Naci\u00f3n. Una vez que tengamos los n\u00fameros tendremos una opini\u00f3n&#8221;, dijo ayer el Gobernador Vald\u00e9s a la prensa tras la consulta sobre su opini\u00f3n respecto de la presentaci\u00f3n que realiz\u00f3 ayer el Jefe de Estado sobre el Presupuesto 2025.<\/p>\n\n\n\n<p>El titular del Ejecutivo provincial indic\u00f3 que los recursos bajaron el mes pasado aproximadamente un 15% y que est\u00e1n a la espera de conocer la evoluci\u00f3n de los n\u00fameros del mes en curso. Aunque asever\u00f3 &#8220;que no afecta en nada a la pol\u00edtica salarial&#8221; y ratific\u00f3: &#8220;El salario de los trabajadores del Estado, como de jubilados est\u00e1 garantizado&#8221;. De este modo, pese a los recortes anunciados por el Gobierno nacional, el correntino expres\u00f3: &#8220;Tenemos espalda financiera para seguir creciendo&#8221;.<\/p>\n\n\n\n<p>Sin embargo, para el referente radical, no habr\u00e1 grandes dificultades ya que la Provincia mantiene equilibrio fiscal. En contacto con la prensa luego de un acto de inauguraci\u00f3n, indic\u00f3 que la Provincia contempla d\u00f3nde destinar las inversiones, ya que el Estado se dedica a las &#8220;obras para el crecimiento y el desarrollo&#8221;. Uno de los ejemplos que brind\u00f3 el Gobernador fue la modernizaci\u00f3n a partir de infraestructura tecnol\u00f3gica y nuevos edificios, como el de la Direcci\u00f3n de Catastro cuyas cintas se cortaron ayer.<\/p>\n\n\n\n<p>De igual modo se pronunci\u00f3 el ministro de Hacienda y Finanzas de la Provincia, Marcelo Rivas Piasentini. &#8220;Venimos con un esquema de equilibrio mantenido en el tiempo. Corrientes no tendr\u00e1 mayores problemas&#8221;, evalu\u00f3 el funcionario en declaraciones a Radio Dos. &#8220;Esperamos que las provincias que tenemos equilibrio presupuestario tengamos una mirada diferente en funci\u00f3n al esfuerzo que venimos haciendo&#8221;, agreg\u00f3.<\/p>\n\n\n\n<p>&#8220;M\u00e1s all\u00e1 del estilo utilizado por el Gobierno, esto que se ha establecido como m\u00e9todo nuevo en realidad es lo que siempre se recomienda hacer y se realiz\u00f3 en la provincia de Corrientes cuando la quiebra del Estado era evidente&#8221;, consider\u00f3, por su parte, el senador provincial, Enrique Vaz Torres, en referencia a 2001. &#8220;De esa situaci\u00f3n se sali\u00f3 persiguiendo el equilibrio fiscal y el super\u00e1vit financiero para poder amortizar la deuda&#8221;, se\u00f1al\u00f3 el exministro de Hacienda a radio La Red Corrientes.<\/p>\n\n\n\n<p>&#8220;Es el estilo Milei. Fue al Congreso a explicar lo que viene diciendo, no es nada nuevo&#8221;, evalu\u00f3 el senador nacional por Corrientes, Carlos Mauricio &#8220;Camau&#8221; Esp\u00ednola, la exposici\u00f3n del libertario en la noche del domingo. El presidente del bloque Unidad Federal dijo a Radio Sudamericana que &#8220;Argentina necesita un sistema m\u00e1s federal de distribuci\u00f3n de la coparticipaci\u00f3n&#8221;, en sinton\u00eda con los mandatarios provinciales. Sin embargo, remarc\u00f3 que uno de los mensajes del Presidente fue que &#8220;las provincias deben ser m\u00e1s eficientes en la administraci\u00f3n y demostrar capacidades de crecimiento&#8221;.<\/p>\n\n\n\n<p>El domingo, el libertario anunci\u00f3 en su discurso que habr\u00e1 m\u00e1s ajuste para las provincias, los cuales rondar\u00edan los 60.000 millones de d\u00f3lares.<\/p>\n\n\n\n<p>Ayer, el presidente de la comisi\u00f3n de Presupuesto de la C\u00e1mara de Diputados de la Naci\u00f3n, Luis Espert, aclar\u00f3 que el recorte rondar\u00eda los 20.000 millones de d\u00f3lares. Desde la oposici\u00f3n peronista hubo, adem\u00e1s, preocupaci\u00f3n porque no se habr\u00eda establecido un piso de coparticipaci\u00f3n.<\/p>\n\n\n\n<p>Sobre el ajuste, Vald\u00e9s respondi\u00f3: &#8220;Por ahora estamos yendo por un rumbo dif\u00edcil pero es el correcto&#8221;. Aunque, el titular del Ejecutivo provincial reiter\u00f3 que el Estado nacional adeuda fondos al IPS.<\/p>\n\n\n\n<p>La deuda de Naci\u00f3n con las 13 cajas previsionales provinciales fue uno de los temas que preocup\u00f3 a los gobernadores, como as\u00ed la restituci\u00f3n del Fondo Compensador del Transporte, quienes la semana pasada pidieron un reparto federal de los recursos en el marco de las conversaciones por el Presupuesto.<\/p>\n\n\n\n<p>Tras el discurso de Milei, a algunos mandatarios les pareci\u00f3 &#8220;disparatado&#8221; un mayor ajuste y reclamaron, entre otros puntos, obras p\u00fablicas en una reuni\u00f3n que mantuvieron ayer, muchos de ellos por videollamada, con el jefe de Gabinete de la Naci\u00f3n, Guillermo Francos, y el ministro de Econom\u00eda de la Naci\u00f3n, Luis &#8220;Toto&#8221; Caputo, para explicar algunos aspectos que preocupan del proyecto.<\/p>\n\n\n\n<h2 class=\"wp-block-heading\">&#8220;Lo que no tiene control, tiene corrupci\u00f3n&#8221;<\/h2>\n\n\n\n<figure class=\"wp-block-image\"><img decoding=\"async\" src=\"https:\/\/www.diarioepoca.com\/content\/bucket\/4\/1384794w380h287c.jpg.webp\" alt=\"\"\/><\/figure>\n\n\n\n<p>El gobernador, Gustavo Vald\u00e9s, inaugur\u00f3 las nuevas oficinas de la Direcci\u00f3n General de Catastro, ubicadas en el Centro Administrativo en la ciudad de Corrientes. El organismo ahora cuenta con un sistema electr\u00f3nico de gesti\u00f3n para un trabajo eficiente y \u00e1gil.<\/p>\n\n\n\n<p>Uno de los ejes que se traz\u00f3 en esta gesti\u00f3n fue modernizar el Estado y el funcionamiento de sus organismos, seg\u00fan indic\u00f3 el Mandatario previo al corte de cintas. &#8220;Perseguir esos objetivos lleva tiempo, esfuerzo y dinero&#8221;, agreg\u00f3.<\/p>\n\n\n\n<p>Sobre el antiguo edificio donde se ubicaba Catastro, dijo que &#8220;hab\u00eda palomas y monta\u00f1as de papeles&#8221;, lo que generaba &#8220;un ambiente viciado&#8221;. &#8220;Nosotros le llam\u00e1bamos \u0091Cat\u00e1strofe\u0092, porque justamente era una cat\u00e1strofe jur\u00eddica, de ordenamiento, de burocracia y de corrupci\u00f3n&#8221;. Sobre esto \u00faltimo ahond\u00f3: &#8220;Lo que no tiene control tiene corrupci\u00f3n, por eso decidimos modernizarlo, conseguimos financiamiento e invertimos&#8221;.<\/p>\n\n\n\n<p>El Gobernador puso al Centro Administrativo como &#8220;algo impensado para la administraci\u00f3n p\u00fablica&#8221; a\u00f1os atr\u00e1s. &#8220;Hoy los correntinos lo vemos con orgullo y en poco tiempo m\u00e1s vamos a tener otros tres centros para la transformaci\u00f3n del Estado&#8221;.<\/p>\n\n\n\n<p>Tambi\u00e9n mencion\u00f3 que se est\u00e1 refaccionando el edificio donde estaba el Registro de la Propiedad Inmueble. Lo propio se har\u00e1 con el ex edificio de Catastro. &#8220;Necesitamos un organismo que sea \u00e1gil, donde los profesionales accedan electr\u00f3nicamente a los expedientes&#8221;, dijo en relaci\u00f3n a Catastro. Para ello se invirti\u00f3 dos millones de d\u00f3lares en el sistema GeoSit. Adem\u00e1s, dijo que &#8220;hay que garantizar uno de los derechos m\u00e1s importantes como lo es el de la propiedad&#8221;.<\/p>\n","protected":false},"excerpt":{"rendered":"<p>El Gobernador se mostr\u00f3 cauteloso y a la espera de los n\u00fameros del Presupuesto 2025. Pese a la ca\u00edda de recursos, garantiz\u00f3 el pago de salarios. Los mandatarios mantuvieron una&hellip; <\/p>\n","protected":false},"author":12,"featured_media":166739,"comment_status":"closed","ping_status":"open","sticky":false,"template":"","format":"standard","meta":{"footnotes":""},"categories":[23,3],"tags":[],"class_list":["post-166728","post","type-post","status-publish","format-standard","has-post-thumbnail","hentry","category-actualidad","category-politica"],"_links":{"self":[{"href":"https:\/\/corrientesdetarde.com\/index.php\/wp-json\/wp\/v2\/posts\/166728","targetHints":{"allow":["GET"]}}],"collection":[{"href":"https:\/\/corrientesdetarde.com\/index.php\/wp-json\/wp\/v2\/posts"}],"about":[{"href":"https:\/\/corrientesdetarde.com\/index.php\/wp-json\/wp\/v2\/types\/post"}],"author":[{"embeddable":true,"href":"https:\/\/corrientesdetarde.com\/index.php\/wp-json\/wp\/v2\/users\/12"}],"replies":[{"embeddable":true,"href":"https:\/\/corrientesdetarde.com\/index.php\/wp-json\/wp\/v2\/comments?post=166728"}],"version-history":[{"count":1,"href":"https:\/\/corrientesdetarde.com\/index.php\/wp-json\/wp\/v2\/posts\/166728\/revisions"}],"predecessor-version":[{"id":166740,"href":"https:\/\/corrientesdetarde.com\/index.php\/wp-json\/wp\/v2\/posts\/166728\/revisions\/166740"}],"wp:featuredmedia":[{"embeddable":true,"href":"https:\/\/corrientesdetarde.com\/index.php\/wp-json\/wp\/v2\/media\/166739"}],"wp:attachment":[{"href":"https:\/\/corrientesdetarde.com\/index.php\/wp-json\/wp\/v2\/media?parent=166728"}],"wp:term":[{"taxonomy":"category","embeddable":true,"href":"https:\/\/corrientesdetarde.com\/index.php\/wp-json\/wp\/v2\/categories?post=166728"},{"taxonomy":"post_tag","embeddable":true,"href":"https:\/\/corrientesdetarde.com\/index.php\/wp-json\/wp\/v2\/tags?post=166728"}],"curies":[{"name":"wp","href":"https:\/\/api.w.org\/{rel}","templated":true}]}}