{"id":166729,"date":"2024-09-17T07:53:11","date_gmt":"2024-09-17T10:53:11","guid":{"rendered":"https:\/\/corrientesdetarde.com\/?p=166729"},"modified":"2024-09-17T07:53:13","modified_gmt":"2024-09-17T10:53:13","slug":"la-catedral-con-actividades-normales-pese-a-la-remodelacion","status":"publish","type":"post","link":"https:\/\/corrientesdetarde.com\/index.php\/locales\/la-catedral-con-actividades-normales-pese-a-la-remodelacion\/","title":{"rendered":"La Catedral con actividades normales pese a la remodelaci\u00f3n"},"content":{"rendered":"\n<p>El Gobierno provincial destinar\u00e1 m\u00e1s de 245 millones de pesos a un proyecto de restauraci\u00f3n del frente que llevar\u00e1 ocho meses de trabajo. Desde el templo tambi\u00e9n pidieron por los interiores<a href=\"https:\/\/api.whatsapp.com\/send?text=La%20Catedral%20con%20actividades%20normales%20pese%20a%20la%20remodelaci%C3%B3n%20-%20https:\/\/www.diarioepoca.com\/1332592-la-catedral-con-actividades-normales-pese-a-la-remodelacion?utm_source=WhatsApp%26utm_medium=WhatsApp%26utm_campaign=WhatsApp%26utm_term=WhatsApp\" target=\"_blank\" rel=\"noreferrer noopener\"><\/a><a href=\"https:\/\/www.diarioepoca.com\/1332592-la-catedral-con-actividades-normales-pese-a-la-remodelacion#\"><\/a><a href=\"https:\/\/www.diarioepoca.com\/1332592-la-catedral-con-actividades-normales-pese-a-la-remodelacion#\"><\/a><\/p>\n\n\n\n<p>La Iglesia Catedral &#8220;Nuestra Se\u00f1ora del Rosario&#8221; ser\u00e1 sometida a ocho meses de trabajos de reparaci\u00f3n y restauraci\u00f3n. Desde el templo aclararon que las misas continuar\u00e1n con normalidad, a la vez que pidieron que las tareas se expandan hacia los interiores.<\/p>\n\n\n\n<p>El encargado del Consejo Pastoral de la Catedral, Jos\u00e9 Esquive, confirm\u00f3, en una entrevista, que la vida religiosa continuar\u00e1 de forma normal durante los 240 d\u00edas que duren los arreglos. &#8220;Los feligreses pueden ingresar al templo por el sector del estacionamiento (lado izquierdo); mientras que los chicos del Catecismo acceden a los salones por calle San Lorenzo&#8221;, precis\u00f3.<\/p>\n\n\n\n<p>El referente remarc\u00f3 que los trabajos eran muy necesarios y esperan que puedan llegar hasta el interior del edificio. &#8220;A simple vista se pod\u00edan ver manchas de humedad y grietas en el frente. En tanto, en la nave central la situaci\u00f3n es id\u00e9ntica, por lo que esperamos que para el pr\u00f3ximo a\u00f1o se pueda sumar este sector&#8221;, mencion\u00f3. Solo en ese caso, las misas podr\u00edan verse interrumpidas.<\/p>\n\n\n\n<p>Por el momento, las actividades seguir\u00e1n su curso normal. Esta aclaraci\u00f3n incluye la novena camino a sus celebraciones patronales. El 28 de septiembre comenzar\u00e1 el tiempo de preparaci\u00f3n para la festividad del 7 de octubre. &#8220;Para esa fecha esperamos contar con el acceso principal ya terminado&#8221;, dese\u00f3.<\/p>\n\n\n\n<p>El Gobierno de la Provincia inform\u00f3 ayer que las obras abarcan la reparaci\u00f3n de las superficies de revoques da\u00f1adas, cornisas y molduras desprendidas. Con esta reconstrucci\u00f3n se realizar\u00e1n trabajos de pintura integral en todo el exterior; as\u00ed como el sellado impermeabilizante de las c\u00fapulas de los campanarios y la azotea sobre el acceso a la tradicional Catedral, sita en Hip\u00f3lito Yrigoyen entre San Lorenzo y Santa Fe.<\/p>\n\n\n\n<figure class=\"wp-block-image\"><img decoding=\"async\" src=\"https:\/\/www.diarioepoca.com\/content\/bucket\/6\/1384796w380h300c.jpg.webp\" alt=\"\"\/><\/figure>\n\n\n\n<p>Las obras se ejecutan sobre lo que es el frente, fachada, atrio y campanario e incluyen el recambio de pisos, m\u00e1rmoles, pinturas, umbrales y la iluminaci\u00f3n est\u00e9tica y ornamental. Tambi\u00e9n se pintar\u00e1 \u00edntegramente toda la fachada completa del edificio, incluido las torres del frente, el atrio, la columnata exterior y los muros de acceso a la cochera y secretar\u00eda, procediendo adem\u00e1s el mantenimiento a las aberturas.<\/p>\n\n\n\n<p>En este sentido, se destac\u00f3 que se prev\u00e9 la demolici\u00f3n y posterior ejecuci\u00f3n a nuevo de la totalidad del piso del atrio y peristilo; como tambi\u00e9n el pavimento para circulaci\u00f3n vehicular de ingreso a la cochera del templo.<\/p>\n\n\n\n<p>Otro de los aspectos importantes es el \u00f3rgano musical que fue restaurado por completo en los \u00faltimos meses. &#8220;El instrumento est\u00e1 listo y los encargados ensayan varios d\u00edas a la semana. La idea es brindar un concierto de reinauguraci\u00f3n del equipo que qued\u00f3 en desuso a principios del Siglo XXI&#8221;, explic\u00f3 Esquivel.<\/p>\n\n\n\n<p>A su vez, en el monumento a Ber\u00f3n de Astrada, ubicado en el atrio, se instalar\u00e1 nueva iluminaci\u00f3n ornamental as\u00ed como en las torres del frente.<\/p>\n\n\n\n<p>La obra tiene un plazo de ejecuci\u00f3n de 240 d\u00edas y un presupuesto de alrededor de 254 millones de pesos. Los trabajos ya hab\u00edan comenzado t\u00edmidamente a principios de a\u00f1o y ahora fueron oficializados.<\/p>\n\n\n\n<h2 class=\"wp-block-heading\">40 D\u00edas por la Vida<\/h2>\n\n\n\n<figure class=\"wp-block-image\"><img decoding=\"async\" src=\"https:\/\/www.diarioepoca.com\/content\/bucket\/7\/1384797w380h275c.jpg.webp\" alt=\"\"\/><\/figure>\n\n\n\n<p>La campa\u00f1a nacional de los 40 D\u00edas de Oraci\u00f3n por la Vida iniciar\u00e1 una nueva edici\u00f3n el 25 de septiembre y se extender\u00e1 hasta el 3 de noviembre. Hombres y mujeres voluntariamente estar\u00e1n todos los d\u00edas rezando frente al Hospital Materno Neonatal &#8220;Eloisa Torrent de Vidal&#8221;.<\/p>\n\n\n\n<p>El objetivo es disuadir a embarazadas con intenciones de llevar a cabo una interrupci\u00f3n voluntaria del embarazo, un derecho adquirido en 2021 mediante una ley sancionada por el Congreso de la Naci\u00f3n.<\/p>\n\n\n\n<p>Tradicionalmente, la carpa con los voluntarios se ubica sobre la calle H\u00e9roes Civiles al 2042, en el acceso a la Maternidad. Quienes deseen participar deben comunicarse al 379-4707543\/ 379-4258445. Existen turnos de una hora todos los d\u00edas de 8 a 20. Desde la red afirman que lograron salvar a m\u00e1s de 24.000 beb\u00e9s que iban a ser abortados.<\/p>\n","protected":false},"excerpt":{"rendered":"<p>El Gobierno provincial destinar\u00e1 m\u00e1s de 245 millones de pesos a un proyecto de restauraci\u00f3n del frente que llevar\u00e1 ocho meses de trabajo. Desde el templo tambi\u00e9n pidieron por los&hellip; <\/p>\n","protected":false},"author":12,"featured_media":166731,"comment_status":"closed","ping_status":"open","sticky":false,"template":"","format":"standard","meta":{"footnotes":""},"categories":[8],"tags":[],"class_list":["post-166729","post","type-post","status-publish","format-standard","has-post-thumbnail","hentry","category-locales"],"_links":{"self":[{"href":"https:\/\/corrientesdetarde.com\/index.php\/wp-json\/wp\/v2\/posts\/166729","targetHints":{"allow":["GET"]}}],"collection":[{"href":"https:\/\/corrientesdetarde.com\/index.php\/wp-json\/wp\/v2\/posts"}],"about":[{"href":"https:\/\/corrientesdetarde.com\/index.php\/wp-json\/wp\/v2\/types\/post"}],"author":[{"embeddable":true,"href":"https:\/\/corrientesdetarde.com\/index.php\/wp-json\/wp\/v2\/users\/12"}],"replies":[{"embeddable":true,"href":"https:\/\/corrientesdetarde.com\/index.php\/wp-json\/wp\/v2\/comments?post=166729"}],"version-history":[{"count":1,"href":"https:\/\/corrientesdetarde.com\/index.php\/wp-json\/wp\/v2\/posts\/166729\/revisions"}],"predecessor-version":[{"id":166734,"href":"https:\/\/corrientesdetarde.com\/index.php\/wp-json\/wp\/v2\/posts\/166729\/revisions\/166734"}],"wp:featuredmedia":[{"embeddable":true,"href":"https:\/\/corrientesdetarde.com\/index.php\/wp-json\/wp\/v2\/media\/166731"}],"wp:attachment":[{"href":"https:\/\/corrientesdetarde.com\/index.php\/wp-json\/wp\/v2\/media?parent=166729"}],"wp:term":[{"taxonomy":"category","embeddable":true,"href":"https:\/\/corrientesdetarde.com\/index.php\/wp-json\/wp\/v2\/categories?post=166729"},{"taxonomy":"post_tag","embeddable":true,"href":"https:\/\/corrientesdetarde.com\/index.php\/wp-json\/wp\/v2\/tags?post=166729"}],"curies":[{"name":"wp","href":"https:\/\/api.w.org\/{rel}","templated":true}]}}