{"id":166850,"date":"2024-09-17T15:23:46","date_gmt":"2024-09-17T18:23:46","guid":{"rendered":"https:\/\/corrientesdetarde.com\/?p=166850"},"modified":"2024-09-17T15:23:51","modified_gmt":"2024-09-17T18:23:51","slug":"maxima-zorreguieta-el-rey-guillermo-y-sus-herederas-mayores-los-looks-en-el-dia-de-los-principes","status":"publish","type":"post","link":"https:\/\/corrientesdetarde.com\/index.php\/tendencias\/maxima-zorreguieta-el-rey-guillermo-y-sus-herederas-mayores-los-looks-en-el-dia-de-los-principes\/","title":{"rendered":"M\u00e1xima Zorreguieta, el rey Guillermo y sus herederas mayores: los looks en el D\u00eda de los Pr\u00edncipes"},"content":{"rendered":"\n<p>La argentina sorprendi\u00f3 con un vestido gris perla a juego con el equipo de sastrer\u00eda de su marido. La princesas Amalia y Alexia se vistieron de verde y rojo, respectivamente.<\/p>\n\n\n\n<p>La moda real es una de las m\u00e1s grandes demostraciones de elegancia en el mundo fashionista y la familia de los Pa\u00edses Bajos, con\u00a0M\u00e1xima Zorreguieta\u00a0como exponente indiscutida en este campo, es el fiel reflejo de esta premisa. De punta en blanco en cada evento y retrato oficial, ahora se lucieron impecables en la lectura del\u00a0<strong>discurso del rey<\/strong>\u00a0durante las celebraciones del\u00a0<strong>D\u00eda del Presupuesto o D\u00eda del Pr\u00edncipe\u00a0<\/strong>en La Haya.<\/p>\n\n\n\n<p>Para esta importante ocasi\u00f3n, en la que el gobierno anuncia sus planes para el pr\u00f3ximo a\u00f1o, el&nbsp;<strong>rey Guillermo&nbsp;<\/strong>se luci\u00f3 desde su trono con un&nbsp;<strong>chaleco de sastrer\u00eda gris a juego con una corbata en color plata y jaquet negro.&nbsp;<\/strong>Una camisa blanca cl\u00e1sica, un pantal\u00f3n de vestir gris oscuro con rayas diplom\u00e1ticas y<strong>&nbsp;zapatos de cuero negro acordonados&nbsp;<\/strong>coronaron el equipo.<\/p>\n\n\n\n<figure class=\"wp-block-image\"><img decoding=\"async\" src=\"https:\/\/tn.com.ar\/resizer\/v2\/maxima-acompano-al-rey-con-un-vestido-largo-con-mono-xxl-ap-photopeter-dejong-M75LVSEHL5AZTJJ3UDWALXGA3Q.jfif?auth=583752cdc18e78a2a6bbc2023b91cc9863fcf2796a8eef2a0595e97a83e66eec&amp;width=767\" alt=\"M\u00e1xima acompa\u00f1\u00f3 al rey con un vestido largo con mo\u00f1o XXL. (AP Photo\/Peter Dejong)\"\/><\/figure>\n\n\n\n<p>A su lado, la reina argentina loa acompa\u00f1\u00f3 con la elegancia y sofisticaci\u00f3n que la caracterizan. A juego con su esposo, luci\u00f3 un vestido largo de color&nbsp;<strong>gris perlado<\/strong>&nbsp;de la firma danesa<strong>&nbsp;Claes Iversen<\/strong>&nbsp;con&nbsp;<strong>mangas tres cuartos, un lazo en la cintura y un imponente mo\u00f1o en la hombro<\/strong>&nbsp;derecho. Sum\u00f3 un tocado pillbox y guantes a juego con el vestido y un clucth y sandalias con plataforma metalizados.<\/p>\n\n\n\n<figure class=\"wp-block-image\"><img decoding=\"async\" src=\"https:\/\/tn.com.ar\/resizer\/v2\/los-looks-de-maxima-zorreguieta-y-el-principe-guilllermo-ap-photopeter-dejong-2NCXQJCGYJFV5DUIWTGMGMMPCI.jfif?auth=6560ca9b893c68bd1e3baf2776e034e4e40a5a778b6b6163e2a9255b8739092b&amp;width=767\" alt=\"Los looks de M\u00e1xima Zorreguieta y el pr\u00edncipe Guilllermo. (AP Photo\/Peter Dejong)\"\/><\/figure>\n\n\n\n<p>Acompa\u00f1\u00f3 la apuesta con joyer\u00eda real: un&nbsp;<strong>broche en la cintura que perteneci\u00f3 a la reina Juliana<\/strong>&nbsp;de los Pa\u00edses Bajos y un par de aros de diamantes y aguamarinas que ya ha usado en otras ocasiones. Adem\u00e1s, llev\u00f3 la&nbsp;<strong>cinta y la Estrella de la Gran Cruz de la Orden del Le\u00f3n de los Pa\u00edses Bajos.<\/strong><\/p>\n\n\n\n<p>Las dos hijas mayores de los monarcas tambi\u00e9n dieron el presente y saludaron desde el bac\u00f3n del Palacio Noordeinde. La heredera al trono, la princesa&nbsp;<strong>Amalia<\/strong>, llev\u00f3 un&nbsp;<strong>vestido verde petr\u00f3leo con hombreras, mangas largas abiertas y una peque\u00f1a abertura en el escote.&nbsp;<\/strong>Su hermana, la princesa&nbsp;<strong>Alexia ,<\/strong>eligi\u00f3 un<strong>&nbsp;dise\u00f1o rojo de escote en V y mangas largas.<\/strong>&nbsp;Ambas lucieron encima la misma banda que su mam\u00e1.<\/p>\n\n\n\n<figure class=\"wp-block-image\"><img decoding=\"async\" src=\"https:\/\/tn.com.ar\/resizer\/v2\/las-princesas-alexia-y-amalia-el-rey-guillemro-la-reina-maxima-la-princesa-laurentien-y-el-principe-constantino-cristobal-en-el-balcon-del-palacio-noordeinde-foto-efeeparemko-de-waal-DO4YI6C225HTLGICM4RNSPFVGU.jfif?auth=397147ec3c7de02659bc3ea90ae4ee6eba1150312fbf7e7eb7bfbbafc065ae42&amp;width=767\" alt=\"Las princesas Alexia y Amalia, el rey Guillemro, la reina M\u00e1xima, la princesa Laurentien y el pr\u00edncipe Constantino Crist\u00f3bal en el balc\u00f3n del Palacio Noordeinde. (Foto: EFE\/EPA\/REMKO DE WAAL)\"\/><\/figure>\n\n\n\n<p>Del saludo en el balc\u00f3n tambi\u00e9n formaron parte la<strong>&nbsp;princesa Laurentien<\/strong>&nbsp;con un vestido fucsia con detalles florales y tocado a juego y su esposo, el&nbsp;<strong>pr\u00edncipe Constantino Crist\u00f3bal<\/strong>, con traje en gris, blanco y negro como el del rey.<\/p>\n","protected":false},"excerpt":{"rendered":"<p>La argentina sorprendi\u00f3 con un vestido gris perla a juego con el equipo de sastrer\u00eda de su marido. La princesas Amalia y Alexia se vistieron de verde y rojo, respectivamente.&hellip; <\/p>\n","protected":false},"author":8,"featured_media":166851,"comment_status":"closed","ping_status":"open","sticky":false,"template":"","format":"standard","meta":{"footnotes":""},"categories":[28],"tags":[],"class_list":["post-166850","post","type-post","status-publish","format-standard","has-post-thumbnail","hentry","category-tendencias"],"_links":{"self":[{"href":"https:\/\/corrientesdetarde.com\/index.php\/wp-json\/wp\/v2\/posts\/166850","targetHints":{"allow":["GET"]}}],"collection":[{"href":"https:\/\/corrientesdetarde.com\/index.php\/wp-json\/wp\/v2\/posts"}],"about":[{"href":"https:\/\/corrientesdetarde.com\/index.php\/wp-json\/wp\/v2\/types\/post"}],"author":[{"embeddable":true,"href":"https:\/\/corrientesdetarde.com\/index.php\/wp-json\/wp\/v2\/users\/8"}],"replies":[{"embeddable":true,"href":"https:\/\/corrientesdetarde.com\/index.php\/wp-json\/wp\/v2\/comments?post=166850"}],"version-history":[{"count":1,"href":"https:\/\/corrientesdetarde.com\/index.php\/wp-json\/wp\/v2\/posts\/166850\/revisions"}],"predecessor-version":[{"id":166852,"href":"https:\/\/corrientesdetarde.com\/index.php\/wp-json\/wp\/v2\/posts\/166850\/revisions\/166852"}],"wp:featuredmedia":[{"embeddable":true,"href":"https:\/\/corrientesdetarde.com\/index.php\/wp-json\/wp\/v2\/media\/166851"}],"wp:attachment":[{"href":"https:\/\/corrientesdetarde.com\/index.php\/wp-json\/wp\/v2\/media?parent=166850"}],"wp:term":[{"taxonomy":"category","embeddable":true,"href":"https:\/\/corrientesdetarde.com\/index.php\/wp-json\/wp\/v2\/categories?post=166850"},{"taxonomy":"post_tag","embeddable":true,"href":"https:\/\/corrientesdetarde.com\/index.php\/wp-json\/wp\/v2\/tags?post=166850"}],"curies":[{"name":"wp","href":"https:\/\/api.w.org\/{rel}","templated":true}]}}