{"id":166880,"date":"2024-09-17T17:06:04","date_gmt":"2024-09-17T20:06:04","guid":{"rendered":"https:\/\/corrientesdetarde.com\/?p=166880"},"modified":"2024-09-17T17:06:15","modified_gmt":"2024-09-17T20:06:15","slug":"cardozo-se-reunio-con-directivos-nacionales-de-incluir-salud","status":"publish","type":"post","link":"https:\/\/corrientesdetarde.com\/index.php\/bienestar-y-salud\/cardozo-se-reunio-con-directivos-nacionales-de-incluir-salud\/","title":{"rendered":"Cardozo se reuni\u00f3 con directivos nacionales de Incluir Salud"},"content":{"rendered":"\n<p><em>El encuentro se centr\u00f3 en los procesos de env\u00edo de insumos y de medicamentos, y regularizaci\u00f3n de pagos para discapacidad.<\/em><\/p>\n\n\n\n<p>El ministro de Salud P\u00fablica, Ricardo Cardozo, se reuni\u00f3 este martes en Buenos Aires con los directivos nacionales del Programa Federal&nbsp; \u201cIncluir Salud&#8221;. En la oportunidad, acompa\u00f1\u00f3 el coordinador provincial Javier Fern\u00e1ndez.<\/p>\n\n\n\n<p>\u201cNos explicaron los cambios en la nueva gesti\u00f3n que implica mayor celeridad en el env\u00edo de medicamentos e insumos, los nuevos procesos y coordinamos para ir mejorando la comunicaci\u00f3n\u201d, dijo el ministro&nbsp;<strong>Ricardo Cardozo<\/strong>.<\/p>\n\n\n\n<p>\u201cTambi\u00e9n dialogamos sobre la regularizaci\u00f3n de los pagos para las entidades de discapacidad\u201d, agreg\u00f3.<\/p>\n\n\n\n<p>\u201cAdem\u00e1s, nos informaron del pase de Incluir a la \u00f3rbita del Ministerio de Salud, que era un reclamo permanente de los ministros de las provincias. De todos modos, las provincias seguir\u00e1n haci\u00e9ndose cargo del costo de las Di\u00e1lisis\u201d, sostuvo Cardozo.<\/p>\n","protected":false},"excerpt":{"rendered":"<p>El encuentro se centr\u00f3 en los procesos de env\u00edo de insumos y de medicamentos, y regularizaci\u00f3n de pagos para discapacidad. El ministro de Salud P\u00fablica, Ricardo Cardozo, se reuni\u00f3 este&hellip; <\/p>\n","protected":false},"author":8,"featured_media":166881,"comment_status":"closed","ping_status":"open","sticky":false,"template":"","format":"standard","meta":{"footnotes":""},"categories":[16],"tags":[],"class_list":["post-166880","post","type-post","status-publish","format-standard","has-post-thumbnail","hentry","category-bienestar-y-salud"],"_links":{"self":[{"href":"https:\/\/corrientesdetarde.com\/index.php\/wp-json\/wp\/v2\/posts\/166880","targetHints":{"allow":["GET"]}}],"collection":[{"href":"https:\/\/corrientesdetarde.com\/index.php\/wp-json\/wp\/v2\/posts"}],"about":[{"href":"https:\/\/corrientesdetarde.com\/index.php\/wp-json\/wp\/v2\/types\/post"}],"author":[{"embeddable":true,"href":"https:\/\/corrientesdetarde.com\/index.php\/wp-json\/wp\/v2\/users\/8"}],"replies":[{"embeddable":true,"href":"https:\/\/corrientesdetarde.com\/index.php\/wp-json\/wp\/v2\/comments?post=166880"}],"version-history":[{"count":1,"href":"https:\/\/corrientesdetarde.com\/index.php\/wp-json\/wp\/v2\/posts\/166880\/revisions"}],"predecessor-version":[{"id":166882,"href":"https:\/\/corrientesdetarde.com\/index.php\/wp-json\/wp\/v2\/posts\/166880\/revisions\/166882"}],"wp:featuredmedia":[{"embeddable":true,"href":"https:\/\/corrientesdetarde.com\/index.php\/wp-json\/wp\/v2\/media\/166881"}],"wp:attachment":[{"href":"https:\/\/corrientesdetarde.com\/index.php\/wp-json\/wp\/v2\/media?parent=166880"}],"wp:term":[{"taxonomy":"category","embeddable":true,"href":"https:\/\/corrientesdetarde.com\/index.php\/wp-json\/wp\/v2\/categories?post=166880"},{"taxonomy":"post_tag","embeddable":true,"href":"https:\/\/corrientesdetarde.com\/index.php\/wp-json\/wp\/v2\/tags?post=166880"}],"curies":[{"name":"wp","href":"https:\/\/api.w.org\/{rel}","templated":true}]}}