{"id":166883,"date":"2024-09-17T17:10:35","date_gmt":"2024-09-17T20:10:35","guid":{"rendered":"https:\/\/corrientesdetarde.com\/?p=166883"},"modified":"2024-09-17T17:10:39","modified_gmt":"2024-09-17T20:10:39","slug":"conversatorio-homenaje-a-mario-del-transito-cocomarola-en-el-instituto-de-cultura","status":"publish","type":"post","link":"https:\/\/corrientesdetarde.com\/index.php\/cultura\/conversatorio-homenaje-a-mario-del-transito-cocomarola-en-el-instituto-de-cultura\/","title":{"rendered":"Conversatorio homenaje a Mario del Tr\u00e1nsito Cocomarola en el Instituto de Cultura"},"content":{"rendered":"\n<p>El Instituto de Cultura de Corrientes invita al Conversatorio Homenaje a Mario del Tr\u00e1nsito Cocomarola que se realizar\u00e1 este mi\u00e9rcoles a las 19 horas, en el Patio de la Cultura &#8220;Marit\u00e9 Salas&#8221;, ubicado en San Juan 546 de esta Capital, con acceso libre y gratuito. Cabe recordar que este jueves&nbsp;19 de septiembre se cumplen 50 a\u00f1os del fallecimiento de una leyenda: el &#8220;Taita del chamam\u00e9&#8221;.<\/p>\n\n\n\n<p>Por este motivo, el organismo que preside Beatriz Kunin organiza una actividad especial que reunir\u00e1 a tres grandes exponentes del g\u00e9nero: el acordeonista y compositor Coquimarola; el cantante, guitarrista y compositor Sim\u00f3n de Jes\u00fas Palacios; y el acordeonista, autor y compositor Antonio Tarrag\u00f3 Ros. Es as\u00ed que en&nbsp;el marco de un Conversatorio moderado por Luis Moulin, los dos artistas invitados har\u00e1n un repaso por la carrera y aportes de la figura m\u00e1s influyente del chamam\u00e9, y por quien se celebra cada a\u00f1o el D\u00eda Nacional del Chamam\u00e9, declarado por la Ley Nacional 26.558.<\/p>\n\n\n\n<p>Se aprovechar\u00e1 la ocasi\u00f3n para destacar adem\u00e1s el reconocimiento del chamam\u00e9 como Patrimonio Cultural Inmaterial de la Humanidad, declarado por la Organizaci\u00f3n de las Naciones Unidas para la Educaci\u00f3n, la Ciencia y la Cultura (UNESCO, por sus siglas en ingl\u00e9s)&nbsp;en diciembre de 2020.&nbsp;<\/p>\n\n\n\n<figure class=\"wp-block-image size-large\"><img loading=\"lazy\" decoding=\"async\" width=\"819\" height=\"1024\" src=\"https:\/\/corrientesdetarde.com\/wp-content\/uploads\/2024\/09\/image-621-819x1024.png\" alt=\"\" class=\"wp-image-166884\" srcset=\"https:\/\/corrientesdetarde.com\/wp-content\/uploads\/2024\/09\/image-621-819x1024.png 819w, https:\/\/corrientesdetarde.com\/wp-content\/uploads\/2024\/09\/image-621-240x300.png 240w, https:\/\/corrientesdetarde.com\/wp-content\/uploads\/2024\/09\/image-621-768x960.png 768w, https:\/\/corrientesdetarde.com\/wp-content\/uploads\/2024\/09\/image-621.png 1080w\" sizes=\"auto, (max-width: 819px) 100vw, 819px\" \/><\/figure>\n","protected":false},"excerpt":{"rendered":"<p>El Instituto de Cultura de Corrientes invita al Conversatorio Homenaje a Mario del Tr\u00e1nsito Cocomarola que se realizar\u00e1 este mi\u00e9rcoles a las 19 horas, en el Patio de la Cultura&hellip; <\/p>\n","protected":false},"author":8,"featured_media":166885,"comment_status":"closed","ping_status":"open","sticky":false,"template":"","format":"standard","meta":{"footnotes":""},"categories":[15,26],"tags":[],"class_list":["post-166883","post","type-post","status-publish","format-standard","has-post-thumbnail","hentry","category-cultura","category-destacados"],"_links":{"self":[{"href":"https:\/\/corrientesdetarde.com\/index.php\/wp-json\/wp\/v2\/posts\/166883","targetHints":{"allow":["GET"]}}],"collection":[{"href":"https:\/\/corrientesdetarde.com\/index.php\/wp-json\/wp\/v2\/posts"}],"about":[{"href":"https:\/\/corrientesdetarde.com\/index.php\/wp-json\/wp\/v2\/types\/post"}],"author":[{"embeddable":true,"href":"https:\/\/corrientesdetarde.com\/index.php\/wp-json\/wp\/v2\/users\/8"}],"replies":[{"embeddable":true,"href":"https:\/\/corrientesdetarde.com\/index.php\/wp-json\/wp\/v2\/comments?post=166883"}],"version-history":[{"count":1,"href":"https:\/\/corrientesdetarde.com\/index.php\/wp-json\/wp\/v2\/posts\/166883\/revisions"}],"predecessor-version":[{"id":166886,"href":"https:\/\/corrientesdetarde.com\/index.php\/wp-json\/wp\/v2\/posts\/166883\/revisions\/166886"}],"wp:featuredmedia":[{"embeddable":true,"href":"https:\/\/corrientesdetarde.com\/index.php\/wp-json\/wp\/v2\/media\/166885"}],"wp:attachment":[{"href":"https:\/\/corrientesdetarde.com\/index.php\/wp-json\/wp\/v2\/media?parent=166883"}],"wp:term":[{"taxonomy":"category","embeddable":true,"href":"https:\/\/corrientesdetarde.com\/index.php\/wp-json\/wp\/v2\/categories?post=166883"},{"taxonomy":"post_tag","embeddable":true,"href":"https:\/\/corrientesdetarde.com\/index.php\/wp-json\/wp\/v2\/tags?post=166883"}],"curies":[{"name":"wp","href":"https:\/\/api.w.org\/{rel}","templated":true}]}}