{"id":167031,"date":"2024-09-18T11:25:38","date_gmt":"2024-09-18T14:25:38","guid":{"rendered":"https:\/\/corrientesdetarde.com\/?p=167031"},"modified":"2024-09-18T11:25:42","modified_gmt":"2024-09-18T14:25:42","slug":"corrientes-sera-sede-del-foro-regional-de-accion-climatica","status":"publish","type":"post","link":"https:\/\/corrientesdetarde.com\/index.php\/informacion-general\/corrientes-sera-sede-del-foro-regional-de-accion-climatica\/","title":{"rendered":"Corrientes ser\u00e1 Sede del Foro Regional de acci\u00f3n clim\u00e1tica"},"content":{"rendered":"\n<p><strong>Verena Boheme es&nbsp;la directora ejecutiva de &#8220;Manos Verdes&#8221; se refiri\u00f3 a lo que ser\u00e1 el 27 de septiembre el&nbsp;primer Foro Regional de Acci\u00f3n Clim\u00e1tica en la Ciudad de Corrientes en el Centro de convenciones.&#8221;Con diferentes sectores uniendo las diferentes actividades que estamos haciendo para intercambiar experiencias. Invitamos a expertos a nivel nacional e internacional&#8221;, afirm\u00f3.<\/strong><\/p>\n\n\n\n<p>Boheme dijo que &#8220;hablando con los diferentes sectores en ciudades y pueblos&nbsp;nos mostraron estar interesados en trabajar y saber como nos comportamos ante estos cambios clim\u00e1ticos&#8221;.<\/p>\n\n\n\n<p>&#8220;En estos problemas no estamos solos, el mundo comparte experiencias y se trata de hablar con otros para saber a qu\u00e9 soluciones han llegado y que se aplica ac\u00e1. Cada uno desde su rol&#8221;, agreg\u00f3.<\/p>\n","protected":false},"excerpt":{"rendered":"<p>Verena Boheme es&nbsp;la directora ejecutiva de &#8220;Manos Verdes&#8221; se refiri\u00f3 a lo que ser\u00e1 el 27 de septiembre el&nbsp;primer Foro Regional de Acci\u00f3n Clim\u00e1tica en la Ciudad de Corrientes en&hellip; <\/p>\n","protected":false},"author":12,"featured_media":167034,"comment_status":"closed","ping_status":"open","sticky":false,"template":"","format":"standard","meta":{"footnotes":""},"categories":[1],"tags":[],"class_list":["post-167031","post","type-post","status-publish","format-standard","has-post-thumbnail","hentry","category-informacion-general"],"_links":{"self":[{"href":"https:\/\/corrientesdetarde.com\/index.php\/wp-json\/wp\/v2\/posts\/167031","targetHints":{"allow":["GET"]}}],"collection":[{"href":"https:\/\/corrientesdetarde.com\/index.php\/wp-json\/wp\/v2\/posts"}],"about":[{"href":"https:\/\/corrientesdetarde.com\/index.php\/wp-json\/wp\/v2\/types\/post"}],"author":[{"embeddable":true,"href":"https:\/\/corrientesdetarde.com\/index.php\/wp-json\/wp\/v2\/users\/12"}],"replies":[{"embeddable":true,"href":"https:\/\/corrientesdetarde.com\/index.php\/wp-json\/wp\/v2\/comments?post=167031"}],"version-history":[{"count":1,"href":"https:\/\/corrientesdetarde.com\/index.php\/wp-json\/wp\/v2\/posts\/167031\/revisions"}],"predecessor-version":[{"id":167035,"href":"https:\/\/corrientesdetarde.com\/index.php\/wp-json\/wp\/v2\/posts\/167031\/revisions\/167035"}],"wp:featuredmedia":[{"embeddable":true,"href":"https:\/\/corrientesdetarde.com\/index.php\/wp-json\/wp\/v2\/media\/167034"}],"wp:attachment":[{"href":"https:\/\/corrientesdetarde.com\/index.php\/wp-json\/wp\/v2\/media?parent=167031"}],"wp:term":[{"taxonomy":"category","embeddable":true,"href":"https:\/\/corrientesdetarde.com\/index.php\/wp-json\/wp\/v2\/categories?post=167031"},{"taxonomy":"post_tag","embeddable":true,"href":"https:\/\/corrientesdetarde.com\/index.php\/wp-json\/wp\/v2\/tags?post=167031"}],"curies":[{"name":"wp","href":"https:\/\/api.w.org\/{rel}","templated":true}]}}