{"id":167036,"date":"2024-09-18T11:37:02","date_gmt":"2024-09-18T14:37:02","guid":{"rendered":"https:\/\/corrientesdetarde.com\/?p=167036"},"modified":"2024-09-18T11:37:14","modified_gmt":"2024-09-18T14:37:14","slug":"lopez-murphy-encabezara-un-debate-sobre-seguridad-y-federalismo","status":"publish","type":"post","link":"https:\/\/corrientesdetarde.com\/index.php\/politica\/lopez-murphy-encabezara-un-debate-sobre-seguridad-y-federalismo\/","title":{"rendered":"LOPEZ MURPHY ENCABEZARA UN DEBATE SOBRE SEGURIDAD Y FEDERALISMO"},"content":{"rendered":"\n<p>(Corresponsal\u00eda Buenos Aires) &#8211; El diputado nacional Ricardo L\u00f3pez Murphy, el ministro de Seguridad de la CABA Waldo Wolff y la Fiscal de C\u00e1mara Penal de la CABA Sandra Ver\u00f3nica Guagnino ser\u00e1n los oradores de una disertaci\u00f3n titulada \u201cSeguridad y Defensa &#8211; El desaf\u00edo de coordinar acciones en un pa\u00eds federal\u201d. Ser\u00e1 el pr\u00f3ximo 25 de septiembre a las 18, en el Palacio Balcarce.<br>La actividad, organizada por Republicanos Unidos (R.U.) y el Instituto de Formaci\u00f3n Liberal Juan B. Alberdi, fue coordinada por la referente de R.U., Mar\u00eda Rosa Davagnino.<br>\u201cLa seguridad y la defensa en un pa\u00eds federal como la Argentina, presenta un desaf\u00edo significativo debido a la necesidad de coordinar acciones entre los distintos niveles de gobierno -nacional, provincial y, en algunos casos, municipal-\u201c, explic\u00f3 Davagnino.<br>\u201cEste tema requiere de un enfoque multidimensional que contemple una distribuci\u00f3n equitativa de recursos y una clara definici\u00f3n de competencias; todo esto dentro del respeto a las autonom\u00edas respectivas\u201d.<br>Esta actividad se enmarca en una serie de charlas y debates que ha venido realizando el Instituto durante 2024.<br>El encuentro se realizar\u00e1 el pr\u00f3ximo mi\u00e9rcoles 25 de septiembre a las 18, en el Palacio Balcarce, ubicado en la Avenida Quintana 161, de la CABA, Piso 1.<\/p>\n","protected":false},"excerpt":{"rendered":"<p>(Corresponsal\u00eda Buenos Aires) &#8211; El diputado nacional Ricardo L\u00f3pez Murphy, el ministro de Seguridad de la CABA Waldo Wolff y la Fiscal de C\u00e1mara Penal de la CABA Sandra Ver\u00f3nica&hellip; <\/p>\n","protected":false},"author":11,"featured_media":167037,"comment_status":"closed","ping_status":"open","sticky":false,"template":"","format":"standard","meta":{"footnotes":""},"categories":[3],"tags":[],"class_list":["post-167036","post","type-post","status-publish","format-standard","has-post-thumbnail","hentry","category-politica"],"_links":{"self":[{"href":"https:\/\/corrientesdetarde.com\/index.php\/wp-json\/wp\/v2\/posts\/167036","targetHints":{"allow":["GET"]}}],"collection":[{"href":"https:\/\/corrientesdetarde.com\/index.php\/wp-json\/wp\/v2\/posts"}],"about":[{"href":"https:\/\/corrientesdetarde.com\/index.php\/wp-json\/wp\/v2\/types\/post"}],"author":[{"embeddable":true,"href":"https:\/\/corrientesdetarde.com\/index.php\/wp-json\/wp\/v2\/users\/11"}],"replies":[{"embeddable":true,"href":"https:\/\/corrientesdetarde.com\/index.php\/wp-json\/wp\/v2\/comments?post=167036"}],"version-history":[{"count":1,"href":"https:\/\/corrientesdetarde.com\/index.php\/wp-json\/wp\/v2\/posts\/167036\/revisions"}],"predecessor-version":[{"id":167038,"href":"https:\/\/corrientesdetarde.com\/index.php\/wp-json\/wp\/v2\/posts\/167036\/revisions\/167038"}],"wp:featuredmedia":[{"embeddable":true,"href":"https:\/\/corrientesdetarde.com\/index.php\/wp-json\/wp\/v2\/media\/167037"}],"wp:attachment":[{"href":"https:\/\/corrientesdetarde.com\/index.php\/wp-json\/wp\/v2\/media?parent=167036"}],"wp:term":[{"taxonomy":"category","embeddable":true,"href":"https:\/\/corrientesdetarde.com\/index.php\/wp-json\/wp\/v2\/categories?post=167036"},{"taxonomy":"post_tag","embeddable":true,"href":"https:\/\/corrientesdetarde.com\/index.php\/wp-json\/wp\/v2\/tags?post=167036"}],"curies":[{"name":"wp","href":"https:\/\/api.w.org\/{rel}","templated":true}]}}