{"id":167040,"date":"2024-09-18T12:46:11","date_gmt":"2024-09-18T15:46:11","guid":{"rendered":"https:\/\/corrientesdetarde.com\/?p=167040"},"modified":"2024-09-18T12:46:23","modified_gmt":"2024-09-18T15:46:23","slug":"la-vicegobernacion-firmo-convenio-con-la-asociacion-santa-lucia-football-club","status":"publish","type":"post","link":"https:\/\/corrientesdetarde.com\/index.php\/deportes\/la-vicegobernacion-firmo-convenio-con-la-asociacion-santa-lucia-football-club\/","title":{"rendered":"La Vicegobernaci\u00f3n firm\u00f3 convenio con la Asociaci\u00f3n \u201cSanta Luc\u00eda Football Club\u201d"},"content":{"rendered":"\n<p>El vicegobernador Pedro Braillard Poccard suscribi\u00f3 este mi\u00e9rcoles un convenio de cooperaci\u00f3n con la Asociaci\u00f3n Civil \u201cSanta Luc\u00eda Football Club\u201d, de dicha localidad, a partir del cual se brindar\u00e1 colaboraci\u00f3n en asistencia deportiva, charlas de Psicolog\u00eda en el Deporte, y otros talleres.<\/p>\n\n\n\n<p>En el sal\u00f3n de Acuerdos del Palacio legislativo, el Vicegobernador concret\u00f3 la r\u00fabrica con el Presidente del club, Walter Alberto S\u00e1nchez, quien agradeci\u00f3 el apoyo y explic\u00f3 el plan de trabajo que proyectan para fomentar y mejorar las actividades relacionadas con el deporte en general.<\/p>\n\n\n\n<p>Por su parte, Braillard Poccard se refiri\u00f3 a \u201cla importancia de la actividad f\u00edsica en la salud, ya que fomenta el desarrollo deportivo, cultural, y social de las personas\u201d, y ratific\u00f3 su compromiso para promover todo lo relacionado con la actividad deportiva.<\/p>\n\n\n\n<p>La Asociaci\u00f3n \u201cSanta Luc\u00eda Football Club\u201d trabaja para fomentar el deporte especialmente el f\u00fatbol, con especial \u00e9nfasis en el desarrollo f\u00edsico e intelectual de sus asociados, promueve todo tipo de expresi\u00f3n cultural, social y comunitaria entre los habitantes de la ciudad.<\/p>\n\n\n\n<p><\/p>\n\n\n\n<p><\/p>\n","protected":false},"excerpt":{"rendered":"<p>El vicegobernador Pedro Braillard Poccard suscribi\u00f3 este mi\u00e9rcoles un convenio de cooperaci\u00f3n con la Asociaci\u00f3n Civil \u201cSanta Luc\u00eda Football Club\u201d, de dicha localidad, a partir del cual se brindar\u00e1 colaboraci\u00f3n&hellip; <\/p>\n","protected":false},"author":1,"featured_media":167041,"comment_status":"closed","ping_status":"open","sticky":false,"template":"","format":"standard","meta":{"footnotes":""},"categories":[4,17],"tags":[],"class_list":["post-167040","post","type-post","status-publish","format-standard","has-post-thumbnail","hentry","category-deportes","category-sociales"],"_links":{"self":[{"href":"https:\/\/corrientesdetarde.com\/index.php\/wp-json\/wp\/v2\/posts\/167040","targetHints":{"allow":["GET"]}}],"collection":[{"href":"https:\/\/corrientesdetarde.com\/index.php\/wp-json\/wp\/v2\/posts"}],"about":[{"href":"https:\/\/corrientesdetarde.com\/index.php\/wp-json\/wp\/v2\/types\/post"}],"author":[{"embeddable":true,"href":"https:\/\/corrientesdetarde.com\/index.php\/wp-json\/wp\/v2\/users\/1"}],"replies":[{"embeddable":true,"href":"https:\/\/corrientesdetarde.com\/index.php\/wp-json\/wp\/v2\/comments?post=167040"}],"version-history":[{"count":1,"href":"https:\/\/corrientesdetarde.com\/index.php\/wp-json\/wp\/v2\/posts\/167040\/revisions"}],"predecessor-version":[{"id":167042,"href":"https:\/\/corrientesdetarde.com\/index.php\/wp-json\/wp\/v2\/posts\/167040\/revisions\/167042"}],"wp:featuredmedia":[{"embeddable":true,"href":"https:\/\/corrientesdetarde.com\/index.php\/wp-json\/wp\/v2\/media\/167041"}],"wp:attachment":[{"href":"https:\/\/corrientesdetarde.com\/index.php\/wp-json\/wp\/v2\/media?parent=167040"}],"wp:term":[{"taxonomy":"category","embeddable":true,"href":"https:\/\/corrientesdetarde.com\/index.php\/wp-json\/wp\/v2\/categories?post=167040"},{"taxonomy":"post_tag","embeddable":true,"href":"https:\/\/corrientesdetarde.com\/index.php\/wp-json\/wp\/v2\/tags?post=167040"}],"curies":[{"name":"wp","href":"https:\/\/api.w.org\/{rel}","templated":true}]}}