{"id":167043,"date":"2024-09-18T12:51:23","date_gmt":"2024-09-18T15:51:23","guid":{"rendered":"https:\/\/corrientesdetarde.com\/?p=167043"},"modified":"2024-09-18T12:51:35","modified_gmt":"2024-09-18T15:51:35","slug":"cuenta-con-media-sancion-el-proyecto-de-ley-de-licencia-especial-por-violencia-de-genero","status":"publish","type":"post","link":"https:\/\/corrientesdetarde.com\/index.php\/sociales\/cuenta-con-media-sancion-el-proyecto-de-ley-de-licencia-especial-por-violencia-de-genero\/","title":{"rendered":"Cuenta con media sanci\u00f3n el proyecto de ley de licencia especial por violencia de g\u00e9nero"},"content":{"rendered":"\n<p>El proyecto de ley que establece una licencia especial para trabajadores del sector p\u00fablico por violencia de g\u00e9nero cuenta con media sanci\u00f3n en la C\u00e1mara de Senadores y que se encuentra siendo analizado en Diputados, fue presentado por la senadora Sonia Quintana (UCR).<\/p>\n\n\n\n<p>El proyecto tiene como finalidad establecer una nueva licencia para todas aquellas personas que desempe\u00f1an sus funciones en la administraci\u00f3n p\u00fablica provincial, y se encuentren atravesando una situaci\u00f3n de violencia de g\u00e9nero, denominada \u201cLicencia por Violencia de G\u00e9nero\u201d.<\/p>\n\n\n\n<p>En los fundamentos expresa que \u201ccon la implementaci\u00f3n de esta licencia se busca brindar un espacio para que las personas afectadas por violencia de g\u00e9nero puedan abordar su situaci\u00f3n, sin que esto configure un impedimento en su lugar de trabajo\u201d.<br>Por la misma se otorgar\u00e1 de manera inmediata, con goce \u00edntegro de haberes y por un plazo de hasta siete d\u00edas, pudiendo prorrogarse por un periodo igual. Cabe destacar que el otorgamiento de dicha licencia no elimina ni compensa aquellas otras que el agente tiene derecho a gozar.<\/p>\n\n\n\n<p>En este sentido, lo que se pretende con esta propuesta es brindar un marco legal, dentro del \u00e1mbito laboral y visibilizar esta problem\u00e1tica que requiere de una protecci\u00f3n integral.<\/p>\n\n\n\n<p>Se espera que el proyecto cuente con la media sanci\u00f3n necesaria en la C\u00e1mara de Diputados para que se convierta en ley.<\/p>\n\n\n\n<p><\/p>\n\n\n\n<figure class=\"wp-block-image size-large\"><img loading=\"lazy\" decoding=\"async\" width=\"1024\" height=\"682\" src=\"https:\/\/corrientesdetarde.com\/wp-content\/uploads\/2024\/09\/1000020536-1024x682.jpg\" alt=\"\" class=\"wp-image-167045\" srcset=\"https:\/\/corrientesdetarde.com\/wp-content\/uploads\/2024\/09\/1000020536-1024x682.jpg 1024w, https:\/\/corrientesdetarde.com\/wp-content\/uploads\/2024\/09\/1000020536-300x200.jpg 300w, https:\/\/corrientesdetarde.com\/wp-content\/uploads\/2024\/09\/1000020536-768x512.jpg 768w, https:\/\/corrientesdetarde.com\/wp-content\/uploads\/2024\/09\/1000020536.jpg 1280w\" sizes=\"auto, (max-width: 1024px) 100vw, 1024px\" \/><\/figure>\n","protected":false},"excerpt":{"rendered":"<p>El proyecto de ley que establece una licencia especial para trabajadores del sector p\u00fablico por violencia de g\u00e9nero cuenta con media sanci\u00f3n en la C\u00e1mara de Senadores y que se&hellip; <\/p>\n","protected":false},"author":1,"featured_media":167044,"comment_status":"closed","ping_status":"open","sticky":false,"template":"","format":"standard","meta":{"footnotes":""},"categories":[23,17],"tags":[],"class_list":["post-167043","post","type-post","status-publish","format-standard","has-post-thumbnail","hentry","category-actualidad","category-sociales"],"_links":{"self":[{"href":"https:\/\/corrientesdetarde.com\/index.php\/wp-json\/wp\/v2\/posts\/167043","targetHints":{"allow":["GET"]}}],"collection":[{"href":"https:\/\/corrientesdetarde.com\/index.php\/wp-json\/wp\/v2\/posts"}],"about":[{"href":"https:\/\/corrientesdetarde.com\/index.php\/wp-json\/wp\/v2\/types\/post"}],"author":[{"embeddable":true,"href":"https:\/\/corrientesdetarde.com\/index.php\/wp-json\/wp\/v2\/users\/1"}],"replies":[{"embeddable":true,"href":"https:\/\/corrientesdetarde.com\/index.php\/wp-json\/wp\/v2\/comments?post=167043"}],"version-history":[{"count":1,"href":"https:\/\/corrientesdetarde.com\/index.php\/wp-json\/wp\/v2\/posts\/167043\/revisions"}],"predecessor-version":[{"id":167046,"href":"https:\/\/corrientesdetarde.com\/index.php\/wp-json\/wp\/v2\/posts\/167043\/revisions\/167046"}],"wp:featuredmedia":[{"embeddable":true,"href":"https:\/\/corrientesdetarde.com\/index.php\/wp-json\/wp\/v2\/media\/167044"}],"wp:attachment":[{"href":"https:\/\/corrientesdetarde.com\/index.php\/wp-json\/wp\/v2\/media?parent=167043"}],"wp:term":[{"taxonomy":"category","embeddable":true,"href":"https:\/\/corrientesdetarde.com\/index.php\/wp-json\/wp\/v2\/categories?post=167043"},{"taxonomy":"post_tag","embeddable":true,"href":"https:\/\/corrientesdetarde.com\/index.php\/wp-json\/wp\/v2\/tags?post=167043"}],"curies":[{"name":"wp","href":"https:\/\/api.w.org\/{rel}","templated":true}]}}