{"id":167050,"date":"2024-09-18T13:52:52","date_gmt":"2024-09-18T16:52:52","guid":{"rendered":"https:\/\/corrientesdetarde.com\/?p=167050"},"modified":"2024-09-18T13:52:55","modified_gmt":"2024-09-18T16:52:55","slug":"marcelo-puella-quien-quiera-conducir-el-peronismo-debe-estar-en-estos-momentos-en-la-calle","status":"publish","type":"post","link":"https:\/\/corrientesdetarde.com\/index.php\/politica\/marcelo-puella-quien-quiera-conducir-el-peronismo-debe-estar-en-estos-momentos-en-la-calle\/","title":{"rendered":"Marcelo Puella: \u201cQuien quiera conducir el peronismo debe estar en estos momentos en la calle\u201d"},"content":{"rendered":"\n<p>El presidente del Frente Nacional de Agrupaciones Peronistas, Marcelo Puella en declaraciones radiales advirti\u00f3: \u201cQue quien pretenda conducir al movimiento nacional justicialista en estos momentos, debe estar en la calle y acompa\u00f1ando a quienes pretende representar\u201d.<br>\u00abHoy la argentina vive un momento de gran angustia y los dirigentes debemos estar a la altura de las circunstancias. Es necesario tener una conducci\u00f3n del peronismo que se muestre en la calle, con la gente, no se es oposici\u00f3n desde bonitos despachos rosqueando en las sombras. Esos m\u00e9todos han fracasado\u00ab, se\u00f1al\u00f3 Marcelo Puella de cara a las internas en el Partido Justicialista.<\/p>\n\n\n\n<p>\u00abEstamos a meses de una interna partidaria en el PJ. El 17 de noviembre dirimiremos una nueva conducci\u00f3n de nuestro partido y la realidad, es que hay algunos aspirantes para ser presidentes del partido, pero hasta ahora no vi a nadie en las marchas defendiendo a nuestros jubilados que son reprimidos, ni a quienes peor la est\u00e1n pasando\u00ab, lament\u00f3 el dirigente peronista.<\/p>\n\n\n\n<p>Cr\u00edticas a los gremios<br>Marcelo Puella tambi\u00e9n apunt\u00f3 contra los gremios peronistas: \u201cEstamos notando que nuestra dirigencia sindical est\u00e1 ausente en los reclamos de nuestros jubilados, de los trabajadores, de los empleados p\u00fablicos que d\u00eda a d\u00eda son exterminados por este gobierno. El desfinanciamiento a nuestras universidades es una realidad, el ajuste salvaje al bolsillo del laburante es inhumano. Hay aumento de tarifas que son imposibles de pagar, no hay pol\u00edticas alimentarias para los ni\u00f1os que est\u00e1n comiendo salteado y en comedores comunitarios. No se les env\u00eda alimentos b\u00e1sicos a la poblaci\u00f3n que no tiene recursos. Existe un 52% de pobreza en nuestro pa\u00eds seg\u00fan los datos de la UCA (Universidad Cat\u00f3lica Argentina), la indigencia crece d\u00eda a d\u00eda y esto se ve en la calle, no se puede ocultar m\u00e1s. \u00bfAnte esta pol\u00edtica criminal, donde est\u00e1 la CGT?\u201d.<\/p>\n\n\n\n<p>\u00abAl gobierno de Milei se lo combate en la calle y junto al pueblo, no de espaldas a la sociedad que es quien m\u00e1s sufre este ajuste. Por estas razones, la conducci\u00f3n del Partido Justicialista como principal partido de la oposici\u00f3n, debe ser incuestionable y es necesario ser un gran acompa\u00f1ante de la clase pol\u00edtica en esta situaci\u00f3n donde se est\u00e1n cercenando todos los derechos del pueblo\u00bb, finaliz\u00f3 Puella.<\/p>\n","protected":false},"excerpt":{"rendered":"<p>El presidente del Frente Nacional de Agrupaciones Peronistas, Marcelo Puella en declaraciones radiales advirti\u00f3: \u201cQue quien pretenda conducir al movimiento nacional justicialista en estos momentos, debe estar en la calle&hellip; <\/p>\n","protected":false},"author":11,"featured_media":160085,"comment_status":"closed","ping_status":"open","sticky":false,"template":"","format":"standard","meta":{"footnotes":""},"categories":[3],"tags":[],"class_list":["post-167050","post","type-post","status-publish","format-standard","has-post-thumbnail","hentry","category-politica"],"_links":{"self":[{"href":"https:\/\/corrientesdetarde.com\/index.php\/wp-json\/wp\/v2\/posts\/167050","targetHints":{"allow":["GET"]}}],"collection":[{"href":"https:\/\/corrientesdetarde.com\/index.php\/wp-json\/wp\/v2\/posts"}],"about":[{"href":"https:\/\/corrientesdetarde.com\/index.php\/wp-json\/wp\/v2\/types\/post"}],"author":[{"embeddable":true,"href":"https:\/\/corrientesdetarde.com\/index.php\/wp-json\/wp\/v2\/users\/11"}],"replies":[{"embeddable":true,"href":"https:\/\/corrientesdetarde.com\/index.php\/wp-json\/wp\/v2\/comments?post=167050"}],"version-history":[{"count":1,"href":"https:\/\/corrientesdetarde.com\/index.php\/wp-json\/wp\/v2\/posts\/167050\/revisions"}],"predecessor-version":[{"id":167053,"href":"https:\/\/corrientesdetarde.com\/index.php\/wp-json\/wp\/v2\/posts\/167050\/revisions\/167053"}],"wp:featuredmedia":[{"embeddable":true,"href":"https:\/\/corrientesdetarde.com\/index.php\/wp-json\/wp\/v2\/media\/160085"}],"wp:attachment":[{"href":"https:\/\/corrientesdetarde.com\/index.php\/wp-json\/wp\/v2\/media?parent=167050"}],"wp:term":[{"taxonomy":"category","embeddable":true,"href":"https:\/\/corrientesdetarde.com\/index.php\/wp-json\/wp\/v2\/categories?post=167050"},{"taxonomy":"post_tag","embeddable":true,"href":"https:\/\/corrientesdetarde.com\/index.php\/wp-json\/wp\/v2\/tags?post=167050"}],"curies":[{"name":"wp","href":"https:\/\/api.w.org\/{rel}","templated":true}]}}