{"id":167159,"date":"2024-09-19T07:34:52","date_gmt":"2024-09-19T10:34:52","guid":{"rendered":"https:\/\/corrientesdetarde.com\/?p=167159"},"modified":"2024-09-19T07:35:04","modified_gmt":"2024-09-19T10:35:04","slug":"gobernadores-del-litoral-dan-un-paso-vital-de-integracion-regional","status":"publish","type":"post","link":"https:\/\/corrientesdetarde.com\/index.php\/actualidad\/gobernadores-del-litoral-dan-un-paso-vital-de-integracion-regional\/","title":{"rendered":"Gobernadores del Litoral dan un paso vital de integraci\u00f3n regional"},"content":{"rendered":"\n<p>Vald\u00e9s ser\u00e1 anfitri\u00f3n de sus pares de la zona que se convocan para conformar un bloque entre el NEA, m\u00e1s Santa Fe y Entre R\u00edos. Apuestan a unificar estrategias conjuntas con una mirada federal. Esperan la presencia de los seis mandatarios, incluso de Formosa y Misiones.<a href=\"https:\/\/api.whatsapp.com\/send?text=Gobernadores%20del%20Litoral%20dan%20un%20paso%20vital%20de%20integraci%C3%B3n%20regional%20-%20https:\/\/www.diarioepoca.com\/1332812-gobernadores-del-litoral-dan-un-paso-vital-de-integracion-regional?utm_source=WhatsApp%26utm_medium=WhatsApp%26utm_campaign=WhatsApp%26utm_term=WhatsApp\" target=\"_blank\" rel=\"noreferrer noopener\"><\/a><a href=\"https:\/\/www.diarioepoca.com\/1332812-gobernadores-del-litoral-dan-un-paso-vital-de-integracion-regional#\"><\/a><a href=\"https:\/\/www.diarioepoca.com\/1332812-gobernadores-del-litoral-dan-un-paso-vital-de-integracion-regional#\"><\/a><\/p>\n\n\n\n<p>En busca de una consolidaci\u00f3n como bloque regional de peso pol\u00edtico, hist\u00f3rico y productivo en el pa\u00eds, la relanzada regi\u00f3n Litoral (el NEA m\u00e1s Santa Fe y Entre R\u00edos) est\u00e1 frente a un paso trascendental para avanzar en sus metas iniciales.<\/p>\n\n\n\n<p>Como uno de los impulsores de este espacio, el gobernador Gustavo Vald\u00e9s ser\u00e1 este jueves por la tarde el anfitri\u00f3n de un encuentro de mandatarios de la zona en cuesti\u00f3n. Los espera un d\u00eda antes en la ciudad de Bella Vista, donde se encontrar\u00e1n para suscribir un acuerdo marco de hermanamiento entre las provincias.<\/p>\n\n\n\n<p>La cubre es la continuidad de un encuentro que hace un mes hab\u00edan protagonizado Vald\u00e9s y su par de Santa Fe, Maximiliano Pullaro, en un acto llevado a cabo en territorio santafesino, cruzando el Paran\u00e1, m\u00e1s precisamente en Villa Ocampo, frente a Bella Vista.<\/p>\n\n\n\n<p>Hasta la v\u00edspera del encuentro se ten\u00eda confirmada la presencia de cuatro gobernadores, los que integran el espacio de (\u00bfex?) Juntos por el Cambio. Estos son los radicales Vald\u00e9s, Leandro Zdero (del Chaco) y el mencionado santafesino Pullaro, adem\u00e1s del entrerriano Rogelio Frigerio del PRO. Pero se esperaba, hasta \u00faltimo momento, que est\u00e9n los seis en total y que se les sumen a los nombrados el formose\u00f1o Gildo Insfr\u00e1n (PJ) y el misionero Hugo Passalacqua (Frente Renovador de la Concordia).<\/p>\n\n\n\n<p>Lo cierto es que el objetivo de la cumbre es dar finalmente un paso vital de integraci\u00f3n regional y despu\u00e9s articular acciones en bloque.<\/p>\n\n\n\n<p>&#8220;Est\u00e1 definida la agenda con una mirada desde el NEA m\u00e1s Entre R\u00edos y Santa Fe: tenemos mucho para hablar&#8221;, dijo Vald\u00e9s a la prensa local antes de ir a Bella Vista.<\/p>\n\n\n\n<p>En este sentido mencion\u00f3 los &#8220;recursos pesqueros, la producci\u00f3n, industrias y dem\u00e1s aspectos interesantes en un marco de estrategia com\u00fan. Atender problem\u00e1ticas comunes para defender intereses comunes&#8221;, acentu\u00f3 el Mandatario.<\/p>\n\n\n\n<p>Previo al encuentro con sus pares, el Gobernador cumpli\u00f3 con una agenda oficial que contempl\u00f3 en la tarde de este mi\u00e9rcoles la entrega de notebooks en la Escuela Normal por el programa Incluir Futuro para estudiantes del secundario.<\/p>\n\n\n\n<p>En tanto que en horas del mediod\u00eda de este jueves, Vald\u00e9s participar\u00e1 de la inauguraci\u00f3n de la planta de jugos y aceites esenciales &#8220;UT BV SA&#8221; y encabezar\u00e1 el lanzamiento del Plan Naranja, en un encuentro a llevarse a cabo en cercan\u00edas de la Ruta N\u00b027 en el ingreso al matadero municipal.<\/p>\n\n\n\n<p>Finalmente, a las 15, sobre la costanera local, dar\u00e1 la bienvenida a sus pares en el marco del encuentro de gobernadores del Litoral, donde se rubricar\u00e1 un acuerdo marco de hermanamiento entre las provincias presentes.\u00a0<\/p>\n","protected":false},"excerpt":{"rendered":"<p>Vald\u00e9s ser\u00e1 anfitri\u00f3n de sus pares de la zona que se convocan para conformar un bloque entre el NEA, m\u00e1s Santa Fe y Entre R\u00edos. Apuestan a unificar estrategias conjuntas&hellip; <\/p>\n","protected":false},"author":12,"featured_media":167163,"comment_status":"closed","ping_status":"open","sticky":false,"template":"","format":"standard","meta":{"footnotes":""},"categories":[23],"tags":[],"class_list":["post-167159","post","type-post","status-publish","format-standard","has-post-thumbnail","hentry","category-actualidad"],"_links":{"self":[{"href":"https:\/\/corrientesdetarde.com\/index.php\/wp-json\/wp\/v2\/posts\/167159","targetHints":{"allow":["GET"]}}],"collection":[{"href":"https:\/\/corrientesdetarde.com\/index.php\/wp-json\/wp\/v2\/posts"}],"about":[{"href":"https:\/\/corrientesdetarde.com\/index.php\/wp-json\/wp\/v2\/types\/post"}],"author":[{"embeddable":true,"href":"https:\/\/corrientesdetarde.com\/index.php\/wp-json\/wp\/v2\/users\/12"}],"replies":[{"embeddable":true,"href":"https:\/\/corrientesdetarde.com\/index.php\/wp-json\/wp\/v2\/comments?post=167159"}],"version-history":[{"count":1,"href":"https:\/\/corrientesdetarde.com\/index.php\/wp-json\/wp\/v2\/posts\/167159\/revisions"}],"predecessor-version":[{"id":167164,"href":"https:\/\/corrientesdetarde.com\/index.php\/wp-json\/wp\/v2\/posts\/167159\/revisions\/167164"}],"wp:featuredmedia":[{"embeddable":true,"href":"https:\/\/corrientesdetarde.com\/index.php\/wp-json\/wp\/v2\/media\/167163"}],"wp:attachment":[{"href":"https:\/\/corrientesdetarde.com\/index.php\/wp-json\/wp\/v2\/media?parent=167159"}],"wp:term":[{"taxonomy":"category","embeddable":true,"href":"https:\/\/corrientesdetarde.com\/index.php\/wp-json\/wp\/v2\/categories?post=167159"},{"taxonomy":"post_tag","embeddable":true,"href":"https:\/\/corrientesdetarde.com\/index.php\/wp-json\/wp\/v2\/tags?post=167159"}],"curies":[{"name":"wp","href":"https:\/\/api.w.org\/{rel}","templated":true}]}}