{"id":167278,"date":"2024-09-19T19:04:10","date_gmt":"2024-09-19T22:04:10","guid":{"rendered":"https:\/\/corrientesdetarde.com\/?p=167278"},"modified":"2024-09-19T19:04:11","modified_gmt":"2024-09-19T22:04:11","slug":"la-desocupacion-subio-al-76-en-el-segundo-trimestre-y-alcanzo-a-17-millones-de-argentinos","status":"publish","type":"post","link":"https:\/\/corrientesdetarde.com\/index.php\/sociales\/la-desocupacion-subio-al-76-en-el-segundo-trimestre-y-alcanzo-a-17-millones-de-argentinos\/","title":{"rendered":"La desocupaci\u00f3n subi\u00f3 al 7,6% en el segundo trimestre y alcanz\u00f3 a 1,7 millones de argentinos"},"content":{"rendered":"\n<p>La desocupaci\u00f3n subi\u00f3 al 7,6% en el segundo trimestre de 2024 frente al 6,2% del mismo per\u00edodo de 2023, lo que implic\u00f3 un avance de 1,4 puntos porcentuales (p.p.), seg\u00fan inform\u00f3 el Instituto Nacional de Estad\u00edsticas y Censos (INDEC). Sin embargo, frente al trimestre previo experiment\u00f3 una leve baja de 0,1 p.p., ya que el desempleo se ubic\u00f3 en 7,7%.<\/p>\n\n\n\n<p>Extrapolado a la poblaci\u00f3n, la desocupaci\u00f3n alcanz\u00f3 a 1.734.000 de argentinos en el segundo trimestre, unos 383.000 nuevos desocupados, seg\u00fan precis\u00f3 en di\u00e1logo con \u00c1mbito el economista del CEPA, Hern\u00e1n Letcher. Aunque, al considerar el total de la Poblaci\u00f3n Econ\u00f3micamente Activa (PEA), pas\u00f3 del 47,6% al 48,5% (0,9 p.p por encima del mismo per\u00edodo del a\u00f1o previo), mientras que la tasa de empleo tuvo una suba muy marginal, del 44,6% al 44,8%. &#8220;La mayor desocupaci\u00f3n se explica por las personas que entran al mercado (\u00bfbajos ingresos en el hogar?) y no consiguen trabajo&#8221;, resalt\u00f3 Luis Campos, Investigador del Instituto de Estudios y Formaci\u00f3n de la CTA &#8211; Aut\u00f3noma.<\/p>\n\n\n\n<p><strong>La tasa de desocupaci\u00f3n sigue en los m\u00e1ximos de la pandemia<\/strong><\/p>\n\n\n\n<p>Durante el primer trimestre de 2024, la tasa de desocupaci\u00f3n alcanz\u00f3 los m\u00e1ximos de la pandemia y, en el segundo trimestre, los mantiene. Seg\u00fan analiz\u00f3 Campos, la desocupaci\u00f3n es la m\u00e1s alta desde el segundo trimestre desde 2016, a excepci\u00f3n de 2020. &#8220;Con una actividad que lleva tres trimestres en rojo y donde solo tracciona el agro, el 7,6% hasta no parece un mal n\u00famero&#8221;, agreg\u00f3.<\/p>\n\n\n\n<p>Salvando las distancias, el propio Gobierno prev\u00e9 que la desocupaci\u00f3n contin\u00fae en aumento: en el Presupuesto 2025 que present\u00f3 el Ejecutivo, se proyect\u00f3 que los seguros de desempleo pasar\u00edan de 112.439 en 2024 a 161.127 para el a\u00f1o que viene.<\/p>\n\n\n\n<p>La semana que viene el INDEC publicar\u00e1 los datos de pobreza e indigencia del primer semestre del a\u00f1o.<\/p>\n\n\n\n<p>La tasa de subocupaci\u00f3n marc\u00f3 el 11,8% de la PEA, un aumento de 1,2 p.p. frente al segundo trimestre del a\u00f1o previo (10,6%), mientras que los otros ocupados demandantes y los otros ocupados no demandantes disponibles alcanzaron, en conjunto, el 10,3% de la PEA.<\/p>\n\n\n\n<p>Consecuentemente, la presi\u00f3n sobre el mercado laboral, conformada por el universo de desocupados, subocupados, ocupados demandantes y ocupados no demandantes disponibles, creci\u00f3 del 27,9% al 29,7% de la PEA en la comparaci\u00f3n interanual.<\/p>\n\n\n\n<p>Dentro de la poblaci\u00f3n ocupada (44,8%), se destac\u00f3 que el 73,8% son asalariados, mientras que el 36,4% no cuenta con descuento jubilatorio. Por otra parte, el 23% trabaja por cuenta propia, el 3% son patrones y el 0,3% son trabajadores familiares sin remuneraci\u00f3n.<\/p>\n\n\n\n<p>&#8220;Las que peor la pasaron fueron las mujeres j\u00f3venes. La tasa de desocupaci\u00f3n subi\u00f3 3 p.p. (pas\u00f3 del 13,4% al 16,5%), por lejos el retroceso m\u00e1s importante. Los varones j\u00f3venes tambi\u00e9n la sufrieron: pasaron del 12,3% al 13,9%&#8221;, asegur\u00f3 Campos.<\/p>\n\n\n\n<p>Al desagregar por nivel geogr\u00e1fico, las ciudades con mayor desempleo son: Resistencia (11%), La Plata (9,9%), el GBA (9,1%) y Trelew (9,0%). En el otro extremo, las ciudades con desocupaci\u00f3n casi inexistente son Santiago del Estero (0,7%) y Viedma (0,9%).<\/p>\n\n\n\n<p>&#8220;C\u00f3rdoba y Jujuy son otros dos aglomerados para poner el foco. La desocupaci\u00f3n no fue tan elevada all\u00ed (8,2% y 4% respectivamente), pero los ocupados demandantes est\u00e1n en niveles alt\u00edsimos (28,2% y 28,1%). M\u00e1s de un tercio de los trabajadores buscando activamente trabajo&#8221;, a\u00f1adi\u00f3 Campos.<\/p>\n","protected":false},"excerpt":{"rendered":"<p>La desocupaci\u00f3n subi\u00f3 al 7,6% en el segundo trimestre de 2024 frente al 6,2% del mismo per\u00edodo de 2023, lo que implic\u00f3 un avance de 1,4 puntos porcentuales (p.p.), seg\u00fan&hellip; <\/p>\n","protected":false},"author":1,"featured_media":167287,"comment_status":"closed","ping_status":"open","sticky":false,"template":"","format":"standard","meta":{"footnotes":""},"categories":[17],"tags":[],"class_list":["post-167278","post","type-post","status-publish","format-standard","has-post-thumbnail","hentry","category-sociales"],"_links":{"self":[{"href":"https:\/\/corrientesdetarde.com\/index.php\/wp-json\/wp\/v2\/posts\/167278","targetHints":{"allow":["GET"]}}],"collection":[{"href":"https:\/\/corrientesdetarde.com\/index.php\/wp-json\/wp\/v2\/posts"}],"about":[{"href":"https:\/\/corrientesdetarde.com\/index.php\/wp-json\/wp\/v2\/types\/post"}],"author":[{"embeddable":true,"href":"https:\/\/corrientesdetarde.com\/index.php\/wp-json\/wp\/v2\/users\/1"}],"replies":[{"embeddable":true,"href":"https:\/\/corrientesdetarde.com\/index.php\/wp-json\/wp\/v2\/comments?post=167278"}],"version-history":[{"count":1,"href":"https:\/\/corrientesdetarde.com\/index.php\/wp-json\/wp\/v2\/posts\/167278\/revisions"}],"predecessor-version":[{"id":167288,"href":"https:\/\/corrientesdetarde.com\/index.php\/wp-json\/wp\/v2\/posts\/167278\/revisions\/167288"}],"wp:featuredmedia":[{"embeddable":true,"href":"https:\/\/corrientesdetarde.com\/index.php\/wp-json\/wp\/v2\/media\/167287"}],"wp:attachment":[{"href":"https:\/\/corrientesdetarde.com\/index.php\/wp-json\/wp\/v2\/media?parent=167278"}],"wp:term":[{"taxonomy":"category","embeddable":true,"href":"https:\/\/corrientesdetarde.com\/index.php\/wp-json\/wp\/v2\/categories?post=167278"},{"taxonomy":"post_tag","embeddable":true,"href":"https:\/\/corrientesdetarde.com\/index.php\/wp-json\/wp\/v2\/tags?post=167278"}],"curies":[{"name":"wp","href":"https:\/\/api.w.org\/{rel}","templated":true}]}}