{"id":167563,"date":"2024-09-21T09:01:09","date_gmt":"2024-09-21T12:01:09","guid":{"rendered":"https:\/\/corrientesdetarde.com\/?p=167563"},"modified":"2024-09-21T09:01:10","modified_gmt":"2024-09-21T12:01:10","slug":"la-34a-fiesta-nacional-del-chamame-sera-presentada-en-caba-al-aire-libre","status":"publish","type":"post","link":"https:\/\/corrientesdetarde.com\/index.php\/cultura\/la-34a-fiesta-nacional-del-chamame-sera-presentada-en-caba-al-aire-libre\/","title":{"rendered":"La 34\u00aa Fiesta Nacional del Chamam\u00e9 ser\u00e1 presentada en CABA al aire libre"},"content":{"rendered":"\n<p>La presentaci\u00f3n de la Fiesta Grande se realizar\u00e1 el s\u00e1bado 28 de septiembre, a partir de las 16, en el anfiteatro de Parque Centenario en la ciudad de Buenos Aires. De esta manera, Corrientes mostrar\u00e1 al pa\u00eds la edici\u00f3n 34\u00aa de nuestro acervo musical.<\/p>\n\n\n\n<p>El Gobierno de Corrientes, a trav\u00e9s del Instituto de Cultura, avanza con los preparativos para el lanzamiento nacional de la Fiesta Grande, que se realizar\u00e1 el s\u00e1bado 28 de septiembre, a partir de las 16, en el anfiteatro de Parque Centenario en la ciudad de Buenos Aires.<\/p>\n\n\n\n<p>&#8220;Junto al Ministerio de Cultura de CABA estamos con los \u00faltimos detalles para la presentaci\u00f3n de la 34\u00aa Fiesta Nacional del Chamam\u00e9 en un espacio emblem\u00e1tico de la ciudad de Buenos Aires, como es el anfiteatro de Parque Centenario&#8221;, se\u00f1al\u00f3 la presidente del Instituto de Cultura de Corrientes, Beatriz Kunin.<\/p>\n\n\n\n<p>Como ocurre cada a\u00f1o, el Gobierno de la Provincia realizar\u00e1 una invitaci\u00f3n a todos los argentinos a formar parte de la mayor celebraci\u00f3n popular de los correntinos a desarrollarse del 17 al 26 de enero de 2025. En esta oportunidad, ser\u00e1 con un espect\u00e1culo de alto nivel en el anfiteatro de Parque Centenario, que tiene una capacidad para m\u00e1s de 1.500 personas.<\/p>\n\n\n\n<p>&#8220;Esperamos que los correntinos que viven en Buenos Aires y el p\u00fablico en general se sume a esta fiesta chamamecera y disfrute de la m\u00fasica y la danza que nos identifica&#8221;, agreg\u00f3 la funcionaria.<\/p>\n\n\n\n<p>Despu\u00e9s de la presentaci\u00f3n oficial de parte de las autoridades provinciales y la proyecci\u00f3n del tr\u00e1iler oficial, subir\u00e1n al escenario importantes figuras del g\u00e9nero. Formar\u00e1n parte de la grilla de artistas Antonio Tarrag\u00f3 Ros, Juan y Ernestito Montiel y el Cuarteto Santa Ana, Atardeciendo Amaneceres con Carolina Rojas e invitados especiales.<\/p>\n\n\n\n<p>La danza tendr\u00e1 tambi\u00e9n su protagonismo de la mano de los bailarines del Ballet de Casa de Corrientes y no faltar\u00e1 la gastronom\u00eda t\u00edpica y premios.<\/p>\n\n\n\n<h2 class=\"wp-block-heading\">Acciones promocionales<\/h2>\n\n\n\n<p>La promoci\u00f3n de la pr\u00f3xima edici\u00f3n de la Fiesta Nacional del Chamam\u00e9 comenzar\u00e1 d\u00edas antes del lanzamiento oficial, con intervenciones musicales del grupo Chamam\u00e9 Ku\u00f1\u00e1 en subtes y trenes de la Ciudad Aut\u00f3noma de Buenos Aires.<\/p>\n\n\n\n<p>Y continuar\u00e1 el domingo 29 de septiembre en la Feria Internacional del Turismo (FIT), en el predio ferial de La Rural en Palermo. All\u00ed, el Gobierno de la Provincia tendr\u00e1 su stand institucional donde invitar\u00e1 a asistir a la mayor celebraci\u00f3n popular de los correntinos y, con el mismo objetivo, ser\u00e1 la actuaci\u00f3n en el escenario exterior del joven artista Exequiel Fern\u00e1ndez.<\/p>\n","protected":false},"excerpt":{"rendered":"<p>La presentaci\u00f3n de la Fiesta Grande se realizar\u00e1 el s\u00e1bado 28 de septiembre, a partir de las 16, en el anfiteatro de Parque Centenario en la ciudad de Buenos Aires.&hellip; <\/p>\n","protected":false},"author":3,"featured_media":167579,"comment_status":"closed","ping_status":"open","sticky":false,"template":"","format":"standard","meta":{"footnotes":""},"categories":[15],"tags":[],"class_list":["post-167563","post","type-post","status-publish","format-standard","has-post-thumbnail","hentry","category-cultura"],"_links":{"self":[{"href":"https:\/\/corrientesdetarde.com\/index.php\/wp-json\/wp\/v2\/posts\/167563","targetHints":{"allow":["GET"]}}],"collection":[{"href":"https:\/\/corrientesdetarde.com\/index.php\/wp-json\/wp\/v2\/posts"}],"about":[{"href":"https:\/\/corrientesdetarde.com\/index.php\/wp-json\/wp\/v2\/types\/post"}],"author":[{"embeddable":true,"href":"https:\/\/corrientesdetarde.com\/index.php\/wp-json\/wp\/v2\/users\/3"}],"replies":[{"embeddable":true,"href":"https:\/\/corrientesdetarde.com\/index.php\/wp-json\/wp\/v2\/comments?post=167563"}],"version-history":[{"count":1,"href":"https:\/\/corrientesdetarde.com\/index.php\/wp-json\/wp\/v2\/posts\/167563\/revisions"}],"predecessor-version":[{"id":167608,"href":"https:\/\/corrientesdetarde.com\/index.php\/wp-json\/wp\/v2\/posts\/167563\/revisions\/167608"}],"wp:featuredmedia":[{"embeddable":true,"href":"https:\/\/corrientesdetarde.com\/index.php\/wp-json\/wp\/v2\/media\/167579"}],"wp:attachment":[{"href":"https:\/\/corrientesdetarde.com\/index.php\/wp-json\/wp\/v2\/media?parent=167563"}],"wp:term":[{"taxonomy":"category","embeddable":true,"href":"https:\/\/corrientesdetarde.com\/index.php\/wp-json\/wp\/v2\/categories?post=167563"},{"taxonomy":"post_tag","embeddable":true,"href":"https:\/\/corrientesdetarde.com\/index.php\/wp-json\/wp\/v2\/tags?post=167563"}],"curies":[{"name":"wp","href":"https:\/\/api.w.org\/{rel}","templated":true}]}}