{"id":167582,"date":"2024-09-21T10:02:31","date_gmt":"2024-09-21T13:02:31","guid":{"rendered":"https:\/\/corrientesdetarde.com\/?p=167582"},"modified":"2024-09-21T10:02:32","modified_gmt":"2024-09-21T13:02:32","slug":"el-requisito-fundamental-de-la-tarjeta-alimentar-de-anses-para-cobrar-en-octubre-2024","status":"publish","type":"post","link":"https:\/\/corrientesdetarde.com\/index.php\/informacion-general\/el-requisito-fundamental-de-la-tarjeta-alimentar-de-anses-para-cobrar-en-octubre-2024\/","title":{"rendered":"El requisito fundamental de la Tarjeta Alimentar de ANSES para cobrar en octubre 2024"},"content":{"rendered":"\n<p>La Administraci\u00f3n Nacional de la Seguridad Social inform\u00f3 el cambio en una de las condiciones a cumplir para recibir este beneficio.<\/p>\n\n\n\n<p>La Administraci\u00f3n Nacional de la Seguridad Social (ANSES) confirm\u00f3 la modificaci\u00f3n en uno de los requisitos para aplicar a la Tarjeta Alimentar y seguir cobrando o empezar a cobrar este beneficio en octubre 2024.<\/p>\n\n\n\n<p>El organismo previsional que dirige Mariano De los Heros dispuso en conjunto con el Ministerio de Capital Humano la extensi\u00f3n de la edad en los menores que apliquen al programa, con el objetivo de que m\u00e1s familias puedan recibir esta prestaci\u00f3n para suplir los efectos de la crisis econ\u00f3mica.<br>&nbsp;<br>De todos modos, vale destacar que la Tarjeta Alimentar es un complemento que reciben los beneficiarios de otras prestaciones de ANSES, y que la edad de los hijos a cargo no es el \u00fanico requisito a tener en cuenta para recibirlo.<\/p>\n\n\n\n<p><strong>Requisitos de la Tarjeta Alimentar de ANSES<\/strong><\/p>\n\n\n\n<p>Pueden acceder al programa los y las titulares de:<\/p>\n\n\n\n<p>Asignaci\u00f3n Universal por Hijo (AUH) de hasta 17 a\u00f1os (antes era hasta los 14 a\u00f1os).<br>Asignaci\u00f3n Universal por Hijo (AUH) con discapacidad<br>Asignaci\u00f3n por Embarazo (AUE)<br>Pensi\u00f3n No Contributiva para Madres de siete hijos o m\u00e1s<br>Monto de la Tarjeta Alimentar de ANSES en septiembre 2024<br>Familias con tres o m\u00e1s hijos: $108.062.<br>Familias con dos hijos: $81.936.<br>Familias con un hijo: $52.250.<\/p>\n","protected":false},"excerpt":{"rendered":"<p>La Administraci\u00f3n Nacional de la Seguridad Social inform\u00f3 el cambio en una de las condiciones a cumplir para recibir este beneficio. La Administraci\u00f3n Nacional de la Seguridad Social (ANSES) confirm\u00f3&hellip; <\/p>\n","protected":false},"author":3,"featured_media":167597,"comment_status":"closed","ping_status":"open","sticky":false,"template":"","format":"standard","meta":{"footnotes":""},"categories":[1],"tags":[],"class_list":["post-167582","post","type-post","status-publish","format-standard","has-post-thumbnail","hentry","category-informacion-general"],"_links":{"self":[{"href":"https:\/\/corrientesdetarde.com\/index.php\/wp-json\/wp\/v2\/posts\/167582","targetHints":{"allow":["GET"]}}],"collection":[{"href":"https:\/\/corrientesdetarde.com\/index.php\/wp-json\/wp\/v2\/posts"}],"about":[{"href":"https:\/\/corrientesdetarde.com\/index.php\/wp-json\/wp\/v2\/types\/post"}],"author":[{"embeddable":true,"href":"https:\/\/corrientesdetarde.com\/index.php\/wp-json\/wp\/v2\/users\/3"}],"replies":[{"embeddable":true,"href":"https:\/\/corrientesdetarde.com\/index.php\/wp-json\/wp\/v2\/comments?post=167582"}],"version-history":[{"count":1,"href":"https:\/\/corrientesdetarde.com\/index.php\/wp-json\/wp\/v2\/posts\/167582\/revisions"}],"predecessor-version":[{"id":167613,"href":"https:\/\/corrientesdetarde.com\/index.php\/wp-json\/wp\/v2\/posts\/167582\/revisions\/167613"}],"wp:featuredmedia":[{"embeddable":true,"href":"https:\/\/corrientesdetarde.com\/index.php\/wp-json\/wp\/v2\/media\/167597"}],"wp:attachment":[{"href":"https:\/\/corrientesdetarde.com\/index.php\/wp-json\/wp\/v2\/media?parent=167582"}],"wp:term":[{"taxonomy":"category","embeddable":true,"href":"https:\/\/corrientesdetarde.com\/index.php\/wp-json\/wp\/v2\/categories?post=167582"},{"taxonomy":"post_tag","embeddable":true,"href":"https:\/\/corrientesdetarde.com\/index.php\/wp-json\/wp\/v2\/tags?post=167582"}],"curies":[{"name":"wp","href":"https:\/\/api.w.org\/{rel}","templated":true}]}}