{"id":167744,"date":"2024-10-24T09:41:37","date_gmt":"2024-10-24T12:41:37","guid":{"rendered":"https:\/\/corrientesdetarde.com\/?p=167744"},"modified":"2024-10-24T09:41:38","modified_gmt":"2024-10-24T12:41:38","slug":"goya-se-prepara-para-la-11a-fiesta-provincial-del-inmigrante","status":"publish","type":"post","link":"https:\/\/corrientesdetarde.com\/index.php\/eventos\/goya-se-prepara-para-la-11a-fiesta-provincial-del-inmigrante\/","title":{"rendered":"Goya se prepara para la 11\u00aa Fiesta Provincial del Inmigrante"},"content":{"rendered":"\n<p>Este encuentro cultural durante ambas jornadas, adem\u00e1s del Desfile Tradicional por las calles de Goya, ofrecer\u00e1 un show musical, sabores de las comidas t\u00edpicas de cada pa\u00eds interviniente, y otro dato de color, es que de las reinas de las colectividades surgir\u00e1 la nueva Reina Provincial de la Fiesta del Inmigrante. Es as\u00ed que la presidenta de la Comisi\u00f3n Organizadora de la Fiesta, M\u00f3nica Pazos, detall\u00f3 que se contar\u00e1 con stands de las diferentes colectividades mostrando su cultura y platos t\u00edpicos, como as\u00ed tambi\u00e9n ballets demostrando las danzas tradicionales sobre el escenario.<\/p>\n\n\n\n<p>Se dispondr\u00e1 de servicio de cantina y la entrada ser\u00e1 totalmente gratuita.<\/p>\n\n\n\n<p><strong>Programaci\u00f3n<\/strong><\/p>\n\n\n\n<p>Este viernes 25 de octubre el evento iniciar\u00e1 a las 20.30 horas con el Ballet de Apertura que interpretar\u00e1n &#8220;El Viaje de los Inmigrantes&#8221;. Seguidamente tendr\u00e1n la palabra de bienvenida la Reina Provincial del Inmigrante, Ana Paula Acosta, y sus princesas.<\/p>\n\n\n\n<p>Se continuar\u00e1 con la presentaci\u00f3n de colectividades; palabras de la presidenta de la Comisi\u00f3n Organizadora, M\u00f3nica Pazos; como as\u00ed tambi\u00e9n del intendente de Goya, Mariano Hormaechea. Ser\u00e1 el turno de actuaci\u00f3n del &nbsp;Ballet de la Colectividad Espa\u00f1ola y del Ballet Infanto Juvenil de la Colectividad Alemana; luego show de presentaci\u00f3n de reinas: pasada en vestido de noche; seguir\u00e1 la Academia &#8220;Nadia Quintana&#8221; con coreograf\u00eda en homenaje a los inmigrantes italianos; y la Orquesta Municipal.<\/p>\n\n\n\n<p>Se pasar\u00e1 a un int\u00e9rvalo de 15 minutos, para iniciar la segunda parte con los ballets de Argentina; de la Colectividad de Per\u00fa; de la Colectividad Croata; de Rusia; Brasilera; coreograf\u00eda de Danzas \u00c1rabes con la Academia Adawaia; Ballet de Danzas B\u00falgaras de Las Bre\u00f1as, Chaco; y se cerrar\u00e1 con &#8220;La Odisea&#8221;.<\/p>\n\n\n\n<p>En tanto que este s\u00e1bado 26 de octubre iniciar\u00e1 a las 21 con el Ballet de Apertura; luego ser\u00e1 el turno de la presentaci\u00f3n de la se\u00f1ora Isabel Bolo y su &#8220;Grupo Ava\u00f1e\u00b4e&#8221;; continuar\u00e1n los Ballets de la Colectividad Alemana y de la Colectividad Irlandesa; vendr\u00e1 la Escuela Municipal de Danzas; y una pasada de las reinas de colectividades en trajes t\u00edpicos. M\u00e1s tarde se presentar\u00e1n los ballets de la Colectividad de Brasil; Ballet Municipal; de la Colectividad H\u00fangara; de la Colectividad Italiana; Colectividad Rusa; de la Colectividad de Pa\u00edses \u00c1rabes; de Per\u00fa; Trovador Ballet; Ballet B\u00falgaro de Las Bre\u00f1as, Chaco; comparsa Aymara; y el cierre estar\u00e1 a cargo de &#8220;Os Demonios&#8221;.<\/p>\n\n\n\n<p>Cabe destacar adem\u00e1s que ambas noches se contar\u00e1 con San Patricio Happy Hour.<\/p>\n\n\n\n<p><\/p>\n","protected":false},"excerpt":{"rendered":"<p>Este encuentro cultural durante ambas jornadas, adem\u00e1s del Desfile Tradicional por las calles de Goya, ofrecer\u00e1 un show musical, sabores de las comidas t\u00edpicas de cada pa\u00eds interviniente, y otro&hellip; <\/p>\n","protected":false},"author":1,"featured_media":167763,"comment_status":"closed","ping_status":"open","sticky":false,"template":"","format":"standard","meta":{"footnotes":""},"categories":[22,1658],"tags":[],"class_list":["post-167744","post","type-post","status-publish","format-standard","has-post-thumbnail","hentry","category-eventos","category-interior"],"_links":{"self":[{"href":"https:\/\/corrientesdetarde.com\/index.php\/wp-json\/wp\/v2\/posts\/167744","targetHints":{"allow":["GET"]}}],"collection":[{"href":"https:\/\/corrientesdetarde.com\/index.php\/wp-json\/wp\/v2\/posts"}],"about":[{"href":"https:\/\/corrientesdetarde.com\/index.php\/wp-json\/wp\/v2\/types\/post"}],"author":[{"embeddable":true,"href":"https:\/\/corrientesdetarde.com\/index.php\/wp-json\/wp\/v2\/users\/1"}],"replies":[{"embeddable":true,"href":"https:\/\/corrientesdetarde.com\/index.php\/wp-json\/wp\/v2\/comments?post=167744"}],"version-history":[{"count":1,"href":"https:\/\/corrientesdetarde.com\/index.php\/wp-json\/wp\/v2\/posts\/167744\/revisions"}],"predecessor-version":[{"id":167764,"href":"https:\/\/corrientesdetarde.com\/index.php\/wp-json\/wp\/v2\/posts\/167744\/revisions\/167764"}],"wp:featuredmedia":[{"embeddable":true,"href":"https:\/\/corrientesdetarde.com\/index.php\/wp-json\/wp\/v2\/media\/167763"}],"wp:attachment":[{"href":"https:\/\/corrientesdetarde.com\/index.php\/wp-json\/wp\/v2\/media?parent=167744"}],"wp:term":[{"taxonomy":"category","embeddable":true,"href":"https:\/\/corrientesdetarde.com\/index.php\/wp-json\/wp\/v2\/categories?post=167744"},{"taxonomy":"post_tag","embeddable":true,"href":"https:\/\/corrientesdetarde.com\/index.php\/wp-json\/wp\/v2\/tags?post=167744"}],"curies":[{"name":"wp","href":"https:\/\/api.w.org\/{rel}","templated":true}]}}