{"id":167762,"date":"2024-10-24T09:48:20","date_gmt":"2024-10-24T12:48:20","guid":{"rendered":"https:\/\/corrientesdetarde.com\/?p=167762"},"modified":"2024-10-24T09:48:21","modified_gmt":"2024-10-24T12:48:21","slug":"a-partir-de-este-sabado-el-pasaje-de-colectivo-comenzara-a-costar-1290","status":"publish","type":"post","link":"https:\/\/corrientesdetarde.com\/index.php\/informacion-general\/a-partir-de-este-sabado-el-pasaje-de-colectivo-comenzara-a-costar-1290\/","title":{"rendered":"A partir de este s\u00e1bado el pasaje de colectivo comenzar\u00e1 a costar $1290"},"content":{"rendered":"\n<p>Tras el nuevo aumento aprobado, comenzar\u00e1 a regir el nuevo precio del boleto del transporte p\u00fablico. Fuentes oficiales confirmaronque el pasaje comenzar\u00e1 a costar $1290 a partir de este s\u00e1bado 26 de octubre, por lo que los correntinos deber\u00e1n abonar un 30,3% m\u00e1s para trasladarse en la ciudad de Corrientes.\u00a0<\/p>\n\n\n\n<p>Con una suba de $300, cada pasaje de colectivo urbano pasa de $990 a $1290. Con la confirmaci\u00f3n de la fecha, a partir de este s\u00e1bado los usuarios comenzar\u00e1n a pagar el nuevo precio.&nbsp;<\/p>\n\n\n\n<p>Los choferes de las distintas unidades fueron notificados este mi\u00e9rcoles: \u201cSe\u00f1ores conductores se informa que el d\u00eda viernes 25\/10 se har\u00e1 efectivo el cambio de tarifa urbana la cual ser\u00e1 cargada al servidor entre las 23,30 de dicho d\u00eda\u201d.\u00a0<\/p>\n\n\n\n<p>\u201cLos servicios que inician el s\u00e1bado 26\/10 deber\u00e1n tener la tarifa cargada en $1290, de no ser as\u00ed, notificar al \u00e1rea t\u00e9cnica por favor\u201d, se completa la advertencia.&nbsp;<\/p>\n\n\n\n<p>El nuevo precio que comenzar\u00e1 a regir este fin de semana hab\u00eda comenzado a estar en foco a fines de septiembre. Con el reclamo salarial de los choferes de colectivos, que luego llegaron a un acuerdo, el incremento del pasaje era una de las posibilidades que se analizaba y finalmente para el 10 de octubre se aprob\u00f3.&nbsp;<\/p>\n\n\n\n<p>En lo que va del a\u00f1o, el costo del pasaje subi\u00f3 un 545%. En febrero la actualizaci\u00f3n fue de $200 a $590, en marzo el costo pas\u00f3 de $590 a $690 y en abril, a $990, otra vez con un aumento de $300. Este precio se mantuvo durante los \u00faltimos cinco meses.\u00a0<\/p>\n\n\n\n<p><\/p>\n\n\n\n<figure class=\"wp-block-image size-full\"><img loading=\"lazy\" decoding=\"async\" width=\"807\" height=\"454\" src=\"https:\/\/corrientesdetarde.com\/wp-content\/uploads\/2024\/10\/image-15.png\" alt=\"\" class=\"wp-image-167773\" srcset=\"https:\/\/corrientesdetarde.com\/wp-content\/uploads\/2024\/10\/image-15.png 807w, https:\/\/corrientesdetarde.com\/wp-content\/uploads\/2024\/10\/image-15-300x169.png 300w, https:\/\/corrientesdetarde.com\/wp-content\/uploads\/2024\/10\/image-15-768x432.png 768w\" sizes=\"auto, (max-width: 807px) 100vw, 807px\" \/><\/figure>\n\n\n\n<p><\/p>\n","protected":false},"excerpt":{"rendered":"<p>Tras el nuevo aumento aprobado, comenzar\u00e1 a regir el nuevo precio del boleto del transporte p\u00fablico. Fuentes oficiales confirmaronque el pasaje comenzar\u00e1 a costar $1290 a partir de este s\u00e1bado&hellip; <\/p>\n","protected":false},"author":1,"featured_media":128753,"comment_status":"closed","ping_status":"open","sticky":false,"template":"","format":"standard","meta":{"footnotes":""},"categories":[1],"tags":[],"class_list":["post-167762","post","type-post","status-publish","format-standard","has-post-thumbnail","hentry","category-informacion-general"],"_links":{"self":[{"href":"https:\/\/corrientesdetarde.com\/index.php\/wp-json\/wp\/v2\/posts\/167762","targetHints":{"allow":["GET"]}}],"collection":[{"href":"https:\/\/corrientesdetarde.com\/index.php\/wp-json\/wp\/v2\/posts"}],"about":[{"href":"https:\/\/corrientesdetarde.com\/index.php\/wp-json\/wp\/v2\/types\/post"}],"author":[{"embeddable":true,"href":"https:\/\/corrientesdetarde.com\/index.php\/wp-json\/wp\/v2\/users\/1"}],"replies":[{"embeddable":true,"href":"https:\/\/corrientesdetarde.com\/index.php\/wp-json\/wp\/v2\/comments?post=167762"}],"version-history":[{"count":1,"href":"https:\/\/corrientesdetarde.com\/index.php\/wp-json\/wp\/v2\/posts\/167762\/revisions"}],"predecessor-version":[{"id":167775,"href":"https:\/\/corrientesdetarde.com\/index.php\/wp-json\/wp\/v2\/posts\/167762\/revisions\/167775"}],"wp:featuredmedia":[{"embeddable":true,"href":"https:\/\/corrientesdetarde.com\/index.php\/wp-json\/wp\/v2\/media\/128753"}],"wp:attachment":[{"href":"https:\/\/corrientesdetarde.com\/index.php\/wp-json\/wp\/v2\/media?parent=167762"}],"wp:term":[{"taxonomy":"category","embeddable":true,"href":"https:\/\/corrientesdetarde.com\/index.php\/wp-json\/wp\/v2\/categories?post=167762"},{"taxonomy":"post_tag","embeddable":true,"href":"https:\/\/corrientesdetarde.com\/index.php\/wp-json\/wp\/v2\/tags?post=167762"}],"curies":[{"name":"wp","href":"https:\/\/api.w.org\/{rel}","templated":true}]}}