{"id":167766,"date":"2024-10-24T09:43:43","date_gmt":"2024-10-24T12:43:43","guid":{"rendered":"https:\/\/corrientesdetarde.com\/?p=167766"},"modified":"2024-10-24T09:43:55","modified_gmt":"2024-10-24T12:43:55","slug":"preocupacion-en-boca-por-la-lesion-del-correntino-kevin-zenon","status":"publish","type":"post","link":"https:\/\/corrientesdetarde.com\/index.php\/informacion-general\/preocupacion-en-boca-por-la-lesion-del-correntino-kevin-zenon\/","title":{"rendered":"Preocupaci\u00f3n en Boca por la lesi\u00f3n del correntino Kevin Zen\u00f3n"},"content":{"rendered":"\n<p>Kevin Zen\u00f3n encendi\u00f3 las alarmas en Boca en la victoria por penales ante Gimnasia y Esgrima La Plata, por los cuartos de final de la Copa Argentina. El mediocampista recibi\u00f3 una dura infracci\u00f3n en el tobillo izquierdo -Fernando Gago le dijo al \u00e1rbitro Jorge Bali\u00f1o que &#8220;lo rompieron&#8221;- y se realizar\u00e1 estudios m\u00e9dicos para conocer la gravedad de su lesi\u00f3n.<\/p>\n\n\n\n<p>Boca avanz\u00f3 a las semifinales de la Copa Argentina, tras igualar 1-1 contra Gimnasia, el arquero Leandro Brey se transform\u00f3 en la figura del partido en la tanda de penales: ataj\u00f3 cuatro de los cinco disparos del equipo rival para asegurarle al equipo de Fernando Gago seguir en carrera en el torneo que entrega una plaza para la Copa Libertadores 2025.<\/p>\n\n\n\n<p><\/p>\n\n\n\n<p>M\u00e1s all\u00e1 de la actuaci\u00f3n del joven portero, que fue superlativa y decisiva para el pasaje del Xeneize a una nueva instancia del certamen, la nota negativa para el equipo ganador fue la lesi\u00f3n de Kevin Zen\u00f3n. Corr\u00eda el minuto 91 del partido cuando el ex volante de Uni\u00f3n ten\u00eda el control de la pelota en campo contrario y avanzaba al \u00e1rea cuando Nicol\u00e1s Garayalde lo tumb\u00f3 con una fuerte infracci\u00f3n desde atr\u00e1s.<\/p>\n\n\n\n<p>R\u00e1pidamente, el jugador de Boca comenz\u00f3 a mostrar signos de mucho dolor y hasta hizo el gesto de cambio con sus manos, lo que gener\u00f3 preocupaci\u00f3n en los primeros compa\u00f1eros que se acercaron a ver c\u00f3mo se encontraba, entre ellos estuvieron Pol Fern\u00e1ndez y Luis Adv\u00edncula. A pesar de la dura entrada, el \u00e1rbitro Jorge Bali\u00f1o ni siquiera le mostr\u00f3 tarjeta amarilla al reciente ingresado en el Lobo platense.<\/p>\n\n\n\n<p>Tras el ingreso al campo de juego de los m\u00e9dicos de Boca, los especialistas revisaron al zurdo, que tuvo que salir en camilla. Al que se lo vio sumamente molesto durante toda la escena fue al entrenador xeneize. Gago se quej\u00f3 de manera airada con el cuarto juez, al que le mencion\u00f3: \u201cest\u00e1 hace media hora tirado y ni siquiera una tarjeta\u201d, se escuch\u00f3 al ex mediocampista en la transmisi\u00f3n de TyC Sports.<\/p>\n\n\n\n<p>El mediocampista sali\u00f3 con el pie inmovilizado y en las entra\u00f1as del predio de Ezeiza ya empiezan a hablar de un posible esguince de grado dos, lo que lo marginar\u00eda durante varias semanas del campo de juego. En principio, mientras sus compa\u00f1eros se entrenan por la ma\u00f1ana,<strong>&nbsp;se ir\u00e1 a realizar los estudios correspondientes para conocer la gravedad de la lesi\u00f3n<\/strong>&nbsp;y los pasos a seguir.<\/p>\n","protected":false},"excerpt":{"rendered":"<p>Kevin Zen\u00f3n encendi\u00f3 las alarmas en Boca en la victoria por penales ante Gimnasia y Esgrima La Plata, por los cuartos de final de la Copa Argentina. El mediocampista recibi\u00f3&hellip; <\/p>\n","protected":false},"author":1,"featured_media":167767,"comment_status":"closed","ping_status":"open","sticky":false,"template":"","format":"standard","meta":{"footnotes":""},"categories":[1],"tags":[],"class_list":["post-167766","post","type-post","status-publish","format-standard","has-post-thumbnail","hentry","category-informacion-general"],"_links":{"self":[{"href":"https:\/\/corrientesdetarde.com\/index.php\/wp-json\/wp\/v2\/posts\/167766","targetHints":{"allow":["GET"]}}],"collection":[{"href":"https:\/\/corrientesdetarde.com\/index.php\/wp-json\/wp\/v2\/posts"}],"about":[{"href":"https:\/\/corrientesdetarde.com\/index.php\/wp-json\/wp\/v2\/types\/post"}],"author":[{"embeddable":true,"href":"https:\/\/corrientesdetarde.com\/index.php\/wp-json\/wp\/v2\/users\/1"}],"replies":[{"embeddable":true,"href":"https:\/\/corrientesdetarde.com\/index.php\/wp-json\/wp\/v2\/comments?post=167766"}],"version-history":[{"count":1,"href":"https:\/\/corrientesdetarde.com\/index.php\/wp-json\/wp\/v2\/posts\/167766\/revisions"}],"predecessor-version":[{"id":167768,"href":"https:\/\/corrientesdetarde.com\/index.php\/wp-json\/wp\/v2\/posts\/167766\/revisions\/167768"}],"wp:featuredmedia":[{"embeddable":true,"href":"https:\/\/corrientesdetarde.com\/index.php\/wp-json\/wp\/v2\/media\/167767"}],"wp:attachment":[{"href":"https:\/\/corrientesdetarde.com\/index.php\/wp-json\/wp\/v2\/media?parent=167766"}],"wp:term":[{"taxonomy":"category","embeddable":true,"href":"https:\/\/corrientesdetarde.com\/index.php\/wp-json\/wp\/v2\/categories?post=167766"},{"taxonomy":"post_tag","embeddable":true,"href":"https:\/\/corrientesdetarde.com\/index.php\/wp-json\/wp\/v2\/tags?post=167766"}],"curies":[{"name":"wp","href":"https:\/\/api.w.org\/{rel}","templated":true}]}}