{"id":167769,"date":"2024-10-24T09:50:16","date_gmt":"2024-10-24T12:50:16","guid":{"rendered":"https:\/\/corrientesdetarde.com\/?p=167769"},"modified":"2024-10-24T09:50:29","modified_gmt":"2024-10-24T12:50:29","slug":"se-realizo-en-ituzaingo-la-1-expo-rural-del-norte-correntino","status":"publish","type":"post","link":"https:\/\/corrientesdetarde.com\/index.php\/eventos\/se-realizo-en-ituzaingo-la-1-expo-rural-del-norte-correntino\/","title":{"rendered":"Se realiz\u00f3 en Ituzaing\u00f3 la 1\u00b0 Expo Rural del Norte correntino"},"content":{"rendered":"\n<p>La Exposici\u00f3n Rural de Ituzaing\u00f3 y de los departamentos del Norte correntino ofreci\u00f3 dos jornadas con la muestra del trabajo de los productores ganaderos, en donde se brind\u00f3 un espacio especial para actividades vinculadas a la producci\u00f3n de arroz y forrajes, que mostraron el potencial que tiene el campo en esta regi\u00f3n.<\/p>\n\n\n\n<p>El encuentro exhibi\u00f3 un nutrido programa, atractivo para el sector productivo, tur\u00edstico y gastron\u00f3mico de la regi\u00f3n, con jornadas profesionales, exhibici\u00f3n y venta de reproductores delas principales razas bovinas, y ovinas. En ese contexto, el s\u00e1bado se concret\u00f3 el remate de hacienda general (gordo, invernada, cr\u00eda) y remate de gen\u00e9tica para el Iber\u00e1 (Brangus, Braford, Brahman, B\u00fafalos, Ovinos y Porcinos).<\/p>\n\n\n\n<p>El evento, cont\u00f3 con la presencia del gobernador de Corrientes Gustavo Vald\u00e9s, quien primeramente realiz\u00f3 el tradicional corte de cintas con el cual dej\u00f3 habilitada la etapa inicial de obras en el predio donde se realiza la Expo y que pertenece a la Asociaci\u00f3n Civil &#8220;El Pombero&#8221;.<\/p>\n\n\n\n<p>En su discurso, expres\u00f3 que &#8220;tenemos que comenzar a pensar en grande&#8221;, ya que &#8220;la conjugaci\u00f3n de lo colectivo tiene que ser m\u00e1s grande de lo que tenemos&#8221;, refiri\u00e9ndose a los objetivos y metas a largo plazo, en la producci\u00f3n correntina.<\/p>\n\n\n\n<p>Vald\u00e9s destac\u00f3 que el espacio remozado permite nuclear a todos los productores de la zona de Ituzaing\u00f3, &#8220;que es ganadera por excelencia&#8221;. &#8220;Ac\u00e1 comienzan los Esteros del Iber\u00e1 hasta cerca de la zona de Mercedes, y es un lugar neur\u00e1lgico de distribuci\u00f3n que tiene una centralidad hacia Posadas, Corrientes, Virasoro, Santo Tom\u00e9, y que tiene posibilidades de salida al Puerto&#8221;, a\u00f1adi\u00f3 en mismo, en cuanto a las bondades de la ubicaci\u00f3n del predio rural.<\/p>\n\n\n\n<p>El mismo, dio cuenta que esta nueva sede &#8220;tiene que ser un lugar de encuentro de la producci\u00f3n ganadera, que est\u00e1 cuarta en el ranking nacional en ganado vacuno&#8221;. En este marco, el gobernador detall\u00f3 que Corrientes cuenta con 5 millones de cabezas de ganado, y que &#8220;los correntinos tenemos la mejor gen\u00e9tica de la Argentina&#8221;.<\/p>\n\n\n\n<p>Posteriormente, en el predio &#8220;El Pombero&#8221;, Vald\u00e9s presidi\u00f3 la inauguraci\u00f3n oficial de la 1\u00ba Exposici\u00f3n Rural de Ituzaing\u00f3 y de los departamentos del Norte Correntinos y 2\u00ba Remate de Gen\u00e9tica del Iber\u00e1, conjuntamente con la entrega de certificados de reconocimiento a productores participantes.<\/p>\n\n\n\n<p>&#8220;Esta Expo nace del trabajo conjunto con la Asociaci\u00f3n Civil &#8220;El Pombero&#8221;, aportando todos juntos para que este evento sea un \u00e9xito no solo en la ciudad sino en la regi\u00f3n&#8221;, dijo el intendente de Ituzaing\u00f3, Juan Pablo Vald\u00e9s. El intendente puso de relieve que este es un &#8220;lugar de encuentro del campo, de los productores de nuestra gente, de las familias&#8221; y descont\u00f3 que la venta de haciendas &#8220;tendr\u00e1 muy buena repercusi\u00f3n en la econom\u00eda&#8221;.<\/p>\n\n\n\n<p>Este evento fue organizado por la Mesa Interinstitucional de Ituzaing\u00f3, el INTA, el Gobierno de Corrientes a trav\u00e9s del IderCor, la municipalidad de Ituzaing\u00f3, el municipio de San Antonio, la Asociaci\u00f3n Civil de Productores del Humedal Norte &#8220;El Pombero&#8221;, el Instituto Superior de Formaci\u00f3n Docente (ISFD) de Ituzaing\u00f3, Subsede ISFD Ber\u00f3n Astrada (Ituzaing\u00f3), Subsede ISFD Loreto (Ca\u00e1 Cat\u00ed) y la Escuela de la Familia Agraria (EFA) Ituzaing\u00f3.<\/p>\n","protected":false},"excerpt":{"rendered":"<p>La Exposici\u00f3n Rural de Ituzaing\u00f3 y de los departamentos del Norte correntino ofreci\u00f3 dos jornadas con la muestra del trabajo de los productores ganaderos, en donde se brind\u00f3 un espacio&hellip; <\/p>\n","protected":false},"author":1,"featured_media":167777,"comment_status":"closed","ping_status":"open","sticky":false,"template":"","format":"standard","meta":{"footnotes":""},"categories":[22,1658],"tags":[],"class_list":["post-167769","post","type-post","status-publish","format-standard","has-post-thumbnail","hentry","category-eventos","category-interior"],"_links":{"self":[{"href":"https:\/\/corrientesdetarde.com\/index.php\/wp-json\/wp\/v2\/posts\/167769","targetHints":{"allow":["GET"]}}],"collection":[{"href":"https:\/\/corrientesdetarde.com\/index.php\/wp-json\/wp\/v2\/posts"}],"about":[{"href":"https:\/\/corrientesdetarde.com\/index.php\/wp-json\/wp\/v2\/types\/post"}],"author":[{"embeddable":true,"href":"https:\/\/corrientesdetarde.com\/index.php\/wp-json\/wp\/v2\/users\/1"}],"replies":[{"embeddable":true,"href":"https:\/\/corrientesdetarde.com\/index.php\/wp-json\/wp\/v2\/comments?post=167769"}],"version-history":[{"count":1,"href":"https:\/\/corrientesdetarde.com\/index.php\/wp-json\/wp\/v2\/posts\/167769\/revisions"}],"predecessor-version":[{"id":167778,"href":"https:\/\/corrientesdetarde.com\/index.php\/wp-json\/wp\/v2\/posts\/167769\/revisions\/167778"}],"wp:featuredmedia":[{"embeddable":true,"href":"https:\/\/corrientesdetarde.com\/index.php\/wp-json\/wp\/v2\/media\/167777"}],"wp:attachment":[{"href":"https:\/\/corrientesdetarde.com\/index.php\/wp-json\/wp\/v2\/media?parent=167769"}],"wp:term":[{"taxonomy":"category","embeddable":true,"href":"https:\/\/corrientesdetarde.com\/index.php\/wp-json\/wp\/v2\/categories?post=167769"},{"taxonomy":"post_tag","embeddable":true,"href":"https:\/\/corrientesdetarde.com\/index.php\/wp-json\/wp\/v2\/tags?post=167769"}],"curies":[{"name":"wp","href":"https:\/\/api.w.org\/{rel}","templated":true}]}}