{"id":167797,"date":"2024-10-24T10:02:35","date_gmt":"2024-10-24T13:02:35","guid":{"rendered":"https:\/\/corrientesdetarde.com\/?p=167797"},"modified":"2024-10-24T10:02:39","modified_gmt":"2024-10-24T13:02:39","slug":"caso-loan-excarcelaron-a-siete-imputados-de-la-fundacion-dupuy","status":"publish","type":"post","link":"https:\/\/corrientesdetarde.com\/index.php\/policiales\/caso-loan-excarcelaron-a-siete-imputados-de-la-fundacion-dupuy\/","title":{"rendered":"Caso Loan: excarcelaron a siete imputados de la fundaci\u00f3n Dupuy"},"content":{"rendered":"\n<p>La C\u00e1mara Federal de Corrientes, hizo lugar a una apelaci\u00f3n de la denegatoria de excarcelaci\u00f3n de las defensas de siete imputados de una causa conexa al expediente principal por la desaparici\u00f3n de Loan Danilo Pe\u00f1a.&nbsp;<br>Se trata de los imputados que est\u00e1n relacionadas con la Fundaci\u00f3n Lucio Dupuy.<br>El Fiscal de C\u00e1mara adhiri\u00f3 a la concesi\u00f3n de la libertad fundando dicha decisi\u00f3n en la ausencia de riesgo de fuga y adem\u00e1s, porque carecen de antecedentes penales, sumado a que no se advierten que pudieran entorpecer la investigaci\u00f3n.<br>En atenci\u00f3n a esa adhesi\u00f3n del Fiscal, la C\u00e1mara Federal de Corrientes hizo lugar a los recursos de apelaci\u00f3n y resolvi\u00f3 conceder la excarcelaci\u00f3n a: Elizabet Noem\u00ed Cutaia, Alan Juan Jos\u00e9 Ca\u00f1ete, Leonardo Daniel Rubio, Delfina Taborda, Pablo Javier Noguera, Pablo Gabriel Nu\u00f1ez y Valeria Liliana L\u00f3pez.<\/p>\n\n\n\n<p>El fallo resuelve adem\u00e1s que los imputados deber\u00e1n presentarse peri\u00f3dicamente ante el juez o ante la autoridad que designe y advierten una prohibici\u00f3n de salir sin autorizaci\u00f3n previa del \u00e1mbito territorial que se determine.<br>Tambi\u00e9n se les proh\u00edbe comunicarse o acercarse por cualquier medio a Macarena Pe\u00f1a, Camila N\u00fa\u00f1ez y los menores Y.N, J.A.B y M.A.B, y respecto de todos los ni\u00f1os, ni\u00f1as y adolescentes que hayan testificado en el caso o puedan hacerlo por su parentesco con la v\u00edctima o cualquiera de las personas imputadas por su desaparici\u00f3n en el marco de estas actuaciones.<\/p>\n","protected":false},"excerpt":{"rendered":"<p>La C\u00e1mara Federal de Corrientes, hizo lugar a una apelaci\u00f3n de la denegatoria de excarcelaci\u00f3n de las defensas de siete imputados de una causa conexa al expediente principal por la&hellip; <\/p>\n","protected":false},"author":1,"featured_media":166351,"comment_status":"closed","ping_status":"open","sticky":false,"template":"","format":"standard","meta":{"footnotes":""},"categories":[33],"tags":[],"class_list":["post-167797","post","type-post","status-publish","format-standard","has-post-thumbnail","hentry","category-policiales"],"_links":{"self":[{"href":"https:\/\/corrientesdetarde.com\/index.php\/wp-json\/wp\/v2\/posts\/167797","targetHints":{"allow":["GET"]}}],"collection":[{"href":"https:\/\/corrientesdetarde.com\/index.php\/wp-json\/wp\/v2\/posts"}],"about":[{"href":"https:\/\/corrientesdetarde.com\/index.php\/wp-json\/wp\/v2\/types\/post"}],"author":[{"embeddable":true,"href":"https:\/\/corrientesdetarde.com\/index.php\/wp-json\/wp\/v2\/users\/1"}],"replies":[{"embeddable":true,"href":"https:\/\/corrientesdetarde.com\/index.php\/wp-json\/wp\/v2\/comments?post=167797"}],"version-history":[{"count":1,"href":"https:\/\/corrientesdetarde.com\/index.php\/wp-json\/wp\/v2\/posts\/167797\/revisions"}],"predecessor-version":[{"id":167805,"href":"https:\/\/corrientesdetarde.com\/index.php\/wp-json\/wp\/v2\/posts\/167797\/revisions\/167805"}],"wp:featuredmedia":[{"embeddable":true,"href":"https:\/\/corrientesdetarde.com\/index.php\/wp-json\/wp\/v2\/media\/166351"}],"wp:attachment":[{"href":"https:\/\/corrientesdetarde.com\/index.php\/wp-json\/wp\/v2\/media?parent=167797"}],"wp:term":[{"taxonomy":"category","embeddable":true,"href":"https:\/\/corrientesdetarde.com\/index.php\/wp-json\/wp\/v2\/categories?post=167797"},{"taxonomy":"post_tag","embeddable":true,"href":"https:\/\/corrientesdetarde.com\/index.php\/wp-json\/wp\/v2\/tags?post=167797"}],"curies":[{"name":"wp","href":"https:\/\/api.w.org\/{rel}","templated":true}]}}