{"id":167804,"date":"2024-10-24T10:03:25","date_gmt":"2024-10-24T13:03:25","guid":{"rendered":"https:\/\/corrientesdetarde.com\/?p=167804"},"modified":"2024-10-24T10:03:27","modified_gmt":"2024-10-24T13:03:27","slug":"misiones-cobrara-una-tasa-turistica-a-visitantes-extranjeros","status":"publish","type":"post","link":"https:\/\/corrientesdetarde.com\/index.php\/turismo\/misiones-cobrara-una-tasa-turistica-a-visitantes-extranjeros\/","title":{"rendered":"Misiones cobrar\u00e1 una tasa tur\u00edstica a visitantes extranjeros"},"content":{"rendered":"\n<p>A partir del a\u00f1o pr\u00f3ximo la provincia de Misiones cobrar\u00e1 una tasa tur\u00edstica, cuyo valor oscilar\u00e1 entre uno y dos d\u00f3lares, a extranjeros que se alojen en hoteles locales.<\/p>\n\n\n\n<p>La decisi\u00f3n fue aprobada en la Legislatura misionera, tras la aprobaci\u00f3n del Presupuesto provincial de 2025. En el mismo &#8220;se faculta al Poder Ejecutivo la posibilidad de crear un fondo provincial integrado con los recursos de la \u2018Tasa Tur\u00edstica\u2019, y los que disponga&#8221;, se\u00f1ala la normativa.<\/p>\n\n\n\n<p>En ese sentido, se especific\u00f3 que el objetivo de esa tasa &#8220;ser\u00e1 la promoci\u00f3n tur\u00edstica internacional de Misiones, a fin de maximizar oportunidades del turismo internacional, potenciando el desarrollo econ\u00f3mico y social en todo el territorio de la provincia&#8221;.<\/p>\n\n\n\n<p>El gobierno provincial anticip\u00f3 que destinar\u00e1 lo recaudado a la mejora de servicios tur\u00edsticos, como as\u00ed tambi\u00e9n para la conservaci\u00f3n de infraestructura y promoci\u00f3n del turismo.<\/p>\n\n\n\n<p>Los representantes de la oposici\u00f3n, en tanto, criticaron la decisi\u00f3n ya que no tuvo el debate &#8220;adecuado&#8221;, habida cuenta que se incorpor\u00f3 a \u00faltimo momento en el temario de la Legislatura.<\/p>\n\n\n\n<p>Adem\u00e1s, temen que el cobro de la tasa desaliente la llegada de turistas for\u00e1neos, en especial por la fuerte competencia que representa Brasil, donde el costo de la estad\u00eda suele ser m\u00e1s bajo.<\/p>\n\n\n\n<p>El cobro a los turistas ya se aplica en otros destinos tradicionales del pa\u00eds, como la Ciudad de Buenos Aires y San Carlos de Bariloche.<\/p>\n","protected":false},"excerpt":{"rendered":"<p>A partir del a\u00f1o pr\u00f3ximo la provincia de Misiones cobrar\u00e1 una tasa tur\u00edstica, cuyo valor oscilar\u00e1 entre uno y dos d\u00f3lares, a extranjeros que se alojen en hoteles locales. La&hellip; <\/p>\n","protected":false},"author":1,"featured_media":167806,"comment_status":"closed","ping_status":"open","sticky":false,"template":"","format":"standard","meta":{"footnotes":""},"categories":[31],"tags":[],"class_list":["post-167804","post","type-post","status-publish","format-standard","has-post-thumbnail","hentry","category-turismo"],"_links":{"self":[{"href":"https:\/\/corrientesdetarde.com\/index.php\/wp-json\/wp\/v2\/posts\/167804","targetHints":{"allow":["GET"]}}],"collection":[{"href":"https:\/\/corrientesdetarde.com\/index.php\/wp-json\/wp\/v2\/posts"}],"about":[{"href":"https:\/\/corrientesdetarde.com\/index.php\/wp-json\/wp\/v2\/types\/post"}],"author":[{"embeddable":true,"href":"https:\/\/corrientesdetarde.com\/index.php\/wp-json\/wp\/v2\/users\/1"}],"replies":[{"embeddable":true,"href":"https:\/\/corrientesdetarde.com\/index.php\/wp-json\/wp\/v2\/comments?post=167804"}],"version-history":[{"count":1,"href":"https:\/\/corrientesdetarde.com\/index.php\/wp-json\/wp\/v2\/posts\/167804\/revisions"}],"predecessor-version":[{"id":167807,"href":"https:\/\/corrientesdetarde.com\/index.php\/wp-json\/wp\/v2\/posts\/167804\/revisions\/167807"}],"wp:featuredmedia":[{"embeddable":true,"href":"https:\/\/corrientesdetarde.com\/index.php\/wp-json\/wp\/v2\/media\/167806"}],"wp:attachment":[{"href":"https:\/\/corrientesdetarde.com\/index.php\/wp-json\/wp\/v2\/media?parent=167804"}],"wp:term":[{"taxonomy":"category","embeddable":true,"href":"https:\/\/corrientesdetarde.com\/index.php\/wp-json\/wp\/v2\/categories?post=167804"},{"taxonomy":"post_tag","embeddable":true,"href":"https:\/\/corrientesdetarde.com\/index.php\/wp-json\/wp\/v2\/tags?post=167804"}],"curies":[{"name":"wp","href":"https:\/\/api.w.org\/{rel}","templated":true}]}}