{"id":167808,"date":"2024-10-24T10:09:29","date_gmt":"2024-10-24T13:09:29","guid":{"rendered":"https:\/\/corrientesdetarde.com\/?p=167808"},"modified":"2024-10-24T10:09:33","modified_gmt":"2024-10-24T13:09:33","slug":"las-fotos-intimas-del-cumpleanos-de-javier-milei-junto-a-yuyito-gonzalez","status":"publish","type":"post","link":"https:\/\/corrientesdetarde.com\/index.php\/informacion-general\/las-fotos-intimas-del-cumpleanos-de-javier-milei-junto-a-yuyito-gonzalez\/","title":{"rendered":"Las fotos \u00edntimas del cumplea\u00f1os de Javier Milei junto a Yuyito Gonz\u00e1lez"},"content":{"rendered":"\n<p><\/p>\n\n\n\n<p><\/p>\n\n\n\n<p>El presidente Milei y Amalia &#8220;Yuyito&#8221; Gonz\u00e1lez, muy enamorados en el festejo<br>El presidente Javier Milei cumpli\u00f3 54 a\u00f1os el 22 de octubre y, tras una larga jornada de eventos y homenajes, se hizo tiempo para festejar junto a su pareja, Amalia &#8220;Yuyito&#8221; Gonz\u00e1lez. La conductora, muy enamorada, comparti\u00f3 un video con fotograf\u00edas de la rom\u00e1ntica celebraci\u00f3n.<\/p>\n\n\n\n<p><br>El festejo de cumplea\u00f1os de Milei comenz\u00f3 desde temprano con un emotivo homenaje especial del Regimiento de Granaderos a Caballo en la puerta de la Casa Rosada que conmovi\u00f3 al Presidente hasta las l\u00e1grimas.<br>&nbsp;<br>&nbsp;<br>Luego, tras adelantar la reuni\u00f3n de Gabinete, comparti\u00f3 un momento con los ministros que incluy\u00f3 un brindis y almuerzo en el Sal\u00f3n Norte. Al finalizar la jornada y tal como estaba previsto, el Presidente se dirigi\u00f3 a la Quinta de Olivos donde se llev\u00f3 a cabo un festejo m\u00e1s \u00edntimo con sus seres queridos, entre ellos su pareja, Amalia &#8220;Yuyito&#8221; Gonz\u00e1lez.<\/p>\n\n\n\n<p>La conductora hab\u00eda llegado cerca del mediod\u00eda a la Casa Rosada e incluso acompa\u00f1ado a Milei en su saludo desde el balc\u00f3n de Balcarce 50. Luego, ambos se dirigieron a la residencia presidencial y horas m\u00e1s tarde, a trav\u00e9s de su cuenta en la red social Instagram, Yuyito comparti\u00f3 un rom\u00e1ntico video con fotos del festejo.<\/p>\n\n\n\n<p>En las im\u00e1genes se los puede ver a ambos muy felices entre risas, manos enlazadas y caricias, junto a una torta de color rojo y de importante altura, que llevaba escrita la frase &#8220;te amo&#8221; y un cartel arriba que dec\u00eda: &#8220;Feliz cumplea\u00f1os Javier&#8221;.<\/p>\n\n\n\n<p>Como es costumbre de &#8220;Yuyito&#8221; cuando comparte im\u00e1genes junto al Presidente, esta vez decidi\u00f3 musicalizar el video con la canci\u00f3n &#8220;Let it be me&#8221; de Elvis Presley y eligi\u00f3 una particular estrofa: &#8220;God bless the day I found you, I want to stay around you&#8221; (&#8220;Dios bendiga el d\u00eda en que te encontr\u00e9, quiero quedarme a tu lado&#8221;, en espa\u00f1ol).<\/p>\n\n\n\n<p>Para poder compartir estar presente en los festejos del mandatario, la conductora de Empezar el D\u00eda se ausent\u00f3 al programa del martes y la conducci\u00f3n estuvo a cargo de Mat\u00edas Al\u00e9. &#8220;Les cuento que hoy, se\u00f1oras y se\u00f1ores, es el cumplea\u00f1os de nuestro Presidente. Le deseamos un feliz d\u00eda. Entonces, nuestra conductora oficial de este hermoso programa nos pidi\u00f3 si pod\u00edamos hacerle el aguante, por lo que deben estar celebr\u00e1ndolo como corresponde&#8221;, cont\u00f3 al aire.<\/p>\n","protected":false},"excerpt":{"rendered":"<p>El presidente Milei y Amalia &#8220;Yuyito&#8221; Gonz\u00e1lez, muy enamorados en el festejoEl presidente Javier Milei cumpli\u00f3 54 a\u00f1os el 22 de octubre y, tras una larga jornada de eventos y&hellip; <\/p>\n","protected":false},"author":1,"featured_media":167818,"comment_status":"closed","ping_status":"open","sticky":false,"template":"","format":"standard","meta":{"footnotes":""},"categories":[1],"tags":[],"class_list":["post-167808","post","type-post","status-publish","format-standard","has-post-thumbnail","hentry","category-informacion-general"],"_links":{"self":[{"href":"https:\/\/corrientesdetarde.com\/index.php\/wp-json\/wp\/v2\/posts\/167808","targetHints":{"allow":["GET"]}}],"collection":[{"href":"https:\/\/corrientesdetarde.com\/index.php\/wp-json\/wp\/v2\/posts"}],"about":[{"href":"https:\/\/corrientesdetarde.com\/index.php\/wp-json\/wp\/v2\/types\/post"}],"author":[{"embeddable":true,"href":"https:\/\/corrientesdetarde.com\/index.php\/wp-json\/wp\/v2\/users\/1"}],"replies":[{"embeddable":true,"href":"https:\/\/corrientesdetarde.com\/index.php\/wp-json\/wp\/v2\/comments?post=167808"}],"version-history":[{"count":1,"href":"https:\/\/corrientesdetarde.com\/index.php\/wp-json\/wp\/v2\/posts\/167808\/revisions"}],"predecessor-version":[{"id":167819,"href":"https:\/\/corrientesdetarde.com\/index.php\/wp-json\/wp\/v2\/posts\/167808\/revisions\/167819"}],"wp:featuredmedia":[{"embeddable":true,"href":"https:\/\/corrientesdetarde.com\/index.php\/wp-json\/wp\/v2\/media\/167818"}],"wp:attachment":[{"href":"https:\/\/corrientesdetarde.com\/index.php\/wp-json\/wp\/v2\/media?parent=167808"}],"wp:term":[{"taxonomy":"category","embeddable":true,"href":"https:\/\/corrientesdetarde.com\/index.php\/wp-json\/wp\/v2\/categories?post=167808"},{"taxonomy":"post_tag","embeddable":true,"href":"https:\/\/corrientesdetarde.com\/index.php\/wp-json\/wp\/v2\/tags?post=167808"}],"curies":[{"name":"wp","href":"https:\/\/api.w.org\/{rel}","templated":true}]}}