{"id":167810,"date":"2024-10-24T10:06:05","date_gmt":"2024-10-24T13:06:05","guid":{"rendered":"https:\/\/corrientesdetarde.com\/?p=167810"},"modified":"2024-10-24T10:06:08","modified_gmt":"2024-10-24T13:06:08","slug":"la-justicia-de-corrientes-sobreseyo-a-tres-personas-implicadas-en-la-causa-catastro","status":"publish","type":"post","link":"https:\/\/corrientesdetarde.com\/index.php\/policiales\/la-justicia-de-corrientes-sobreseyo-a-tres-personas-implicadas-en-la-causa-catastro\/","title":{"rendered":"La Justicia de Corrientes sobresey\u00f3 a tres personas implicadas en la &#8220;causa Catastro&#8221;"},"content":{"rendered":"\n<p>As\u00ed mismo se resolvi\u00f3 en primera instancia dejar sin efecto las acusaciones planteadas por la querella interpuesta por el estado de la provincia de Corrientes, las reglas de conducta y las restricciones que le fueron impuestas a las tres ciudadanas.<\/p>\n\n\n\n<p>Las tres personas hoy sobrese\u00eddas fueron acusadas de los delitos de: &#8220;Asociaci\u00f3n il\u00edcita, estafa, incumplimiento de los deberes de funcionario p\u00fablico, tr\u00e1fico de influencias, negociaciones incompatibles con la funci\u00f3n p\u00fablica, falsificaci\u00f3n de documentos p\u00fablicos, uso de documentos p\u00fablicos falsos, falsedad ideol\u00f3gica de instrumentos p\u00fablicos, estos \u00faltimos agravados por ser funcionarios p\u00fablicos y fraude en perjuicio de la Administraci\u00f3n P\u00fablica&#8221;.<\/p>\n\n\n\n<p>La resoluci\u00f3n fue firmada por el secretario autorizante, doctor Joaqu\u00edn Ruiz Cobo Prosecretario del Juzgado de Instrucci\u00f3n N\u00b03 de Corrientes en el marco de la causa conocida como &#8220;Catastro&#8221;.<\/p>\n\n\n\n<p>Cabe destacar que en el marco de una compleja investigaci\u00f3n iniciada por la Fiscal\u00eda Instrucci\u00f3n N\u00b0 6 a fines del a\u00f1o 2021, la doctora Mar\u00eda Josefina Gonz\u00e1lez Caba\u00f1as, juez de Instrucci\u00f3n N\u00b03, proces\u00f3 mediante la resoluci\u00f3n N\u00b02301\/23 a 18 personas y dict\u00f3 la falta de m\u00e9rito para cinco.<\/p>\n\n\n\n<p>Entre los procesados est\u00e1n la ex directora del Registro de la Propiedad y el Inmueble, escribana Mar\u00eda Eugenia Demetrio y el ex Director de Catastro, Narciso Sant\u00edn Toffoletti.<\/p>\n\n\n\n<p><\/p>\n","protected":false},"excerpt":{"rendered":"<p>As\u00ed mismo se resolvi\u00f3 en primera instancia dejar sin efecto las acusaciones planteadas por la querella interpuesta por el estado de la provincia de Corrientes, las reglas de conducta y&hellip; <\/p>\n","protected":false},"author":1,"featured_media":167814,"comment_status":"closed","ping_status":"open","sticky":false,"template":"","format":"standard","meta":{"footnotes":""},"categories":[33],"tags":[],"class_list":["post-167810","post","type-post","status-publish","format-standard","has-post-thumbnail","hentry","category-policiales"],"_links":{"self":[{"href":"https:\/\/corrientesdetarde.com\/index.php\/wp-json\/wp\/v2\/posts\/167810","targetHints":{"allow":["GET"]}}],"collection":[{"href":"https:\/\/corrientesdetarde.com\/index.php\/wp-json\/wp\/v2\/posts"}],"about":[{"href":"https:\/\/corrientesdetarde.com\/index.php\/wp-json\/wp\/v2\/types\/post"}],"author":[{"embeddable":true,"href":"https:\/\/corrientesdetarde.com\/index.php\/wp-json\/wp\/v2\/users\/1"}],"replies":[{"embeddable":true,"href":"https:\/\/corrientesdetarde.com\/index.php\/wp-json\/wp\/v2\/comments?post=167810"}],"version-history":[{"count":1,"href":"https:\/\/corrientesdetarde.com\/index.php\/wp-json\/wp\/v2\/posts\/167810\/revisions"}],"predecessor-version":[{"id":167815,"href":"https:\/\/corrientesdetarde.com\/index.php\/wp-json\/wp\/v2\/posts\/167810\/revisions\/167815"}],"wp:featuredmedia":[{"embeddable":true,"href":"https:\/\/corrientesdetarde.com\/index.php\/wp-json\/wp\/v2\/media\/167814"}],"wp:attachment":[{"href":"https:\/\/corrientesdetarde.com\/index.php\/wp-json\/wp\/v2\/media?parent=167810"}],"wp:term":[{"taxonomy":"category","embeddable":true,"href":"https:\/\/corrientesdetarde.com\/index.php\/wp-json\/wp\/v2\/categories?post=167810"},{"taxonomy":"post_tag","embeddable":true,"href":"https:\/\/corrientesdetarde.com\/index.php\/wp-json\/wp\/v2\/tags?post=167810"}],"curies":[{"name":"wp","href":"https:\/\/api.w.org\/{rel}","templated":true}]}}