{"id":167845,"date":"2024-10-24T11:08:41","date_gmt":"2024-10-24T14:08:41","guid":{"rendered":"https:\/\/corrientesdetarde.com\/?p=167845"},"modified":"2024-10-24T11:12:17","modified_gmt":"2024-10-24T14:12:17","slug":"trabajadores-estatales-en-estado-de-alerta-y-movilizacion","status":"publish","type":"post","link":"https:\/\/corrientesdetarde.com\/index.php\/informacion-general\/trabajadores-estatales-en-estado-de-alerta-y-movilizacion\/","title":{"rendered":"TRABAJADORES ESTATALES EN ESTADO DE ALERTA Y MOVILIZACI\u00d3N"},"content":{"rendered":"\n<p>(Pablo Roma, Gremiales) En una nueva jornada de tensiones y reclamos gremiales, el Frente de Gremios Estatales, que agrupa a todos los sindicatos y agrupaciones de la CGT y la CTA que representan a los empleados p\u00fablicos, volvi\u00f3 a alzar la voz en contra de lo que consideran una \u201cola de despidos y ajuste\u201d por parte del gobierno de Javier Milei. La sede de UPCN fue el escenario donde, este jueves, dirigentes sindicales y referentes de distintos sectores se reunieron para delinear un plan de acci\u00f3n frente a lo que califican como &#8220;una agresi\u00f3n sistem\u00e1tica al Estado y sus trabajadores.&#8221;<\/p>\n\n\n\n<p>La atm\u00f3sfera en el sal\u00f3n de reuniones de UPCN era tensa pero decidida. Los representantes sindicales coincidieron en que el actual escenario pol\u00edtico, econ\u00f3mico y social refleja una disputa entre dos modelos de pa\u00eds. Por un lado, uno especulativo, que favorece, seg\u00fan denuncian, a las grandes corporaciones financieras; y por el otro, el que promueve la producci\u00f3n, el desarrollo y el trabajo.<\/p>\n\n\n\n<p>En ese contexto, uno de los oradores, un dirigente de ATE, fue tajante al se\u00f1alar: \u201cLos ataques al Estado y a las organizaciones sindicales no son casuales. Somos la \u00faltima barrera que impide la implementaci\u00f3n de un capitalismo salvaje sin ning\u00fan tipo de l\u00edmites\u201d. La frase reson\u00f3 con fuerza entre los presentes, en momentos en que las denuncias por despidos en organismos p\u00fablicos y la amenaza de privatizaciones marcan la agenda diaria.<\/p>\n\n\n\n<p>El Frente de Gremios Estatales aprovech\u00f3 la ocasi\u00f3n para hacer un llamado urgente a la unidad. &#8220;Instamos a las organizaciones hermanas, a los movimientos sociales y a la dirigencia pol\u00edtica a unirse en la defensa de los derechos laborales y sindicales, y sobre todo, en la defensa del Estado, que es el \u00fanico garante de una sociedad m\u00e1s justa y equitativa&#8221;, expresaron en un comunicado que fue le\u00eddo por uno de los voceros.<\/p>\n\n\n\n<p>Adem\u00e1s, la solidaridad fue otro de los ejes principales del encuentro. Los trabajadores de la AFIP, las universidades, el Poder Legislativo y Judicial, y otros sectores de la Administraci\u00f3n P\u00fablica, fueron mencionados de manera especial. &#8220;Nos solidarizamos con las luchas que est\u00e1n llevando adelante contra la eliminaci\u00f3n indiscriminada de organismos p\u00fablicos y la privatizaci\u00f3n&#8221;, sostuvieron con firmeza los dirigentes presentes.<\/p>\n\n\n\n<p>Finalmente, el Frente decret\u00f3 el &#8220;estado de alerta y movilizaci\u00f3n&#8221; y advirti\u00f3 que una medida de acci\u00f3n directa ser\u00e1 definida en las pr\u00f3ximas horas por los gremios que lo integran. Aunque no se precisaron los detalles de las futuras acciones, la se\u00f1al es clara: el malestar crece y las bases sindicales ya comienzan a preparar sus reclamos en la calle.<\/p>\n\n\n\n<p>El encuentro concluy\u00f3 con una frase que resume el esp\u00edritu de la lucha sindical en estos tiempos: &#8220;Sin Estado no hay Naci\u00f3n&#8221;, recordando la consigna de la CGT que pide por un pa\u00eds basado en la &#8220;Producci\u00f3n, el Desarrollo y el Trabajo&#8221; como \u00fanico camino hacia la independencia econ\u00f3mica, la soberan\u00eda pol\u00edtica y la justicia social.<\/p>\n\n\n\n<p>El conflicto est\u00e1 lejos de resolverse, y las pr\u00f3ximas semanas podr\u00edan estar marcadas por un endurecimiento de las medidas sindicales, en una pugna que promete no dar tregua mientras contin\u00fae lo que los gremios llaman &#8220;la ofensiva del ajuste&#8221;.<\/p>\n","protected":false},"excerpt":{"rendered":"<p>(Pablo Roma, Gremiales) En una nueva jornada de tensiones y reclamos gremiales, el Frente de Gremios Estatales, que agrupa a todos los sindicatos y agrupaciones de la CGT y la&hellip; <\/p>\n","protected":false},"author":11,"featured_media":167846,"comment_status":"closed","ping_status":"open","sticky":false,"template":"","format":"standard","meta":{"footnotes":""},"categories":[1],"tags":[],"class_list":["post-167845","post","type-post","status-publish","format-standard","has-post-thumbnail","hentry","category-informacion-general"],"_links":{"self":[{"href":"https:\/\/corrientesdetarde.com\/index.php\/wp-json\/wp\/v2\/posts\/167845","targetHints":{"allow":["GET"]}}],"collection":[{"href":"https:\/\/corrientesdetarde.com\/index.php\/wp-json\/wp\/v2\/posts"}],"about":[{"href":"https:\/\/corrientesdetarde.com\/index.php\/wp-json\/wp\/v2\/types\/post"}],"author":[{"embeddable":true,"href":"https:\/\/corrientesdetarde.com\/index.php\/wp-json\/wp\/v2\/users\/11"}],"replies":[{"embeddable":true,"href":"https:\/\/corrientesdetarde.com\/index.php\/wp-json\/wp\/v2\/comments?post=167845"}],"version-history":[{"count":3,"href":"https:\/\/corrientesdetarde.com\/index.php\/wp-json\/wp\/v2\/posts\/167845\/revisions"}],"predecessor-version":[{"id":167851,"href":"https:\/\/corrientesdetarde.com\/index.php\/wp-json\/wp\/v2\/posts\/167845\/revisions\/167851"}],"wp:featuredmedia":[{"embeddable":true,"href":"https:\/\/corrientesdetarde.com\/index.php\/wp-json\/wp\/v2\/media\/167846"}],"wp:attachment":[{"href":"https:\/\/corrientesdetarde.com\/index.php\/wp-json\/wp\/v2\/media?parent=167845"}],"wp:term":[{"taxonomy":"category","embeddable":true,"href":"https:\/\/corrientesdetarde.com\/index.php\/wp-json\/wp\/v2\/categories?post=167845"},{"taxonomy":"post_tag","embeddable":true,"href":"https:\/\/corrientesdetarde.com\/index.php\/wp-json\/wp\/v2\/tags?post=167845"}],"curies":[{"name":"wp","href":"https:\/\/api.w.org\/{rel}","templated":true}]}}