{"id":167852,"date":"2024-10-24T12:48:24","date_gmt":"2024-10-24T15:48:24","guid":{"rendered":"https:\/\/corrientesdetarde.com\/?p=167852"},"modified":"2024-10-24T12:48:28","modified_gmt":"2024-10-24T15:48:28","slug":"el-paso-fronterizo-vecinal-entre-ituzaingo-y-ayolas-se-habilitara-en-noviembre","status":"publish","type":"post","link":"https:\/\/corrientesdetarde.com\/index.php\/informacion-general\/el-paso-fronterizo-vecinal-entre-ituzaingo-y-ayolas-se-habilitara-en-noviembre\/","title":{"rendered":"El paso fronterizo vecinal entre Ituzaing\u00f3 y Ayolas se habilitar\u00e1 en noviembre"},"content":{"rendered":"\n<p>La\u00a0<strong>reapertura del paso fronterizo entre la ciudad correntina de Ituzaing\u00f3 con Ayolas (Paraguay)<\/strong>\u00a0<strong>se habilitar\u00e1 el pr\u00f3ximo 13 de noviembre<\/strong>\u00a0para\u00a0<strong>el tr\u00e1nsito vecinal<\/strong>\u00a0y\u00a0<strong>a trav\u00e9s de la represa de Yacyret\u00e1<\/strong>.<\/p>\n\n\n\n<p>Antonio Barreto, coordinador del paso fronterizo entre Ayolas e Ituzaing\u00f3, coment\u00f3 en la FM 93.1 de la ciudad paraguaya, que\u00a0<strong>se estima que el horario ser\u00e1 de 7:30 a 21 horas. No obstante, todos los detalles de la reapertura se definir\u00e1n en los primeros d\u00edas del mes que viene<\/strong>, cuando las autoridades de ambos m\u00e1rgenes vuelvan a reunirse.<\/p>\n\n\n\n<p><\/p>\n\n\n\n<p>Adem\u00e1s, est\u00e1 confirmado que<strong>&nbsp;el paso fronterizo ser\u00e1 habilitado en todas sus categor\u00edas migratorias<\/strong>, indic\u00f3 Barreto y aclar\u00f3 que&nbsp;<strong>no se va a permitir transitar a los camiones de carga<\/strong>, pero&nbsp;<strong>s\u00ed a veh\u00edculos menores<\/strong>.<\/p>\n\n\n\n<p>La&nbsp;<strong>conexi\u00f3n entre Ituzaing\u00f3 y Ayolas<\/strong>, mediante Yacyret\u00e1,&nbsp;<strong>es sumamente importante para el desarrollo<\/strong>&nbsp;de ambas localidades, porque&nbsp;<strong>se obtienen beneficios en el intercambio comercial, cultural y tur\u00edstico<\/strong>.<\/p>\n\n\n\n<p>La primera vez que se habilit\u00f3 el paso entre Paraguay y Argentina fue en agosto de 2019, pero fue cerrada en marzo de 2020 debido a la pandemia de coronavirus. Luego, en el 2022 hubo una reapertura, pero solamente para el servicio de transporte de pasajeros.<\/p>\n\n\n\n<p><\/p>\n","protected":false},"excerpt":{"rendered":"<p>La\u00a0reapertura del paso fronterizo entre la ciudad correntina de Ituzaing\u00f3 con Ayolas (Paraguay)\u00a0se habilitar\u00e1 el pr\u00f3ximo 13 de noviembre\u00a0para\u00a0el tr\u00e1nsito vecinal\u00a0y\u00a0a trav\u00e9s de la represa de Yacyret\u00e1. Antonio Barreto, coordinador&hellip; <\/p>\n","protected":false},"author":1,"featured_media":167853,"comment_status":"closed","ping_status":"open","sticky":false,"template":"","format":"standard","meta":{"footnotes":""},"categories":[1],"tags":[],"class_list":["post-167852","post","type-post","status-publish","format-standard","has-post-thumbnail","hentry","category-informacion-general"],"_links":{"self":[{"href":"https:\/\/corrientesdetarde.com\/index.php\/wp-json\/wp\/v2\/posts\/167852","targetHints":{"allow":["GET"]}}],"collection":[{"href":"https:\/\/corrientesdetarde.com\/index.php\/wp-json\/wp\/v2\/posts"}],"about":[{"href":"https:\/\/corrientesdetarde.com\/index.php\/wp-json\/wp\/v2\/types\/post"}],"author":[{"embeddable":true,"href":"https:\/\/corrientesdetarde.com\/index.php\/wp-json\/wp\/v2\/users\/1"}],"replies":[{"embeddable":true,"href":"https:\/\/corrientesdetarde.com\/index.php\/wp-json\/wp\/v2\/comments?post=167852"}],"version-history":[{"count":1,"href":"https:\/\/corrientesdetarde.com\/index.php\/wp-json\/wp\/v2\/posts\/167852\/revisions"}],"predecessor-version":[{"id":167854,"href":"https:\/\/corrientesdetarde.com\/index.php\/wp-json\/wp\/v2\/posts\/167852\/revisions\/167854"}],"wp:featuredmedia":[{"embeddable":true,"href":"https:\/\/corrientesdetarde.com\/index.php\/wp-json\/wp\/v2\/media\/167853"}],"wp:attachment":[{"href":"https:\/\/corrientesdetarde.com\/index.php\/wp-json\/wp\/v2\/media?parent=167852"}],"wp:term":[{"taxonomy":"category","embeddable":true,"href":"https:\/\/corrientesdetarde.com\/index.php\/wp-json\/wp\/v2\/categories?post=167852"},{"taxonomy":"post_tag","embeddable":true,"href":"https:\/\/corrientesdetarde.com\/index.php\/wp-json\/wp\/v2\/tags?post=167852"}],"curies":[{"name":"wp","href":"https:\/\/api.w.org\/{rel}","templated":true}]}}