{"id":167855,"date":"2024-10-24T13:19:29","date_gmt":"2024-10-24T16:19:29","guid":{"rendered":"https:\/\/corrientesdetarde.com\/?p=167855"},"modified":"2024-10-24T13:19:41","modified_gmt":"2024-10-24T16:19:41","slug":"la-municipalidad-interviene-de-manera-integral-nueve-plazas-de-la-ciudad","status":"publish","type":"post","link":"https:\/\/corrientesdetarde.com\/index.php\/informacion-general\/la-municipalidad-interviene-de-manera-integral-nueve-plazas-de-la-ciudad\/","title":{"rendered":"La Municipalidad interviene de manera integral nueve plazas de la ciudad"},"content":{"rendered":"\n<p><em>Los equipos municipales de la Secretar\u00eda de Infraestructura trabajan simult\u00e1neamente en los espacios verdes de los barrios San Ignacio, H\u00e9roes de Malvinas del Fray Jos\u00e9 de la Quintana, Majul del Molina Punta, Mercosur del 17 de Agosto, Primera Junta del Yapey\u00fa, Pruyas del San Ger\u00f3nimo y Paseo Gastron\u00f3mico del barrio hom\u00f3nimo.<\/em><\/p>\n\n\n\n<p>Con el objeto de garantizar espacios de recreaci\u00f3n y esparcimientos modernos y seguros para todos los vecinos, la Municipalidad de Corrientes lleva adelante simult\u00e1neamente trabajos de refacci\u00f3n integral en 9 plazas de la ciudad.<br><br>El secretario de Infraestructura del municipio, Math\u00edas Cabrera, se\u00f1al\u00f3 que el objetivo de la gesti\u00f3n del intendente Eduardo Tassano \u201ces que el vecino no tenga que trasladarse hasta la Costanera para disfrutar de un espacio moderno, con toda la infraestructura necesaria para pasar un buen momento en familia. La idea es que se pueda quedar en su barrio, que tome su plaza como propia y pueda disfrutarla como en cualquier otro lugar de la ciudad\u201d.<br><br>El funcionario se\u00f1al\u00f3 que en la plaza H\u00e9roes de Malvinas del barrio Fray Jos\u00e9 de la Quintana, \u201cse est\u00e1 haciendo una puesta a punto general con la reconstrucci\u00f3n de todos los senderos de caminata. Se van a colocar espacios de multijuegos y otro de calistenia; se cambiar\u00e1 toda la luminaria por artefactos LED y se agregar\u00e1n mobiliarios como bancos y cestos de residuos. Tambi\u00e9n se hicieron cordones cuneta en las calles laterales no pavimentadas para asegurar el escurrimiento del agua\u201d.<br><br>\u201cVenimos trabajando de manera simult\u00e1nea en nueve espacios. En la plaza conocida como El Chavo, en el barrio San Ignacio, que era un bald\u00edo y como el sector necesitaba un espacio verde, pusimos mano a la obra y estamos prontos a terminarla\u201d, manifest\u00f3 Cabrera, quien se\u00f1al\u00f3 que tambi\u00e9n se realizan intervenciones \u201cen las plazas Majul del Molina Punta, Mercosur del 17 de Agosto, y Primera Junta del Yapey\u00fa\u201d, cont\u00f3.<br><br>Otras de las obras que la Municipalidad lleva adelante en el Paseo Gastron\u00f3mico del barrio San Ger\u00f3nimo, que estar\u00e1 ubicado en el Paseo de Compras de la zona norte, frente a la plaza de La Tradici\u00f3n, tambi\u00e9n conocida como El Eucaliptal.<br><br>\u201cHay un compromiso de la gesti\u00f3n municipal con los comerciantes que ten\u00edan sus carros donde se estableci\u00f3 el Paseo de Compras, qui\u00e9nes se instalaron provisoriamente en la plaza Pruyas. Con esta obra, que ya comenz\u00f3 y est\u00e1 avanzada, se generar\u00e1 un espacio gastron\u00f3mico que tendr\u00e1 por n\u00facleo a ese centro comercial, y de esa manera, se liberar\u00e1 el espacio verde para avanzar as\u00ed con la remodelaci\u00f3n integral del mismo\u201d, agreg\u00f3.<br><br>En cuanto a los trabajos proyectados, Cabrera manifest\u00f3 por \u00faltimo que pronto iniciar\u00e1n los trabajos \u201cen la plaza Semhan del barrio Independencia, en la plaza Boca Unidos, y en la plaza 14 de las Mil Viviendas, por lo que vamos a cerrar el a\u00f1o con 15 plazas nuevas intervenidas de manera integral, el n\u00famero m\u00e1s alto que tenemos en lo que vamos de la gesti\u00f3n, as\u00ed que muy contentos porque gracias a una buena programaci\u00f3n tenemos este nivel de intervenciones en toda la ciudad\u201d.<\/p>\n\n\n\n<p><em><a href=\"https:\/\/ciudaddecorrientes.us12.list-manage.com\/track\/click?u=253e4bcff71216c6af771c3c9&amp;id=d57a68d2fe&amp;e=17643edfa8\" target=\"_blank\" rel=\"noreferrer noopener\">Nota de TV:<\/a>\u00a0Math\u00edas Cabrera &#8211; secretario de Infraestructura municipal<\/em><\/p>\n\n\n\n<p><\/p>\n\n\n\n<figure class=\"wp-block-image size-large\"><img loading=\"lazy\" decoding=\"async\" width=\"1024\" height=\"682\" src=\"https:\/\/corrientesdetarde.com\/wp-content\/uploads\/2024\/10\/image-35-1024x682.png\" alt=\"\" class=\"wp-image-167857\" srcset=\"https:\/\/corrientesdetarde.com\/wp-content\/uploads\/2024\/10\/image-35-1024x682.png 1024w, https:\/\/corrientesdetarde.com\/wp-content\/uploads\/2024\/10\/image-35-300x200.png 300w, https:\/\/corrientesdetarde.com\/wp-content\/uploads\/2024\/10\/image-35-768x512.png 768w, https:\/\/corrientesdetarde.com\/wp-content\/uploads\/2024\/10\/image-35.png 1280w\" sizes=\"auto, (max-width: 1024px) 100vw, 1024px\" \/><\/figure>\n\n\n\n<p><\/p>\n\n\n\n<figure class=\"wp-block-image size-full\"><img loading=\"lazy\" decoding=\"async\" width=\"800\" height=\"533\" src=\"https:\/\/corrientesdetarde.com\/wp-content\/uploads\/2024\/10\/image-36.png\" alt=\"\" class=\"wp-image-167858\" srcset=\"https:\/\/corrientesdetarde.com\/wp-content\/uploads\/2024\/10\/image-36.png 800w, https:\/\/corrientesdetarde.com\/wp-content\/uploads\/2024\/10\/image-36-300x200.png 300w, https:\/\/corrientesdetarde.com\/wp-content\/uploads\/2024\/10\/image-36-768x512.png 768w\" sizes=\"auto, (max-width: 800px) 100vw, 800px\" \/><\/figure>\n\n\n\n<p><\/p>\n\n\n\n<figure class=\"wp-block-image size-large\"><img loading=\"lazy\" decoding=\"async\" width=\"1024\" height=\"682\" src=\"https:\/\/corrientesdetarde.com\/wp-content\/uploads\/2024\/10\/image-37-1024x682.png\" alt=\"\" class=\"wp-image-167859\" srcset=\"https:\/\/corrientesdetarde.com\/wp-content\/uploads\/2024\/10\/image-37-1024x682.png 1024w, https:\/\/corrientesdetarde.com\/wp-content\/uploads\/2024\/10\/image-37-300x200.png 300w, https:\/\/corrientesdetarde.com\/wp-content\/uploads\/2024\/10\/image-37-768x512.png 768w, https:\/\/corrientesdetarde.com\/wp-content\/uploads\/2024\/10\/image-37.png 1280w\" sizes=\"auto, (max-width: 1024px) 100vw, 1024px\" \/><\/figure>\n\n\n\n<p><\/p>\n\n\n\n<figure class=\"wp-block-image size-large\"><img loading=\"lazy\" decoding=\"async\" width=\"1024\" height=\"682\" src=\"https:\/\/corrientesdetarde.com\/wp-content\/uploads\/2024\/10\/image-38-1024x682.png\" alt=\"\" class=\"wp-image-167860\" srcset=\"https:\/\/corrientesdetarde.com\/wp-content\/uploads\/2024\/10\/image-38-1024x682.png 1024w, https:\/\/corrientesdetarde.com\/wp-content\/uploads\/2024\/10\/image-38-300x200.png 300w, https:\/\/corrientesdetarde.com\/wp-content\/uploads\/2024\/10\/image-38-768x512.png 768w, https:\/\/corrientesdetarde.com\/wp-content\/uploads\/2024\/10\/image-38.png 1280w\" sizes=\"auto, (max-width: 1024px) 100vw, 1024px\" \/><\/figure>\n\n\n\n<p><\/p>\n","protected":false},"excerpt":{"rendered":"<p>Los equipos municipales de la Secretar\u00eda de Infraestructura trabajan simult\u00e1neamente en los espacios verdes de los barrios San Ignacio, H\u00e9roes de Malvinas del Fray Jos\u00e9 de la Quintana, Majul del&hellip; <\/p>\n","protected":false},"author":8,"featured_media":167856,"comment_status":"closed","ping_status":"open","sticky":false,"template":"","format":"standard","meta":{"footnotes":""},"categories":[1],"tags":[],"class_list":["post-167855","post","type-post","status-publish","format-standard","has-post-thumbnail","hentry","category-informacion-general"],"_links":{"self":[{"href":"https:\/\/corrientesdetarde.com\/index.php\/wp-json\/wp\/v2\/posts\/167855","targetHints":{"allow":["GET"]}}],"collection":[{"href":"https:\/\/corrientesdetarde.com\/index.php\/wp-json\/wp\/v2\/posts"}],"about":[{"href":"https:\/\/corrientesdetarde.com\/index.php\/wp-json\/wp\/v2\/types\/post"}],"author":[{"embeddable":true,"href":"https:\/\/corrientesdetarde.com\/index.php\/wp-json\/wp\/v2\/users\/8"}],"replies":[{"embeddable":true,"href":"https:\/\/corrientesdetarde.com\/index.php\/wp-json\/wp\/v2\/comments?post=167855"}],"version-history":[{"count":1,"href":"https:\/\/corrientesdetarde.com\/index.php\/wp-json\/wp\/v2\/posts\/167855\/revisions"}],"predecessor-version":[{"id":167861,"href":"https:\/\/corrientesdetarde.com\/index.php\/wp-json\/wp\/v2\/posts\/167855\/revisions\/167861"}],"wp:featuredmedia":[{"embeddable":true,"href":"https:\/\/corrientesdetarde.com\/index.php\/wp-json\/wp\/v2\/media\/167856"}],"wp:attachment":[{"href":"https:\/\/corrientesdetarde.com\/index.php\/wp-json\/wp\/v2\/media?parent=167855"}],"wp:term":[{"taxonomy":"category","embeddable":true,"href":"https:\/\/corrientesdetarde.com\/index.php\/wp-json\/wp\/v2\/categories?post=167855"},{"taxonomy":"post_tag","embeddable":true,"href":"https:\/\/corrientesdetarde.com\/index.php\/wp-json\/wp\/v2\/tags?post=167855"}],"curies":[{"name":"wp","href":"https:\/\/api.w.org\/{rel}","templated":true}]}}