{"id":167900,"date":"2024-10-24T14:23:57","date_gmt":"2024-10-24T17:23:57","guid":{"rendered":"https:\/\/corrientesdetarde.com\/?p=167900"},"modified":"2024-10-24T14:25:01","modified_gmt":"2024-10-24T17:25:01","slug":"valdes-en-el-centenario-de-las-marias-el-estado-debe-ser-el-garante-de-que-a-las-empresas-correntinas-les-vaya-bien","status":"publish","type":"post","link":"https:\/\/corrientesdetarde.com\/index.php\/locales\/valdes-en-el-centenario-de-las-marias-el-estado-debe-ser-el-garante-de-que-a-las-empresas-correntinas-les-vaya-bien\/","title":{"rendered":"Vald\u00e9s, en el centenario de Las Mar\u00edas: &#8220;El Estado debe ser el garante de que a las empresas correntinas les vaya bien&#8221;"},"content":{"rendered":"\n<p>El gobernador Gustavo Vald\u00e9s particip\u00f3 este jueves en Virasoro, del acto por los 100 a\u00f1os de la fundaci\u00f3n del Establecimiento Las Mar\u00edas. All\u00ed, elogi\u00f3 a la empresa yerbatera por &#8220;representar a Corrientes en el mundo&#8221; y por ser un ejemplo de gesti\u00f3n privada. En ese aspecto, enfatiz\u00f3 que &#8220;el Estado debe ser garante de que a las empresas les vaya bien&#8221;.<\/p>\n\n\n\n<p>&#8220;Cuando uno cumple cien a\u00f1os se tiene que fijar qu\u00e9 es lo que va a hacer los pr\u00f3ximos cien a\u00f1os\u201d, inici\u00f3 su alocuci\u00f3n el gobernador, remarcando que \u201cLas Mar\u00edas, es sin\u00f3nimo de Corrientes\u201d.<\/p>\n\n\n\n<p>Vald\u00e9s sostuvo que dicho Establecimiento \u201ces el modelo de la provincia que so\u00f1amos como empresa\u201d, a la vez que destac\u00f3 la labor de la familia Navajas, la cual \u201ces emprendedora, pujante, y ha tenido una labor destacada en la provincia, a lo largo de estos cien a\u00f1os, y nos llena de orgullo y satisfacci\u00f3n\u201d.<\/p>\n\n\n\n<p>El mandatario continu\u00f3, expresando que Las Mar\u00edas \u201ces una suerte de norte hacia donde todas las empresas y los correntinos deber\u00edamos apuntar como modelo de desarrollo y de productividad\u201d. \u201cTodo pensamos que es \u00fanicamente un producto, pero como vimos, es mucho m\u00e1s que eso\u201d, a\u00f1adi\u00f3 respecto a la Productora de yerba mate y t\u00e9.<\/p>\n\n\n\n<p>Posteriormente, Vald\u00e9s sigui\u00f3 destacando la labor de la familia responsable de la firma, se\u00f1alando que \u201ccuando hablamos de modelo educativo, de integraci\u00f3n y de experiencia laboral, nos encontramos siempre con una Navajas\u201d.<\/p>\n\n\n\n<p>Luego, el gobernador se refiri\u00f3 al rol del Estado en el sector productivo, manifestando que \u201ctiene que ser el garante de que a las empresas privadas le vaya bien, y generen cada vez m\u00e1s puestos de trabajo, m\u00e1s recursos y m\u00e1s riqueza\u201d, ya que \u201ces la \u00fanica forma para combatir la pobreza, con m\u00e1s desarrollo e inversi\u00f3n en investigaci\u00f3n\u201d. \u201cSin investigaci\u00f3n, sin innovaci\u00f3n, es imposible que las empresas puedan brillar en este firmamento de competitividad\u201d, agreg\u00f3 el mismo.<\/p>\n\n\n\n<p>En este sentido, el titular del Ejecutivo dio cuenta que el Gobierno de la Provincia de Corrientes \u201cpone a disposici\u00f3n todos sus medios para que Las Mar\u00edas sea una gran empresa de Corrientes\u201d. \u201cPara eso, contamos con diferentes instrumentos, como es el Banco de Corrientes, y el Fondo de Desarrollo, Garant\u00eda y Sustentabilidad de la Provincia,&nbsp; que hacen que Las Mar\u00edas no est\u00e9 sola en este trabajo\u201d, aport\u00f3 el mismo.<\/p>\n\n\n\n<p>\u201cSe pueden construir grandes empresas, y para eso, tenemos que seguir activando nuestros Parques industriales, y poner a disposici\u00f3n el Estado para lograrlo\u201d, adicion\u00f3 el mandatario.<\/p>\n\n\n\n<p>Llegando al ep\u00edlogo, Vald\u00e9s manifest\u00f3 su deseo de que cuando el Establecimiento cumpla otros 100 a\u00f1os, \u201chaya una gran empresa multinacional, generadora de riqueza, producci\u00f3n, excelencia y calidad para las futuras generaciones\u201d, cerrando de esa manera su alocuci\u00f3n.<\/p>\n\n\n\n<p><strong>Roberto Navajas<\/strong><\/p>\n\n\n\n<p>Al tomar la palabra, el director general del grupo Las Mar\u00edas<em>,<\/em>&nbsp;Roberto Navajas, destac\u00f3 que la jornada representa un \u201chito important\u00edsimo al cumplir 100 a\u00f1os como empresa y lo festejamos con la comunidad y todos los que son parte de esta historia\u201d.<\/p>\n\n\n\n<p>Continuando, valor\u00f3 la visi\u00f3n del fundador de la empresa, V\u00edctor Navajas Centeno -de qui\u00e9n es bisnieto- , cuyo legado ha sido fundamental para \u201csostenernos a lo largo del tiempo, con esfuerzo, humildad, constancia y una visi\u00f3n human\u00edstica del desarrollo empresario\u201d.<\/p>\n\n\n\n<p>\u201cTenemos muchos desaf\u00edos de cara al futuro, que lo vamos a afrontar con una visi\u00f3n clara y un programa de crecimiento e innovaci\u00f3n permanente\u201d, concluy\u00f3 afirmando Navajas.<\/p>\n\n\n\n<p><strong>Emiliano Fern\u00e1ndez Recalde<\/strong><\/p>\n\n\n\n<p>Tambi\u00e9n se dirigi\u00f3 a los presentes, el intendente de Gobernador Virasoro, Emiliano Fern\u00e1ndez Recalde, se\u00f1alando que Las Mar\u00edas es un claro ejemplo de como una \u201cempresa familiar puede convertirse en una industria l\u00edder, con proyecci\u00f3n nacional e internacional\u201d.<\/p>\n\n\n\n<p>Y al referirse al centenario de&nbsp;fundaci\u00f3n de la misma, el jefe comunal denot\u00f3 que los sentimientos son de \u201corgullo y satisfacci\u00f3n\u201d, dejando en claro que, \u201ccomo virasore\u00f1os, todos de alguna manera nos sentimos hijos de este establecimiento\u201d.<\/p>\n\n\n\n<p>Para Fern\u00e1ndez Recalde, no caben dudas que Las Mar\u00edases s\u00edmbolo de visibilidad para Gobernador Virasoro, no solo en la regi\u00f3n, sino en el pa\u00eds y en el mundo, ya que \u201cnos identifican cuando decimos que venimos de la tierra en donde se hace la yerba mate y el t\u00e9 Tarag\u00fci\u201d.<\/p>\n\n\n\n<p>Al proseguir con sus conceptos, el intendente ponder\u00f3 que el Establecimiento es pionero y motorizador de un \u201cmodelo econ\u00f3mico y social exitoso, de diversificaci\u00f3n productiva e industrial\u201d, apostando siempre a la \u201cinnovaci\u00f3n y sustentabilidad\u201d, generando empleo privado, a trav\u00e9s de la producci\u00f3n de yerba mate, el t\u00e9, la ganader\u00eda y la forestaci\u00f3n.<\/p>\n\n\n\n<p>Asimismo, Fern\u00e1ndez Recalde destac\u00f3 que Las Mar\u00edas es una empresa con compromiso y una responsabilidad social empresaria enorme, desde sus inicios, \u201capostando por la educaci\u00f3n, cultura, deporte, por el bienestar de sus trabajadores y de las familias virasore\u00f1as\u201d.<\/p>\n\n\n\n<p>Finalizando, el intendente celebr\u00f3 este primer centenario de la empresa y anhel\u00f3 un futuro venturoso \u201cpor muchos a\u00f1os m\u00e1s\u201d.<\/p>\n\n\n\n<p><strong>Sobre Las Mar\u00edas<\/strong><\/p>\n\n\n\n<p>Las Mar\u00edas celebra su 100\u00ba aniversario, siendo una compa\u00f1\u00eda, l\u00edder en el mercado local con sus marcas de yerba mate Tarag\u00fc\u00ed, Uni\u00f3n, Ma\u00f1anita y La Merced, posicion\u00e1ndose tambi\u00e9n como n\u00famero uno en el ranking de exportadoras de yerba mate envasada. Fue fundada en 1924 por el emprendedor V\u00edctor E. Navajas Centeno y hoy contin\u00faa en manos de la familia fundadora, quienes mantienen vivo el legado de su creador.<\/p>\n\n\n\n<p>Actualmente, el grupo est\u00e1 integrado por varias unidades de negocios. Se destacan en primer lugar la producci\u00f3n y comercializaci\u00f3n de yerba mate, t\u00e9, mate cocido e hierbas; en segundo lugar el negocio forestal, con un aserradero propio y m\u00e1s de 6.000 hect\u00e1reas en producci\u00f3n; tambi\u00e9n la comercializaci\u00f3n y distribuci\u00f3n de productos l\u00edderes de terceras empresas en todo el pa\u00eds, y la Caba\u00f1a Las Mar\u00edas, de Brangus colorado, con muy buena gen\u00e9tica.<\/p>\n\n\n\n<p>En total, el grupo empresario emplea de forma directa a alrededor de 1.700 personas y de manera indirecta a otras 600. Una de sus particularidades, adem\u00e1s de continuar siendo una empresa familiar (la tercera y cuarta generaci\u00f3n de la familia Navajas est\u00e1 al mando), es su especial \u00e9nfasis en el cuidado del aspecto social y ambiental.<\/p>\n\n\n\n<p>Dentro de las acciones que lleva adelante Las Mar\u00edas para el bien de la comunidad y de sus empleados y sus familias, se destaca la gesti\u00f3n en educaci\u00f3n de la Fundaci\u00f3n Victoria Jean Navajas, a trav\u00e9s de la Escuela Victoria, el Instituto Agrot\u00e9cnico, el Centro de Formaci\u00f3n Profesional y el \u00e1rea de Proyectos Educativos.<\/p>\n\n\n\n<p>Con motivo de la celebraci\u00f3n por los 100 a\u00f1os, Bermuda (una empresa argentina que crea y produce experiencias tecnol\u00f3gicas y de contenido digital para marcas) llev\u00f3 a cabo la experiencia interactiva Las Mar\u00edas 360 que combina una web 360 y realidad aumentada a trav\u00e9s de la cual se pueden recorrer diferentes \u00e1reas del Establecimiento Las Mar\u00edas. En ella se puede conocer parte de su historia, su trabajo y su variedad de productos.<\/p>\n\n\n\n<p>Los consumidores pueden acceder a esta experiencia escaneando el QR que se encuentra en el dorso de los productos de la empresa: Tarag\u00fc\u00ed, Ma\u00f1anita, Uni\u00f3n y La Merced. Desde ah\u00ed podr\u00e1n ingresar a una visita virtual y descubrir de d\u00f3nde provienen todos estos productos.<\/p>\n\n\n\n<p><strong>Presencias<\/strong><\/p>\n\n\n\n<p>Acompa\u00f1aron el acto, el vicegobernador, Pedro Braillard Poccard, el presidente de la C\u00e1mara de Diputados, Pedro Cassani, legisladores provinciales y nacionales, intendentes de localidades vecinas, concejales, autoridades, provinciales, nacionales y comunales, miembros de fuerzas de seguridad, representantes de instituciones de la regi\u00f3n y p\u00fablico en general.<\/p>\n\n\n\n<p><\/p>\n\n\n\n<figure class=\"wp-block-image size-large\"><img loading=\"lazy\" decoding=\"async\" width=\"1024\" height=\"683\" src=\"https:\/\/corrientesdetarde.com\/wp-content\/uploads\/2024\/10\/image-59-1024x683.png\" alt=\"\" class=\"wp-image-167901\" srcset=\"https:\/\/corrientesdetarde.com\/wp-content\/uploads\/2024\/10\/image-59-1024x683.png 1024w, https:\/\/corrientesdetarde.com\/wp-content\/uploads\/2024\/10\/image-59-300x200.png 300w, https:\/\/corrientesdetarde.com\/wp-content\/uploads\/2024\/10\/image-59-768x512.png 768w, https:\/\/corrientesdetarde.com\/wp-content\/uploads\/2024\/10\/image-59-1536x1024.png 1536w, https:\/\/corrientesdetarde.com\/wp-content\/uploads\/2024\/10\/image-59.png 1599w\" sizes=\"auto, (max-width: 1024px) 100vw, 1024px\" \/><\/figure>\n\n\n\n<p><\/p>\n\n\n\n<p><\/p>\n\n\n\n<figure class=\"wp-block-image size-large\"><img loading=\"lazy\" decoding=\"async\" width=\"1024\" height=\"760\" src=\"https:\/\/corrientesdetarde.com\/wp-content\/uploads\/2024\/10\/image-61-1024x760.png\" alt=\"\" class=\"wp-image-167903\" srcset=\"https:\/\/corrientesdetarde.com\/wp-content\/uploads\/2024\/10\/image-61-1024x760.png 1024w, https:\/\/corrientesdetarde.com\/wp-content\/uploads\/2024\/10\/image-61-300x223.png 300w, https:\/\/corrientesdetarde.com\/wp-content\/uploads\/2024\/10\/image-61-768x570.png 768w, https:\/\/corrientesdetarde.com\/wp-content\/uploads\/2024\/10\/image-61.png 1306w\" sizes=\"auto, (max-width: 1024px) 100vw, 1024px\" \/><\/figure>\n\n\n\n<p><\/p>\n\n\n\n<figure class=\"wp-block-image size-large\"><img loading=\"lazy\" decoding=\"async\" width=\"1024\" height=\"683\" src=\"https:\/\/corrientesdetarde.com\/wp-content\/uploads\/2024\/10\/image-65-1024x683.png\" alt=\"\" class=\"wp-image-167907\" srcset=\"https:\/\/corrientesdetarde.com\/wp-content\/uploads\/2024\/10\/image-65-1024x683.png 1024w, https:\/\/corrientesdetarde.com\/wp-content\/uploads\/2024\/10\/image-65-300x200.png 300w, https:\/\/corrientesdetarde.com\/wp-content\/uploads\/2024\/10\/image-65-768x512.png 768w, https:\/\/corrientesdetarde.com\/wp-content\/uploads\/2024\/10\/image-65-1536x1024.png 1536w, https:\/\/corrientesdetarde.com\/wp-content\/uploads\/2024\/10\/image-65.png 1599w\" sizes=\"auto, (max-width: 1024px) 100vw, 1024px\" \/><\/figure>\n\n\n\n<p><\/p>\n\n\n\n<figure class=\"wp-block-image size-large\"><img loading=\"lazy\" decoding=\"async\" width=\"1024\" height=\"683\" src=\"https:\/\/corrientesdetarde.com\/wp-content\/uploads\/2024\/10\/image-64-1024x683.png\" alt=\"\" class=\"wp-image-167906\" srcset=\"https:\/\/corrientesdetarde.com\/wp-content\/uploads\/2024\/10\/image-64-1024x683.png 1024w, https:\/\/corrientesdetarde.com\/wp-content\/uploads\/2024\/10\/image-64-300x200.png 300w, https:\/\/corrientesdetarde.com\/wp-content\/uploads\/2024\/10\/image-64-768x512.png 768w, https:\/\/corrientesdetarde.com\/wp-content\/uploads\/2024\/10\/image-64-1536x1024.png 1536w, https:\/\/corrientesdetarde.com\/wp-content\/uploads\/2024\/10\/image-64.png 1599w\" sizes=\"auto, (max-width: 1024px) 100vw, 1024px\" \/><\/figure>\n\n\n\n<p><\/p>\n","protected":false},"excerpt":{"rendered":"<p>El gobernador Gustavo Vald\u00e9s particip\u00f3 este jueves en Virasoro, del acto por los 100 a\u00f1os de la fundaci\u00f3n del Establecimiento Las Mar\u00edas. All\u00ed, elogi\u00f3 a la empresa yerbatera por &#8220;representar&hellip; <\/p>\n","protected":false},"author":8,"featured_media":167902,"comment_status":"closed","ping_status":"open","sticky":false,"template":"","format":"standard","meta":{"footnotes":""},"categories":[8],"tags":[],"class_list":["post-167900","post","type-post","status-publish","format-standard","has-post-thumbnail","hentry","category-locales"],"_links":{"self":[{"href":"https:\/\/corrientesdetarde.com\/index.php\/wp-json\/wp\/v2\/posts\/167900","targetHints":{"allow":["GET"]}}],"collection":[{"href":"https:\/\/corrientesdetarde.com\/index.php\/wp-json\/wp\/v2\/posts"}],"about":[{"href":"https:\/\/corrientesdetarde.com\/index.php\/wp-json\/wp\/v2\/types\/post"}],"author":[{"embeddable":true,"href":"https:\/\/corrientesdetarde.com\/index.php\/wp-json\/wp\/v2\/users\/8"}],"replies":[{"embeddable":true,"href":"https:\/\/corrientesdetarde.com\/index.php\/wp-json\/wp\/v2\/comments?post=167900"}],"version-history":[{"count":2,"href":"https:\/\/corrientesdetarde.com\/index.php\/wp-json\/wp\/v2\/posts\/167900\/revisions"}],"predecessor-version":[{"id":167910,"href":"https:\/\/corrientesdetarde.com\/index.php\/wp-json\/wp\/v2\/posts\/167900\/revisions\/167910"}],"wp:featuredmedia":[{"embeddable":true,"href":"https:\/\/corrientesdetarde.com\/index.php\/wp-json\/wp\/v2\/media\/167902"}],"wp:attachment":[{"href":"https:\/\/corrientesdetarde.com\/index.php\/wp-json\/wp\/v2\/media?parent=167900"}],"wp:term":[{"taxonomy":"category","embeddable":true,"href":"https:\/\/corrientesdetarde.com\/index.php\/wp-json\/wp\/v2\/categories?post=167900"},{"taxonomy":"post_tag","embeddable":true,"href":"https:\/\/corrientesdetarde.com\/index.php\/wp-json\/wp\/v2\/tags?post=167900"}],"curies":[{"name":"wp","href":"https:\/\/api.w.org\/{rel}","templated":true}]}}