{"id":168053,"date":"2024-10-25T07:44:36","date_gmt":"2024-10-25T10:44:36","guid":{"rendered":"https:\/\/corrientesdetarde.com\/?p=168053"},"modified":"2024-10-25T07:45:52","modified_gmt":"2024-10-25T10:45:52","slug":"un-festejo-centenario-con-apoyo-al-sector-privado-para-generar-empleo","status":"publish","type":"post","link":"https:\/\/corrientesdetarde.com\/index.php\/informacion-general\/un-festejo-centenario-con-apoyo-al-sector-privado-para-generar-empleo\/","title":{"rendered":"Un festejo centenario con apoyo al sector privado para generar empleo"},"content":{"rendered":"\n<p>Desde el Gobernador y dem\u00e1s funcionarios de alto rango, hasta intendentes, ediles y referentes de la pol\u00edtica y de instituciones reconocidas, asistieron al acto por los cien a\u00f1os de Las Mar\u00edas. &#8220;El Estado debe ser garante de que a las empresas les vaya bien&#8221;, remarc\u00f3 Vald\u00e9s.<a href=\"https:\/\/api.whatsapp.com\/send?text=Un%20festejo%20centenario%20con%20apoyo%20al%20sector%20privado%20para%20generar%20empleo%20-%20https:\/\/www.diarioepoca.com\/1336228-un-festejo-centenario-con-apoyo-al-sector-privado-para-generar-empleo?utm_source=WhatsApp%26utm_medium=WhatsApp%26utm_campaign=WhatsApp%26utm_term=WhatsApp\" target=\"_blank\" rel=\"noreferrer noopener\"><\/a><a href=\"https:\/\/www.diarioepoca.com\/1336228-un-festejo-centenario-con-apoyo-al-sector-privado-para-generar-empleo#\"><\/a><a href=\"https:\/\/www.diarioepoca.com\/1336228-un-festejo-centenario-con-apoyo-al-sector-privado-para-generar-empleo#\"><\/a><\/p>\n\n\n\n<p>Todos los caminos condujeron este jueves a Gobernador Virasoro. Con una masiva presencia de autoridades y referentes de la pol\u00edtica local y de reconocidas instituciones del medio, all\u00ed se llev\u00f3 a cabo el acto por los cien a\u00f1os de la fundaci\u00f3n del Establecimiento Las Mar\u00edas.<\/p>\n\n\n\n<p>Encabezado por el gobernador Gustavo Vald\u00e9s y la familia Navajas, se llev\u00f3 a cabo el encuentro en el que el mandatario provincial elogi\u00f3 a la empresa yerbatera por &#8220;representar a Corrientes en el mundo&#8221; y por ser un ejemplo de gesti\u00f3n privada. En ese aspecto, enfatiz\u00f3 que &#8220;el Estado debe ser garante de que a las empresas les vaya bien&#8221;.<\/p>\n\n\n\n<p>&#8220;Cuando uno cumple cien a\u00f1os se tiene que fijar qu\u00e9 es lo que va a hacer los pr\u00f3ximos cien a\u00f1os&#8221;, indic\u00f3 en su alocuci\u00f3n el Gobernador, remarcando que &#8220;Las Mar\u00edas es sin\u00f3nimo de Corrientes&#8221;.<\/p>\n\n\n\n<p>Vald\u00e9s sostuvo: &#8220;El establecimiento es el modelo de la provincia que so\u00f1amos como empresa&#8221;, a la vez que destac\u00f3 la labor de la familia Navajas, la cual &#8220;es emprendedora, pujante y ha tenido una labor destacada en la provincia, a lo largo de estos cien a\u00f1os, y nos llena de orgullo y satisfacci\u00f3n&#8221;.<\/p>\n\n\n\n<p>&#8220;Las Mar\u00edas es una suerte de norte hacia donde todas las empresas y los correntinos deber\u00edamos apuntar como modelo de desarrollo y de productividad&#8221;, continu\u00f3 expresando el Mandatario. &#8220;Todos pensamos que es \u00fanicamente un producto, pero como vimos, es mucho m\u00e1s que eso&#8221;, a\u00f1adi\u00f3.<\/p>\n\n\n\n<p>Posteriormente, Vald\u00e9s destac\u00f3 la labor de la familia responsable de la firma: &#8220;Cuando hablamos de modelo educativo, de integraci\u00f3n y de experiencia laboral, nos encontramos siempre con la familia Navajas&#8221;.<\/p>\n\n\n\n<p>A continuaci\u00f3n dijo que el Estado &#8220;tiene que ser el garante de que a las empresas privadas le vaya bien, y generen cada vez m\u00e1s puestos de trabajo, m\u00e1s recursos y m\u00e1s riqueza&#8221;, ya que &#8220;es la \u00fanica forma para combatir la pobreza, con m\u00e1s desarrollo e inversi\u00f3n en investigaci\u00f3n&#8221;, asegur\u00f3.<\/p>\n\n\n\n<p>&#8220;Sin investigaci\u00f3n, sin innovaci\u00f3n, es imposible que las empresas puedan brillar en este firmamento de competitividad&#8221;, sostuvo.<\/p>\n\n\n\n<p>En este sentido, Vald\u00e9s dio cuenta de que el Gobierno &#8220;pone a disposici\u00f3n todos sus medios para que Las Mar\u00edas sea una gran empresa de Corrientes&#8221;.<\/p>\n\n\n\n<p>&#8220;Para eso \u0096continu\u00f3-, contamos con diferentes instrumentos, como es el Banco de Corrientes, y el Fondo de Desarrollo, Garant\u00eda y Sustentabilidad de la Provincia, que hacen que Las Mar\u00edas no est\u00e9 sola en este trabajo&#8221;, dijo.<\/p>\n\n\n\n<p>&#8220;Se pueden construir grandes empresas, y para eso tenemos que seguir activando nuestros parques industriales, y poner a disposici\u00f3n el Estado&#8221;, enfatiz\u00f3.<\/p>\n\n\n\n<p>Luego, en el tramo final, Vald\u00e9s manifest\u00f3 su deseo de que cuando el establecimiento cumpla otros 100 a\u00f1os &#8220;haya una gran empresa multinacional, generadora de riqueza, producci\u00f3n, excelencia y calidad para las futuras generaciones&#8221;, concluy\u00f3.<\/p>\n\n\n\n<p>Acompa\u00f1aron el acto, el vicegobernador Pedro Braillard Poccard, el presidente de la C\u00e1mara de Diputados Pedro Cassani, legisladores provinciales y nacionales, intendentes de localidades vecinas, concejales, autoridades provinciales, nacionales y comunales, miembros de fuerzas de seguridad, representantes de instituciones de la regi\u00f3n y p\u00fablico en general.<\/p>\n\n\n\n<h2 class=\"wp-block-heading\">La empresa, el poblado y un legado de V\u00edctor Navajas Centeno frente a los nuevos desaf\u00edos<\/h2>\n\n\n\n<figure class=\"wp-block-image\"><img decoding=\"async\" src=\"https:\/\/www.diarioepoca.com\/content\/bucket\/3\/1391663w380h278c.jpg.webp\" alt=\"\"\/><\/figure>\n\n\n\n<p>En su discurso, el director general del grupo Las Mar\u00edas, Roberto Navajas, destac\u00f3 que la jornada representa un hito important\u00edsimo al cumplir 100 a\u00f1os como empresa. &#8220;Y lo festejamos con la comunidad y todos los que son parte de esta historia&#8221;.<\/p>\n\n\n\n<p>Adem\u00e1s, valor\u00f3 la visi\u00f3n del fundador de la empresa, V\u00edctor Navajas Centeno (de quien es bisnieto), cuyo legado ha sido fundamental. &#8220;Para sostenernos a lo largo del tiempo, con esfuerzo, humildad, constancia y una visi\u00f3n human\u00edstica del desarrollo empresario&#8221;.<\/p>\n\n\n\n<p>Tambi\u00e9n habl\u00f3 en la ocasi\u00f3n el intendente de Virasoro, Emiliano Fern\u00e1ndez, quien resalt\u00f3 que Las Mar\u00edas es un claro ejemplo de c\u00f3mo una &#8220;empresa familiar puede convertirse en una industria l\u00edder. Y como virasore\u00f1os, todos de alguna manera, nos sentimos hijos de este establecimiento&#8221;.<\/p>\n","protected":false},"excerpt":{"rendered":"<p>Desde el Gobernador y dem\u00e1s funcionarios de alto rango, hasta intendentes, ediles y referentes de la pol\u00edtica y de instituciones reconocidas, asistieron al acto por los cien a\u00f1os de Las&hellip; <\/p>\n","protected":false},"author":12,"featured_media":168059,"comment_status":"closed","ping_status":"open","sticky":false,"template":"","format":"standard","meta":{"footnotes":""},"categories":[1],"tags":[],"class_list":["post-168053","post","type-post","status-publish","format-standard","has-post-thumbnail","hentry","category-informacion-general"],"_links":{"self":[{"href":"https:\/\/corrientesdetarde.com\/index.php\/wp-json\/wp\/v2\/posts\/168053","targetHints":{"allow":["GET"]}}],"collection":[{"href":"https:\/\/corrientesdetarde.com\/index.php\/wp-json\/wp\/v2\/posts"}],"about":[{"href":"https:\/\/corrientesdetarde.com\/index.php\/wp-json\/wp\/v2\/types\/post"}],"author":[{"embeddable":true,"href":"https:\/\/corrientesdetarde.com\/index.php\/wp-json\/wp\/v2\/users\/12"}],"replies":[{"embeddable":true,"href":"https:\/\/corrientesdetarde.com\/index.php\/wp-json\/wp\/v2\/comments?post=168053"}],"version-history":[{"count":2,"href":"https:\/\/corrientesdetarde.com\/index.php\/wp-json\/wp\/v2\/posts\/168053\/revisions"}],"predecessor-version":[{"id":168068,"href":"https:\/\/corrientesdetarde.com\/index.php\/wp-json\/wp\/v2\/posts\/168053\/revisions\/168068"}],"wp:featuredmedia":[{"embeddable":true,"href":"https:\/\/corrientesdetarde.com\/index.php\/wp-json\/wp\/v2\/media\/168059"}],"wp:attachment":[{"href":"https:\/\/corrientesdetarde.com\/index.php\/wp-json\/wp\/v2\/media?parent=168053"}],"wp:term":[{"taxonomy":"category","embeddable":true,"href":"https:\/\/corrientesdetarde.com\/index.php\/wp-json\/wp\/v2\/categories?post=168053"},{"taxonomy":"post_tag","embeddable":true,"href":"https:\/\/corrientesdetarde.com\/index.php\/wp-json\/wp\/v2\/tags?post=168053"}],"curies":[{"name":"wp","href":"https:\/\/api.w.org\/{rel}","templated":true}]}}