{"id":168065,"date":"2024-10-25T07:46:46","date_gmt":"2024-10-25T10:46:46","guid":{"rendered":"https:\/\/corrientesdetarde.com\/?p=168065"},"modified":"2024-10-25T07:46:48","modified_gmt":"2024-10-25T10:46:48","slug":"cacho-espindola-otra-figura-del-chamame-reconocida-en-la-ciudad","status":"publish","type":"post","link":"https:\/\/corrientesdetarde.com\/index.php\/destacados\/cacho-espindola-otra-figura-del-chamame-reconocida-en-la-ciudad\/","title":{"rendered":"&#8220;Cacho&#8221; Esp\u00edndola, otra figura del chamam\u00e9 reconocida en la ciudad"},"content":{"rendered":"\n<p>Es el cuarto m\u00fasico de chamam\u00e9 en obtener el t\u00edtulo honor\u00edfico de &#8220;Ciudadano Ilustre&#8221; en poco m\u00e1s de dos meses. Desde el Concejo Deliberante reconocieron su prol\u00edfica carrera en la que se destac\u00f3 como guitarrista, cantante, autor y compositor.<a href=\"https:\/\/api.whatsapp.com\/send?text=%22Cacho%22%20Esp%C3%ADndola,%20otra%20figura%20del%20chamam%C3%A9%20reconocida%20en%20la%20ciudad%20-%20https:\/\/www.diarioepoca.com\/1336240-cacho-espindola-otra-figura-del-chamame-reconocida-en-la-ciudad?utm_source=WhatsApp%26utm_medium=WhatsApp%26utm_campaign=WhatsApp%26utm_term=WhatsApp\" target=\"_blank\" rel=\"noreferrer noopener\"><\/a><a href=\"https:\/\/www.diarioepoca.com\/1336240-cacho-espindola-otra-figura-del-chamame-reconocida-en-la-ciudad#\"><\/a><a href=\"https:\/\/www.diarioepoca.com\/1336240-cacho-espindola-otra-figura-del-chamame-reconocida-en-la-ciudad#\"><\/a><\/p>\n\n\n\n<p>El cantante, guitarrista, autor y compositor de chamam\u00e9, Oscar Edmundo &#8220;Cacho&#8221; Esp\u00edndola, fue declarado ayer Ciudadano Ilustre por el Concejo Deliberante de esta capital.<\/p>\n\n\n\n<p>Con el otorgamiento de este t\u00edtulo honor\u00edfico, el legislativo municipal le dio continuidad a su impronta de reconocer a figuras de la m\u00fasica litorale\u00f1a, atento a que desde agosto \u00faltimo, el HCD ya declar\u00f3 &#8220;Ciudadanos Ilustres&#8221; a Julio C\u00e1ceres, Santiago &#8220;Bocha&#8221; Sheridan y Mirian Asuad.<\/p>\n\n\n\n<p>El reconocimiento a &#8220;Cacho&#8221;, se dio en raz\u00f3n de su prol\u00edfica carrera. El distinguido compositor naci\u00f3 en la localidad de Alvear, el 15 de marzo de 1948 (tiene 76 a\u00f1os) y seg\u00fan narra la Fundaci\u00f3n Memorias del Chamam\u00e9 en su especializado sitio web, Esp\u00edndola se inici\u00f3 en la m\u00fasica en su ni\u00f1ez de la mano de su padre, el destacado m\u00fasico Oscar Mar\u00eda Esp\u00edndola Moreira, junto a quien realiza sus primeras presentaciones como guitarrista.<\/p>\n\n\n\n<p>En el a\u00f1o 1964 se integra a la primer formaci\u00f3n del conjunto de Coquimarola, con la que tiene la oportunidad de realizar sus primeras grabaciones para el sello &#8220;Polydor&#8221; donde aporta obras de su autor\u00eda como &#8220;Arroyo Poncho Verde&#8221;.<\/p>\n\n\n\n<p>Posteriormente es convocado por el bandoneonista santafesino Avelino Flores para integrarse a su conjunto de reciente formaci\u00f3n, con el que recorre intensamente pistas del Litoral y Buenos Aires, participando de grabaciones para importantes sellos como &#8220;Magenta&#8221; y &#8220;Music Hall&#8221;. En esta etapa participa adem\u00e1s de presentaciones radiales, actuaciones y grabaciones junto a &#8220;Las Hermanitas D\u00edaz&#8221;, ahijadas art\u00edsticas de Tr\u00e1nsito Cocomarola.<\/p>\n\n\n\n<p>Pero la consideraci\u00f3n del gran p\u00fablico chamamecero, le llega en el a\u00f1o 1970, cuando es convocado por Ernesto Montiel para integrar el Cuarteto Santa Ana. Junto a ese legendario conjunto realiza audiciones radiales y televisivas, giras por los principales escenarios del pa\u00eds, como la recordada presentaci\u00f3n de &#8220;Santa Ana &#8221; en Cosqu\u00edn y grabaciones para el sello &#8220;Polydor&#8221;.<\/p>\n\n\n\n<p>Integr\u00f3 tambi\u00e9n la &#8220;Orquesta Folkl\u00f3rica de la Provincia de Corrientes&#8221;, en la que permanece por espacio de 10 a\u00f1os.<\/p>\n\n\n\n<h2 class=\"wp-block-heading\">Sobrevivi\u00f3 a la tragedia de Bella Vista<\/h2>\n\n\n\n<p>En el a\u00f1o 1978 fund\u00f3 junto a dos excompa\u00f1eros del &#8220;Cuarteto Santa Ana&#8221;, Ricardo Sc\u00f3fano y Cacho Saucedo, el &#8220;Tr\u00edo Corrientes&#8221;. Posteriormente Saucedo, se retir\u00f3 del tr\u00edo por problemas de salud y fue reemplazado por Hugo Flores y finalmente por el cantante santafesino Chango Paniagua. Con esta formaci\u00f3n se presentaron hasta septiembre de 1988, en que los sorprendi\u00f3 la tragedia de Bella Vista donde falleci\u00f3 Paniagua, mientras que Sc\u00f3fano y Esp\u00edndola salvaron milagrosamente sus vidas. En los 90, &#8220;Cacho&#8221; asumi\u00f3 la direcci\u00f3n del &#8220;Tr\u00edo Corrientes&#8221;.<\/p>\n\n\n\n<p>En los albores del nuevo milenio, Esp\u00edndola fund\u00f3, junto a Ricardo Sc\u00f3fano y Santiago &#8220;Bocha&#8221; Sheridan, el &#8220;Grupo Integraci\u00f3n&#8221;, con el que recorri\u00f3 escenarios argentinos y del sur brasile\u00f1o, formaci\u00f3n que se mantuvo por espacio de diez a\u00f1os.<\/p>\n\n\n\n<p>En su rol de compositor, &#8220;Cacho&#8221; aport\u00f3 canciones como: &#8220;Un panamb\u00ed y un jazm\u00edn&#8221;, &#8220;Se\u00f1ores soy chamame&#8221;, &#8220;La planta de guayac\u00e1n&#8221;, &#8220;Lo que te promet\u00ed&#8221;, &#8220;Canci\u00f3n para mi despedida&#8221;, &#8220;Guitarras al viento&#8221;, &#8220;Mi lindo Corrientes&#8221; y &#8220;Grito de esperanza&#8221;, entre otras.<\/p>\n\n\n\n<p>La entrega de su diploma se har\u00e1 en semanas pr\u00f3ximas, en d\u00eda y hora a confirmar por el Concejo Deliberante.<\/p>\n","protected":false},"excerpt":{"rendered":"<p>Es el cuarto m\u00fasico de chamam\u00e9 en obtener el t\u00edtulo honor\u00edfico de &#8220;Ciudadano Ilustre&#8221; en poco m\u00e1s de dos meses. Desde el Concejo Deliberante reconocieron su prol\u00edfica carrera en la&hellip; <\/p>\n","protected":false},"author":12,"featured_media":168069,"comment_status":"closed","ping_status":"open","sticky":false,"template":"","format":"standard","meta":{"footnotes":""},"categories":[26],"tags":[],"class_list":["post-168065","post","type-post","status-publish","format-standard","has-post-thumbnail","hentry","category-destacados"],"_links":{"self":[{"href":"https:\/\/corrientesdetarde.com\/index.php\/wp-json\/wp\/v2\/posts\/168065","targetHints":{"allow":["GET"]}}],"collection":[{"href":"https:\/\/corrientesdetarde.com\/index.php\/wp-json\/wp\/v2\/posts"}],"about":[{"href":"https:\/\/corrientesdetarde.com\/index.php\/wp-json\/wp\/v2\/types\/post"}],"author":[{"embeddable":true,"href":"https:\/\/corrientesdetarde.com\/index.php\/wp-json\/wp\/v2\/users\/12"}],"replies":[{"embeddable":true,"href":"https:\/\/corrientesdetarde.com\/index.php\/wp-json\/wp\/v2\/comments?post=168065"}],"version-history":[{"count":2,"href":"https:\/\/corrientesdetarde.com\/index.php\/wp-json\/wp\/v2\/posts\/168065\/revisions"}],"predecessor-version":[{"id":168071,"href":"https:\/\/corrientesdetarde.com\/index.php\/wp-json\/wp\/v2\/posts\/168065\/revisions\/168071"}],"wp:featuredmedia":[{"embeddable":true,"href":"https:\/\/corrientesdetarde.com\/index.php\/wp-json\/wp\/v2\/media\/168069"}],"wp:attachment":[{"href":"https:\/\/corrientesdetarde.com\/index.php\/wp-json\/wp\/v2\/media?parent=168065"}],"wp:term":[{"taxonomy":"category","embeddable":true,"href":"https:\/\/corrientesdetarde.com\/index.php\/wp-json\/wp\/v2\/categories?post=168065"},{"taxonomy":"post_tag","embeddable":true,"href":"https:\/\/corrientesdetarde.com\/index.php\/wp-json\/wp\/v2\/tags?post=168065"}],"curies":[{"name":"wp","href":"https:\/\/api.w.org\/{rel}","templated":true}]}}