{"id":168074,"date":"2024-10-25T07:48:47","date_gmt":"2024-10-25T10:48:47","guid":{"rendered":"https:\/\/corrientesdetarde.com\/?p=168074"},"modified":"2024-10-25T07:49:06","modified_gmt":"2024-10-25T10:49:06","slug":"allanaron-casa-de-hermanos-que-tienen-a-maltraer-a-una-barriada","status":"publish","type":"post","link":"https:\/\/corrientesdetarde.com\/index.php\/informacion-general\/allanaron-casa-de-hermanos-que-tienen-a-maltraer-a-una-barriada\/","title":{"rendered":"Allanaron casa de hermanos que tienen a maltraer a una barriada"},"content":{"rendered":"\n<p>Son j\u00f3venes con prontuario delictivo desde hace a\u00f1os. Ahora est\u00e1n acusados de robar en la casa de una familia. La Polic\u00eda los detuvo y recuper\u00f3 parte de los objetos sustra\u00eddos. En el barrio Parque Ingeniero Serantes, los buenos vecinos est\u00e1n hartos de sus fechor\u00edas.<a href=\"https:\/\/api.whatsapp.com\/send?text=Allanaron%20casa%20de%20hermanos%20que%20tienen%20a%20maltraer%20a%20una%20barriada%20-%20https:\/\/www.diarioepoca.com\/1336242-allanaron-casa-de-hermanos-que-tienen-a-maltraer-a-una-barriada?utm_source=WhatsApp%26utm_medium=WhatsApp%26utm_campaign=WhatsApp%26utm_term=WhatsApp\" target=\"_blank\" rel=\"noreferrer noopener\"><\/a><a href=\"https:\/\/www.diarioepoca.com\/1336242-allanaron-casa-de-hermanos-que-tienen-a-maltraer-a-una-barriada#\"><\/a><a href=\"https:\/\/www.diarioepoca.com\/1336242-allanaron-casa-de-hermanos-que-tienen-a-maltraer-a-una-barriada#\"><\/a><\/p>\n\n\n\n<p>Dos j\u00f3venes hermanos de amplio prontuario delictivo resultaron detenidos ayer bajo acusaci\u00f3n de un robo cometido en el barrio Parque Ingeniero Serantes de la capital provincial.<\/p>\n\n\n\n<p>El il\u00edcito damnific\u00f3 a una familia vecina y otra vez los maleantes quedaron en el tapete por reincidir en este tipo de actos a escasas cuadras de su domicilio.<\/p>\n\n\n\n<p>Vecinos de la populosa barriada, conocida tambi\u00e9n como &#8220;La Olla&#8221;, hab\u00edan denunciado en muchas ocasiones a ambos sujetos por carecer de &#8220;c\u00f3digos&#8221; y hacer &#8220;desastre&#8221; en el barrio donde viven.<\/p>\n\n\n\n<p>Como consecuencia de una denuncia penal, efectivos de la comisar\u00eda seccional Vigesimoprimera apresaron a Ariel Alexis V. y Lautaro Andr\u00e9s V., de 19 y 20 a\u00f1os, respectivamente, reconocidos como responsables de la sustracci\u00f3n de diversos objetos.<\/p>\n\n\n\n<p>El mi\u00e9rcoles a la madrugada, seg\u00fan precisiones de los damnificados, ladrones accedieron a su vivienda, revisaron distintas dependencias y escaparon con sillas pl\u00e1sticas, una mesada y un ropero de cinco puertas.<\/p>\n\n\n\n<p>Ayer, polic\u00edas de la Vigesimoprimera, con la colaboraci\u00f3n del Grupo de Respuesta Inmediata Motorizada 2, allanaron el domicilio de los hermanos en pasaje \u00d1angapir\u00ed, entre Valdepe\u00f1as y avenida Arturo Frondizi.<\/p>\n\n\n\n<p>En base a distintos informes, desprendidos de la investigaci\u00f3n policial, el Juzgado de Garant\u00edas a cargo de Mar\u00eda Zair Nicol\u00e1s autoriz\u00f3 a concretar la captura de los hermanos y registrar su casa a la b\u00fasqueda de los elementos robados.<\/p>\n\n\n\n<p>Poco despu\u00e9s de las 8:30 las autoridades llegaron a la direcci\u00f3n mencionada y sorprendieron durmiendo a las personas que finalizaron detenidas sin ofrecer resistencia.<\/p>\n\n\n\n<p>Seg\u00fan las fuentes, el resultado del procedimiento &#8220;fue positivo&#8221;, no solo por las detenciones sino porque hallaron parte de los objetos descritos en la denuncia formal.<\/p>\n\n\n\n<p>Ambos hermanos figuraron en noticia policial vinculados a diversos delitos, principalmente de robos.<\/p>\n\n\n\n<p>La particularidad sobre los hechos radica en que la mayor\u00eda sucedieron en la propia barriada y tuvieron como v\u00edctimas &#8220;a sus vecinos&#8221;.<\/p>\n\n\n\n<p>Los dos j\u00f3venes son parte de una familia numerosa conocida en la zona como &#8220;los carreros de la cortada&#8221; y han sembrado miedo por su forma de manejarse, siempre de modo violento.<\/p>\n\n\n\n<p>Frente al temor de sufrir represalias, las personas que padecieron delitos eligieron no radicar denuncias.<\/p>\n","protected":false},"excerpt":{"rendered":"<p>Son j\u00f3venes con prontuario delictivo desde hace a\u00f1os. Ahora est\u00e1n acusados de robar en la casa de una familia. La Polic\u00eda los detuvo y recuper\u00f3 parte de los objetos sustra\u00eddos.&hellip; <\/p>\n","protected":false},"author":12,"featured_media":168075,"comment_status":"closed","ping_status":"open","sticky":false,"template":"","format":"standard","meta":{"footnotes":""},"categories":[23,1],"tags":[],"class_list":["post-168074","post","type-post","status-publish","format-standard","has-post-thumbnail","hentry","category-actualidad","category-informacion-general"],"_links":{"self":[{"href":"https:\/\/corrientesdetarde.com\/index.php\/wp-json\/wp\/v2\/posts\/168074","targetHints":{"allow":["GET"]}}],"collection":[{"href":"https:\/\/corrientesdetarde.com\/index.php\/wp-json\/wp\/v2\/posts"}],"about":[{"href":"https:\/\/corrientesdetarde.com\/index.php\/wp-json\/wp\/v2\/types\/post"}],"author":[{"embeddable":true,"href":"https:\/\/corrientesdetarde.com\/index.php\/wp-json\/wp\/v2\/users\/12"}],"replies":[{"embeddable":true,"href":"https:\/\/corrientesdetarde.com\/index.php\/wp-json\/wp\/v2\/comments?post=168074"}],"version-history":[{"count":2,"href":"https:\/\/corrientesdetarde.com\/index.php\/wp-json\/wp\/v2\/posts\/168074\/revisions"}],"predecessor-version":[{"id":168077,"href":"https:\/\/corrientesdetarde.com\/index.php\/wp-json\/wp\/v2\/posts\/168074\/revisions\/168077"}],"wp:featuredmedia":[{"embeddable":true,"href":"https:\/\/corrientesdetarde.com\/index.php\/wp-json\/wp\/v2\/media\/168075"}],"wp:attachment":[{"href":"https:\/\/corrientesdetarde.com\/index.php\/wp-json\/wp\/v2\/media?parent=168074"}],"wp:term":[{"taxonomy":"category","embeddable":true,"href":"https:\/\/corrientesdetarde.com\/index.php\/wp-json\/wp\/v2\/categories?post=168074"},{"taxonomy":"post_tag","embeddable":true,"href":"https:\/\/corrientesdetarde.com\/index.php\/wp-json\/wp\/v2\/tags?post=168074"}],"curies":[{"name":"wp","href":"https:\/\/api.w.org\/{rel}","templated":true}]}}