{"id":168082,"date":"2024-10-25T08:27:54","date_gmt":"2024-10-25T11:27:54","guid":{"rendered":"https:\/\/corrientesdetarde.com\/?p=168082"},"modified":"2024-10-25T08:29:11","modified_gmt":"2024-10-25T11:29:11","slug":"river-viaja-a-varela-tras-el-duro-golpe-ante-mineiro","status":"publish","type":"post","link":"https:\/\/corrientesdetarde.com\/index.php\/deportes\/river-viaja-a-varela-tras-el-duro-golpe-ante-mineiro\/","title":{"rendered":"RIVER VIAJA A VARELA TRAS EL DURO GOLPE ANTE MINEIRO"},"content":{"rendered":"\n<h2 class=\"wp-block-heading\">El millonario se mide a Defensa y Justicia luego del traspi\u00e9 en el primer partido de la semifinal de la Copa Libertadores.<\/h2>\n\n\n\n<p>(Corresponsal\u00eda Buenos Aires)La decimonovena fecha de la Liga Profesional del f\u00fatbol argentino dar\u00e1 inicio este viernes con dos encuentros.<\/p>\n\n\n\n<p>En primer turno, desde las 15 horas, y a trav\u00e9s de ESPN Premium, Barracas Central recibir\u00e1 a Estudiantes de La Plata buscando una victoria que lo ayude a salir del \u00faltimo lugar de la tabla de posiciones.<\/p>\n\n\n\n<p>Posteriormente, a las 21 horas, Defensa y Justicia recibir\u00e1 en Varela a River Plate. Luego de lo que fue la ca\u00edda ante Mineiro por 3-0 en la semifinal de ida de la Conmebol Libertadores, el conjunto dirigido por Marcelo Gallardo intentar\u00e1 revertir la imagen en el torneo local ante un halc\u00f3n que estuvo cerca de remontar un 0-3 ante Racing Club la semana pasada en el Cilindro. El encuentro ser\u00e1 televisado por TNT Sports<\/p>\n","protected":false},"excerpt":{"rendered":"<p>El millonario se mide a Defensa y Justicia luego del traspi\u00e9 en el primer partido de la semifinal de la Copa Libertadores. (Corresponsal\u00eda Buenos Aires)La decimonovena fecha de la Liga&hellip; <\/p>\n","protected":false},"author":11,"featured_media":154249,"comment_status":"closed","ping_status":"open","sticky":false,"template":"","format":"standard","meta":{"footnotes":""},"categories":[4],"tags":[1144,2137,185],"class_list":["post-168082","post","type-post","status-publish","format-standard","has-post-thumbnail","hentry","category-deportes","tag-defensa-y-justicia","tag-gallardo","tag-river"],"_links":{"self":[{"href":"https:\/\/corrientesdetarde.com\/index.php\/wp-json\/wp\/v2\/posts\/168082","targetHints":{"allow":["GET"]}}],"collection":[{"href":"https:\/\/corrientesdetarde.com\/index.php\/wp-json\/wp\/v2\/posts"}],"about":[{"href":"https:\/\/corrientesdetarde.com\/index.php\/wp-json\/wp\/v2\/types\/post"}],"author":[{"embeddable":true,"href":"https:\/\/corrientesdetarde.com\/index.php\/wp-json\/wp\/v2\/users\/11"}],"replies":[{"embeddable":true,"href":"https:\/\/corrientesdetarde.com\/index.php\/wp-json\/wp\/v2\/comments?post=168082"}],"version-history":[{"count":2,"href":"https:\/\/corrientesdetarde.com\/index.php\/wp-json\/wp\/v2\/posts\/168082\/revisions"}],"predecessor-version":[{"id":168086,"href":"https:\/\/corrientesdetarde.com\/index.php\/wp-json\/wp\/v2\/posts\/168082\/revisions\/168086"}],"wp:featuredmedia":[{"embeddable":true,"href":"https:\/\/corrientesdetarde.com\/index.php\/wp-json\/wp\/v2\/media\/154249"}],"wp:attachment":[{"href":"https:\/\/corrientesdetarde.com\/index.php\/wp-json\/wp\/v2\/media?parent=168082"}],"wp:term":[{"taxonomy":"category","embeddable":true,"href":"https:\/\/corrientesdetarde.com\/index.php\/wp-json\/wp\/v2\/categories?post=168082"},{"taxonomy":"post_tag","embeddable":true,"href":"https:\/\/corrientesdetarde.com\/index.php\/wp-json\/wp\/v2\/tags?post=168082"}],"curies":[{"name":"wp","href":"https:\/\/api.w.org\/{rel}","templated":true}]}}