{"id":168298,"date":"2024-10-26T09:00:37","date_gmt":"2024-10-26T12:00:37","guid":{"rendered":"https:\/\/corrientesdetarde.com\/?p=168298"},"modified":"2024-10-26T09:00:38","modified_gmt":"2024-10-26T12:00:38","slug":"moria-casan-tendra-su-propia-serie-en-netflix-llamada-la-vida-de-la-one","status":"publish","type":"post","link":"https:\/\/corrientesdetarde.com\/index.php\/espectaculos\/moria-casan-tendra-su-propia-serie-en-netflix-llamada-la-vida-de-la-one\/","title":{"rendered":"Moria Cas\u00e1n tendr\u00e1 su propia serie en Netflix llamada &#8220;La vida de La One&#8221;"},"content":{"rendered":"\n<p>La diva recibi\u00f3 una propuesta de la plataforma para contar su historia, lo que permitir\u00e1 que sea reconocida a nivel mundial.<\/p>\n\n\n\n<p>Netflix anunci\u00f3 que comenzar\u00e1 la producci\u00f3n de una nueva serie sobre la vida de Moria Cas\u00e1n, la cual explorar\u00e1 su carrera art\u00edstica y su camino para convertirse en una diva nacional.<\/p>\n\n\n\n<p>A trav\u00e9s de una publicaci\u00f3n en la red social X la cuenta de Che Netflix, lanz\u00f3: &#8220;Se viene la serie de ficci\u00f3n inspirada en la vida de La One, amores&#8221;. Esta publicaci\u00f3n ven\u00eda acompa\u00f1ada de una imagen de un cartel que explicitaba: &#8220;Netflix se cuelga de mis tetas. Firma: La One&#8221;, haciendo referencia a una de las ic\u00f3nicas frases de la actriz.<\/p>\n\n\n\n<p>Una de las versiones que circulan en torno a la serie es que Lali podr\u00eda ser la mujer que interprete a la famosa, dado el v\u00ednculo que tiene con ella tras grabar juntas el videoclip de &#8220;\u00bfQui\u00e9nes son?&#8221;. Sin embargo, por el momento se desconoce de qu\u00e9 tratar\u00e1 espec\u00edficamente, qui\u00e9nes conformar\u00e1n el elenco y cu\u00e1ndo saldr\u00e1 a la luz.<\/p>\n\n\n\n<p><strong>Moria Cas\u00e1n, de Argentina al mundo<\/strong><\/p>\n\n\n\n<p>Ana Mar\u00eda Casanova, m\u00e1s conocida como Moria Cas\u00e1n, naci\u00f3 el 16 de agosto de 1946 en Buenos Aires, Argentina. Desde muy joven, mostr\u00f3 un gran talento para el arte, el baile y la actuaci\u00f3n, y, aunque se inscribi\u00f3 en la carrera de Abogac\u00eda en la UBA, r\u00e1pidamente encontr\u00f3 su camino en los escenarios y en la televisi\u00f3n.<\/p>\n\n\n\n<p>Su carisma y presencia esc\u00e9nica la convirtieron en una figura destacada de las revistas porte\u00f1as, donde su estilo provocador e irreverente marc\u00f3 el inicio de una carrera que se extender\u00eda por d\u00e9cadas. En los a\u00f1os 70, se consolid\u00f3 en la televisi\u00f3n y el teatro de revista, transform\u00e1ndose en un \u00edcono de la cultura popular argentina gracias a su personalidad \u00fanica.<\/p>\n\n\n\n<p>Reconocida por su estilo audaz y su habilidad para crear frases c\u00e9lebres, fue apodada &#8220;La One&#8221; por su impacto en el medio art\u00edstico. Durante las d\u00e9cadas de 1980 y 1990, mantuvo su lugar en el centro de la atenci\u00f3n p\u00fablica, protagonizando numerosos espect\u00e1culos teatrales y participando en reconocidos programas de televisi\u00f3n, donde se destac\u00f3 como jurado y competidora en distintos shows de gran audiencia, consolidando su imagen como una de las figuras m\u00e1s pol\u00e9micas y directas del espect\u00e1culo argentino.<\/p>\n\n\n\n<p>A lo largo de su vida, estuvo involucrada en disputas medi\u00e1ticas, romances, conflictos con colegas y esc\u00e1ndalos que la han mantenido en la mira del p\u00fablico. Uno de los episodios m\u00e1s recordados fue su arresto en Paraguay en 2015, cuando fue detenida por la desaparici\u00f3n de unas joyas tras un espect\u00e1culo. Este incidente gener\u00f3 una gran cobertura medi\u00e1tica, y aunque fue un momento complicado, lo enfrent\u00f3 con su caracter\u00edstico humor y actitud desafiante.<\/p>\n\n\n\n<p>En la actualidad, con m\u00e1s de 70 a\u00f1os, Moria Cas\u00e1n contin\u00faa siendo una de las figuras m\u00e1s influyentes de Argentina. Activa en televisi\u00f3n y redes sociales, sigue compartiendo su particular visi\u00f3n del mundo y del espect\u00e1culo. A trav\u00e9s de su podcast y un canal de streaming que permanece vigente, se convierte en un ejemplo para las nuevas generaciones.&nbsp;<\/p>\n","protected":false},"excerpt":{"rendered":"<p>La diva recibi\u00f3 una propuesta de la plataforma para contar su historia, lo que permitir\u00e1 que sea reconocida a nivel mundial. Netflix anunci\u00f3 que comenzar\u00e1 la producci\u00f3n de una nueva&hellip; <\/p>\n","protected":false},"author":3,"featured_media":168304,"comment_status":"closed","ping_status":"open","sticky":false,"template":"","format":"standard","meta":{"footnotes":""},"categories":[19],"tags":[],"class_list":["post-168298","post","type-post","status-publish","format-standard","has-post-thumbnail","hentry","category-espectaculos"],"_links":{"self":[{"href":"https:\/\/corrientesdetarde.com\/index.php\/wp-json\/wp\/v2\/posts\/168298","targetHints":{"allow":["GET"]}}],"collection":[{"href":"https:\/\/corrientesdetarde.com\/index.php\/wp-json\/wp\/v2\/posts"}],"about":[{"href":"https:\/\/corrientesdetarde.com\/index.php\/wp-json\/wp\/v2\/types\/post"}],"author":[{"embeddable":true,"href":"https:\/\/corrientesdetarde.com\/index.php\/wp-json\/wp\/v2\/users\/3"}],"replies":[{"embeddable":true,"href":"https:\/\/corrientesdetarde.com\/index.php\/wp-json\/wp\/v2\/comments?post=168298"}],"version-history":[{"count":1,"href":"https:\/\/corrientesdetarde.com\/index.php\/wp-json\/wp\/v2\/posts\/168298\/revisions"}],"predecessor-version":[{"id":168344,"href":"https:\/\/corrientesdetarde.com\/index.php\/wp-json\/wp\/v2\/posts\/168298\/revisions\/168344"}],"wp:featuredmedia":[{"embeddable":true,"href":"https:\/\/corrientesdetarde.com\/index.php\/wp-json\/wp\/v2\/media\/168304"}],"wp:attachment":[{"href":"https:\/\/corrientesdetarde.com\/index.php\/wp-json\/wp\/v2\/media?parent=168298"}],"wp:term":[{"taxonomy":"category","embeddable":true,"href":"https:\/\/corrientesdetarde.com\/index.php\/wp-json\/wp\/v2\/categories?post=168298"},{"taxonomy":"post_tag","embeddable":true,"href":"https:\/\/corrientesdetarde.com\/index.php\/wp-json\/wp\/v2\/tags?post=168298"}],"curies":[{"name":"wp","href":"https:\/\/api.w.org\/{rel}","templated":true}]}}