{"id":168316,"date":"2024-10-26T10:00:08","date_gmt":"2024-10-26T13:00:08","guid":{"rendered":"https:\/\/corrientesdetarde.com\/?p=168316"},"modified":"2024-10-26T10:00:09","modified_gmt":"2024-10-26T13:00:09","slug":"el-trabajo-en-conjunto-de-todos-los-poderes-del-estado-es-la-mejor-manera-de-llevar-soluciones-a-la-sociedad","status":"publish","type":"post","link":"https:\/\/corrientesdetarde.com\/index.php\/politica\/el-trabajo-en-conjunto-de-todos-los-poderes-del-estado-es-la-mejor-manera-de-llevar-soluciones-a-la-sociedad\/","title":{"rendered":"&#8220;El trabajo en conjunto de todos los poderes del estado es la mejor manera de llevar soluciones a la sociedad&#8221;"},"content":{"rendered":"\n<p>Lo dijo en el marco de la reuni\u00f3n informativa para mejorar la integraci\u00f3n entre las autoridades a cargo de la prevenci\u00f3n e investigaci\u00f3n de il\u00edcitos en Paso de la Patria. La misma cont\u00f3 con la presencia de autoridades de la Polic\u00eda de la provincia de Corrientes, personal policial y judicial y p\u00fablico en general.<\/p>\n\n\n\n<p>La actividad que cuenta con la coordinaci\u00f3n del presidente del Superior Tribunal de Justicia, doctora Luis Eduardo Rey V\u00e1zquez y la Secretaria Jurisdiccional N\u00b0 2 del Superior Tribunal de Justicia y Coordinadora del Programa &#8220;Justicia y Sociedad Civil&#8221;(Acdo. N\u00b0 18\/11 P. 7\u00b0), doctora Marisa Spagnolo, se realiz\u00f3 el pasado mi\u00e9rcoles 23 de octubre a las 18 horas en la localidad de Paso de la Patria.<\/p>\n\n\n\n<p>El Ministro del Superior Tribunal de Justicia, doctor Alejandro Alberto Chain, particip\u00f3 como instructor junto con la titular de la Unidad Fiscal de Investigaciones Concretas N\u00b0 3, doctora Mar\u00eda Andrea Gonz\u00e1lez.<\/p>\n\n\n\n<p>Ambos instructores se refirieron al trabajo en conjunto entre el Superior Tribunal de Justicia, el Ministerio P\u00fablico y la polic\u00eda de la provincia para atender las problem\u00e1ticas que afectan a la sociedad como la inseguridad y el consumo problem\u00e1tico.<\/p>\n\n\n\n<p>Adem\u00e1s subrayaron la importancia de escuchar planteos y conocer cu\u00e1l es la problem\u00e1tica en materia tanto de seguridad ciudadana como de la actuaci\u00f3n de la justicia en los casos que generan zozobra o intranquilidad en la comunidad.<\/p>\n\n\n\n<p>La actividad se realiz\u00f3 en el SUM del Hotel Jard\u00edn del Paran\u00e1 y estuvo destinada a personal Judicial y policial y p\u00fablico en general. Busca promover la difusi\u00f3n de los derechos y las competencias asignadas en el C\u00f3digo Procesal Penal de Corrientes y la integraci\u00f3n de esas competencias.<\/p>\n\n\n\n<p><strong>El derecho de vivir en paz<\/strong><\/p>\n\n\n\n<p>El doctor Alejandro Cha\u00edn destac\u00f3 la presencia de las autoridades policiales en la reuni\u00f3n organizada y afirm\u00f3; &#8220;venimos a ofrecer nuestra experiencia y tambi\u00e9n a hacernos cargo de la responsabilidad en orden a nuestra competencia&#8221;.<\/p>\n\n\n\n<p>&#8220;Es un derecho ciudadano hasta podr\u00edamos decir un derecho natural el de vivir en paz&#8221; enfatiz\u00f3 el ministro del STJ y agreg\u00f3 que &#8220;los distintos poderes del estado deben estar en comunicaci\u00f3n permanente Y tienen que estar en interacci\u00f3n permanente para atender las requisitorias de la sociedad que sin dudas es compleja, porque la realidad es compleja&#8221;.<\/p>\n\n\n\n<p>El doctor Chain hizo menci\u00f3n adem\u00e1s la reciente reuni\u00f3n mantenida con el Ministro de Justicia de la Provincia en la que se estableci\u00f3 la importancia de contar con reuniones mensuales de los equipos de trabajo ya que afirm\u00f3; &#8220;la responsabilidad y la actuaci\u00f3n, tienen que trascender, porque hay conceptos o modelos a seguir, conceptuales que tienen que ver con la interacci\u00f3n, la cooperaci\u00f3n, la solidaridad entre poderes y entre los diversos departamentos estatales porque la sociedad tiene derecho a que desde ese \u00e1mbito lleguen las soluciones&#8221;.<\/p>\n\n\n\n<p><strong>Empoderar a los ciudadanos<\/strong><\/p>\n\n\n\n<p>La doctora Mar\u00eda Andrea Gonz\u00e1lez dio la bienvenida a los presentes y explic\u00f3 que esta actividad busca &#8220;transmitir y poner en conocimiento cuestiones que resulten de inter\u00e9s para toda la comunidad de Paso de la Patria&#8221;. Agreg\u00f3 que &#8220;el Programa de Justicia y Sociedad Civil, es un programa que fue aprobado por el Superior Tribunal de Justicia por acuerdo del a\u00f1o 2011 y que se viene replicando en distintas ciudades y abordando distintos temas que son de inter\u00e9s para la comunidad&#8221;<\/p>\n\n\n\n<p>&#8220;Buscamos empoderar a los ciudadanos, esto es, poner en conocimiento cu\u00e1les son los derechos que existen para cada uno y cu\u00e1les son las competencias que tiene cada instituci\u00f3n p\u00fablica, tanto Poder Judicial como Poder Ejecutivo&#8221;, subray\u00f3 la titular de la Unidad Fiscal de Investigaciones Concretas N\u00b0 3.<\/p>\n","protected":false},"excerpt":{"rendered":"<p>Lo dijo en el marco de la reuni\u00f3n informativa para mejorar la integraci\u00f3n entre las autoridades a cargo de la prevenci\u00f3n e investigaci\u00f3n de il\u00edcitos en Paso de la Patria.&hellip; <\/p>\n","protected":false},"author":3,"featured_media":168319,"comment_status":"closed","ping_status":"open","sticky":false,"template":"","format":"standard","meta":{"footnotes":""},"categories":[3],"tags":[],"class_list":["post-168316","post","type-post","status-publish","format-standard","has-post-thumbnail","hentry","category-politica"],"_links":{"self":[{"href":"https:\/\/corrientesdetarde.com\/index.php\/wp-json\/wp\/v2\/posts\/168316","targetHints":{"allow":["GET"]}}],"collection":[{"href":"https:\/\/corrientesdetarde.com\/index.php\/wp-json\/wp\/v2\/posts"}],"about":[{"href":"https:\/\/corrientesdetarde.com\/index.php\/wp-json\/wp\/v2\/types\/post"}],"author":[{"embeddable":true,"href":"https:\/\/corrientesdetarde.com\/index.php\/wp-json\/wp\/v2\/users\/3"}],"replies":[{"embeddable":true,"href":"https:\/\/corrientesdetarde.com\/index.php\/wp-json\/wp\/v2\/comments?post=168316"}],"version-history":[{"count":1,"href":"https:\/\/corrientesdetarde.com\/index.php\/wp-json\/wp\/v2\/posts\/168316\/revisions"}],"predecessor-version":[{"id":168349,"href":"https:\/\/corrientesdetarde.com\/index.php\/wp-json\/wp\/v2\/posts\/168316\/revisions\/168349"}],"wp:featuredmedia":[{"embeddable":true,"href":"https:\/\/corrientesdetarde.com\/index.php\/wp-json\/wp\/v2\/media\/168319"}],"wp:attachment":[{"href":"https:\/\/corrientesdetarde.com\/index.php\/wp-json\/wp\/v2\/media?parent=168316"}],"wp:term":[{"taxonomy":"category","embeddable":true,"href":"https:\/\/corrientesdetarde.com\/index.php\/wp-json\/wp\/v2\/categories?post=168316"},{"taxonomy":"post_tag","embeddable":true,"href":"https:\/\/corrientesdetarde.com\/index.php\/wp-json\/wp\/v2\/tags?post=168316"}],"curies":[{"name":"wp","href":"https:\/\/api.w.org\/{rel}","templated":true}]}}