{"id":168372,"date":"2024-10-26T12:34:13","date_gmt":"2024-10-26T15:34:13","guid":{"rendered":"https:\/\/corrientesdetarde.com\/?p=168372"},"modified":"2024-10-26T12:34:18","modified_gmt":"2024-10-26T15:34:18","slug":"reconocimiento-libertador-general-san-martin","status":"publish","type":"post","link":"https:\/\/corrientesdetarde.com\/index.php\/eventossociedad\/reconocimiento-libertador-general-san-martin\/","title":{"rendered":"RECONOCIMIENTO LIBERTADOR GENERAL SAN MART\u00cdN"},"content":{"rendered":"\n<p><em>&#8220;El doctor Galiana es una muestra de lo que significa la educaci\u00f3n p\u00fablica que tanto amamos&#8221;<\/em><\/p>\n\n\n\n<p>As\u00ed lo destac\u00f3 el vicegobernador de la provincia Dr. Pedro Braillard Poccard en el acto que presidi\u00f3 y en el que se entreg\u00f3 la distinci\u00f3n \u201cLibertador General San Mart\u00edn&#8221; al doctor Enrique &#8220;Kito&#8221; Eduardo Galiana en un recinto legislativo colmado de familiares, colegas, alumnos y amigos.<\/p>\n\n\n\n<p>Para el doctor Galiana, su mayor orgullo es ser \u201cMaestro\u201d, y a partir de ese t\u00edtulo construy\u00f3 un camino donde no solo ense\u00f1\u00f3 y comparti\u00f3 sus conocimientos, sino que tambi\u00e9n se permiti\u00f3 aprender, a seguir siendo un alumno, recabando informaci\u00f3n y siendo un apasionado de la historia y de la vida.<\/p>\n\n\n\n<p>El reconocimiento otorgado en el Senado provincial es a la persona que supo ser y es maestro, profesor, abogado, doctor, historiador, escritor, cuentista y que adem\u00e1s incursion\u00f3 en el periodismo y en todo aquel espacio que le permitiera crecer y aprender. Los m\u00e1ximos referentes universitarios del Derecho y de la Justicia, como as\u00ed tambi\u00e9n diversos estamentos de formaci\u00f3n acad\u00e9mica, fuerzas de seguridad, senadores, diputados y concejales adhirieron a este homenaje.<\/p>\n\n\n\n<p>Al dirigirse a los presentes, el Vicegobernador destac\u00f3 \u201choy el Senado tiene el honor de homenajear al doctor Galiana. &#8220;Kito&#8221;, como bien dijo, super\u00f3 al doctor Galiana. Estos homenajes tienen dos componentes fundamentales, primero la distinci\u00f3n en s\u00ed misma, pero el otro componente es la presencia de todos ustedes a quienes les agradezco\u201d.<\/p>\n\n\n\n<p>Sobre el doctor Galiana, me permito se\u00f1alar, -dijo Braillard- m\u00e1s all\u00e1 de toda su trayectoria lleg\u00f3 a ser maestro una distinci\u00f3n que en el mundo es conferida a muy pocos, son aquellos que se ganan el respeto y la admiraci\u00f3n de sus alumnos y de sus colegas. Muy pocos son los maestros cuya palabra es siempre una gu\u00eda, cuya opini\u00f3n es siempre tomada en cuenta, porque es parte de la base que no solamente surge del conocimiento, del estudio, de la experiencia, sino tambi\u00e9n de una actitud espiritual que tiene que ver con tratar de dar lo mejor. Y el maestro Galiana lleg\u00f3 a ese t\u00edtulo que no est\u00e1 formalizado, pero que creo, reitero, simboliza el mayor logro que uno puede obtener en el mundo.<\/p>\n\n\n\n<p>Seguidamente agreg\u00f3: \u201cHoy no solamente estamos llevando adelante un acto de justicia, sino que estamos exhibiendo a la sociedad un ejemplo de vida, de trayectoria para muchas personas de las generaciones que se est\u00e1n formando, de mediana edad, j\u00f3venes, porque, adem\u00e1s, algo que a Kito siempre lo escuch\u00e9 se\u00f1alar, es que \u00e9l es orgulloso de haber empezado desde abajo, de haber logrado con esfuerzo y con trabajo, con dedicaci\u00f3n y con estudio todo lo que logr\u00f3\u201d.<\/p>\n\n\n\n<p>El Vicegobernador en su alocuci\u00f3n remarc\u00f3 la defensa de la Universidad P\u00fablica y dijo &#8220;tuvimos una educaci\u00f3n p\u00fablica, tuvimos pensadores que apostaron y creyeron en la educaci\u00f3n. Por eso tenemos premios Nobeles, por eso nuestros profesionales son destacados y respetados en cualquier lugar del mundo y el doctor Galiana, es una muestra de lo que significa esa educaci\u00f3n que tanto amamos&#8221;.<\/p>\n\n\n\n<p><em>PALABRAS DE GALIANA<\/em><\/p>\n\n\n\n<p>El doctor Galiana visiblemente emocionado expres\u00f3 su agradecimiento por el homenaje, \u201clos quiero, hoy me hicieron llorar, me hicieron re\u00edr, me hicieron feliz. No puedo citar a todos para agradecerles\u2026 Solo le puedo decir que nac\u00ed en una casa de Brasil 1485, Villa Basura, orgulloso de ser de Villa Basura. Fui deportista, jugu\u00e9 al f\u00fatbol en la calle, y veo a dos personas que cuando yo part\u00ed de mi casa con mi t\u00edtulo de maestro, lleno de sue\u00f1os y sin un mango en el bolsillo, me recibieron en San Lorenzo, provincia de Corrientes. No voy a dar sus nombres, no hace falta, ellos saben\u201d, comparti\u00f3.<\/p>\n\n\n\n<p>\u201cSolamente ten\u00eda ilusiones y mis libros de Derecho que compr\u00e9 en cuotas en la esquina de Yrigoyen y San Juan, ah\u00ed estaba la biblioteca universitaria. Y ah\u00ed me di cuenta que la Universidad Nacional del Nordeste, a los maestros que so\u00f1\u00e1bamos, que ven\u00edamos de abajo, es la del sol. Es el sol que alumbra a todos sin mirar a quien. El sol que mira y dice, yo le alumbro tanto al rico, al poderoso, al d\u00e9bil, a aquel que sue\u00f1a, al que no sue\u00f1a, y nos permiti\u00f3 a muchos acceder y llegar a algunos puntos, que a veces ni siquiera en los mejores sue\u00f1os pensamos\u201d. Remarc\u00f3 en una clara defensa de la Universidad P\u00fablica: \u201cAntes que nada, soy maestro normal nacional. Am\u00e9 a mis padres hasta el \u00faltimo minuto de sus vidas. Soy leal, hasta como enemigo soy leal, porque vengo de frente. Pero este escenario de hoy no lo voy a olvidar nunca, porque la historia no se olvida, la historia no se borra, la historia se transforma en recuerdo\u201d, dijo emocionado.<\/p>\n\n\n\n<p><\/p>\n\n\n\n<figure class=\"wp-block-image size-large\"><img loading=\"lazy\" decoding=\"async\" width=\"1024\" height=\"683\" src=\"https:\/\/corrientesdetarde.com\/wp-content\/uploads\/2024\/10\/1000010922-1024x683.jpg\" alt=\"\" class=\"wp-image-168376\" srcset=\"https:\/\/corrientesdetarde.com\/wp-content\/uploads\/2024\/10\/1000010922-1024x683.jpg 1024w, https:\/\/corrientesdetarde.com\/wp-content\/uploads\/2024\/10\/1000010922-300x200.jpg 300w, https:\/\/corrientesdetarde.com\/wp-content\/uploads\/2024\/10\/1000010922-768x512.jpg 768w, https:\/\/corrientesdetarde.com\/wp-content\/uploads\/2024\/10\/1000010922-1536x1024.jpg 1536w, https:\/\/corrientesdetarde.com\/wp-content\/uploads\/2024\/10\/1000010922.jpg 1599w\" sizes=\"auto, (max-width: 1024px) 100vw, 1024px\" \/><\/figure>\n\n\n\n<figure class=\"wp-block-image size-large\"><img loading=\"lazy\" decoding=\"async\" width=\"1024\" height=\"682\" src=\"https:\/\/corrientesdetarde.com\/wp-content\/uploads\/2024\/10\/1000010913-1024x682.jpg\" alt=\"\" class=\"wp-image-168375\" srcset=\"https:\/\/corrientesdetarde.com\/wp-content\/uploads\/2024\/10\/1000010913-1024x682.jpg 1024w, https:\/\/corrientesdetarde.com\/wp-content\/uploads\/2024\/10\/1000010913-300x200.jpg 300w, https:\/\/corrientesdetarde.com\/wp-content\/uploads\/2024\/10\/1000010913-768x512.jpg 768w, https:\/\/corrientesdetarde.com\/wp-content\/uploads\/2024\/10\/1000010913.jpg 1280w\" sizes=\"auto, (max-width: 1024px) 100vw, 1024px\" \/><\/figure>\n\n\n\n<figure class=\"wp-block-image size-large\"><img loading=\"lazy\" decoding=\"async\" width=\"1024\" height=\"683\" src=\"https:\/\/corrientesdetarde.com\/wp-content\/uploads\/2024\/10\/1000010916-1024x683.jpg\" alt=\"\" class=\"wp-image-168373\" srcset=\"https:\/\/corrientesdetarde.com\/wp-content\/uploads\/2024\/10\/1000010916-1024x683.jpg 1024w, https:\/\/corrientesdetarde.com\/wp-content\/uploads\/2024\/10\/1000010916-300x200.jpg 300w, https:\/\/corrientesdetarde.com\/wp-content\/uploads\/2024\/10\/1000010916-768x512.jpg 768w, https:\/\/corrientesdetarde.com\/wp-content\/uploads\/2024\/10\/1000010916-1536x1024.jpg 1536w, https:\/\/corrientesdetarde.com\/wp-content\/uploads\/2024\/10\/1000010916.jpg 1599w\" sizes=\"auto, (max-width: 1024px) 100vw, 1024px\" \/><\/figure>\n","protected":false},"excerpt":{"rendered":"<p>&#8220;El doctor Galiana es una muestra de lo que significa la educaci\u00f3n p\u00fablica que tanto amamos&#8221; As\u00ed lo destac\u00f3 el vicegobernador de la provincia Dr. Pedro Braillard Poccard en el&hellip; <\/p>\n","protected":false},"author":1,"featured_media":168374,"comment_status":"closed","ping_status":"open","sticky":false,"template":"","format":"standard","meta":{"footnotes":""},"categories":[1208],"tags":[],"class_list":["post-168372","post","type-post","status-publish","format-standard","has-post-thumbnail","hentry","category-eventossociedad"],"_links":{"self":[{"href":"https:\/\/corrientesdetarde.com\/index.php\/wp-json\/wp\/v2\/posts\/168372","targetHints":{"allow":["GET"]}}],"collection":[{"href":"https:\/\/corrientesdetarde.com\/index.php\/wp-json\/wp\/v2\/posts"}],"about":[{"href":"https:\/\/corrientesdetarde.com\/index.php\/wp-json\/wp\/v2\/types\/post"}],"author":[{"embeddable":true,"href":"https:\/\/corrientesdetarde.com\/index.php\/wp-json\/wp\/v2\/users\/1"}],"replies":[{"embeddable":true,"href":"https:\/\/corrientesdetarde.com\/index.php\/wp-json\/wp\/v2\/comments?post=168372"}],"version-history":[{"count":1,"href":"https:\/\/corrientesdetarde.com\/index.php\/wp-json\/wp\/v2\/posts\/168372\/revisions"}],"predecessor-version":[{"id":168377,"href":"https:\/\/corrientesdetarde.com\/index.php\/wp-json\/wp\/v2\/posts\/168372\/revisions\/168377"}],"wp:featuredmedia":[{"embeddable":true,"href":"https:\/\/corrientesdetarde.com\/index.php\/wp-json\/wp\/v2\/media\/168374"}],"wp:attachment":[{"href":"https:\/\/corrientesdetarde.com\/index.php\/wp-json\/wp\/v2\/media?parent=168372"}],"wp:term":[{"taxonomy":"category","embeddable":true,"href":"https:\/\/corrientesdetarde.com\/index.php\/wp-json\/wp\/v2\/categories?post=168372"},{"taxonomy":"post_tag","embeddable":true,"href":"https:\/\/corrientesdetarde.com\/index.php\/wp-json\/wp\/v2\/tags?post=168372"}],"curies":[{"name":"wp","href":"https:\/\/api.w.org\/{rel}","templated":true}]}}