{"id":168379,"date":"2024-10-26T15:54:14","date_gmt":"2024-10-26T18:54:14","guid":{"rendered":"https:\/\/corrientesdetarde.com\/?p=168379"},"modified":"2024-10-26T15:54:26","modified_gmt":"2024-10-26T18:54:26","slug":"en-plaza-cabral-se-realizo-un-festivalpara-concientizar-sobre-la-salud-mental","status":"publish","type":"post","link":"https:\/\/corrientesdetarde.com\/index.php\/sociales\/en-plaza-cabral-se-realizo-un-festivalpara-concientizar-sobre-la-salud-mental\/","title":{"rendered":"En plaza Cabral se realiz\u00f3 un festivalpara concientizar sobre la salud mental"},"content":{"rendered":"\n<p><em>Con batucada, bandas en vivo, entre otros n\u00fameros art\u00edsticos y exposici\u00f3n de trabajos, el espacio p\u00fablico c\u00e9ntrico fue escenario del 6\u00ba Festival de Salud Mental, del que particip\u00f3 la Secretar\u00eda de Salud del municipio capitalino, junto a dispositivos territoriales distribuidos en diferentes barrios de la ciudad que trabajan en la tem\u00e1tica.<\/em><\/p>\n\n\n\n<figure class=\"wp-block-embed is-type-video is-provider-youtube wp-block-embed-youtube wp-embed-aspect-16-9 wp-has-aspect-ratio\"><div class=\"wp-block-embed__wrapper\">\n<iframe loading=\"lazy\" title=\"En plaza Cabral se realiz\u00f3 un festival para concientizar sobre la salud mental\" width=\"1110\" height=\"624\" src=\"https:\/\/www.youtube.com\/embed\/NJgz-e39P4o?feature=oembed\" frameborder=\"0\" allow=\"accelerometer; autoplay; clipboard-write; encrypted-media; gyroscope; picture-in-picture; web-share\" referrerpolicy=\"strict-origin-when-cross-origin\" allowfullscreen><\/iframe>\n<\/div><\/figure>\n\n\n\n<p>Bajo el lema \u201cConstruyendo redes de cuidado: salud mental en comunidad\u201d, en la plaza Cabral \u2013peatonal Jun\u00edn y San Lorenzo- se desarroll\u00f3 el 6\u00ba Festival de Salud Mental, con el acompa\u00f1amiento de la Municipalidad de Corrientes y del que participaron diferentes dispositivos barriales y centros de salud que trabajan en la tem\u00e1tica.<br><br>Durante la tarde del viernes, en un escenario montado para la ocasi\u00f3n, hubo m\u00fasica en vivo, batucada, exposici\u00f3n de los diferentes talleres de quienes participan en estos espacios, adem\u00e1s de muestras de trabajos desarrollados a lo largo de todo el a\u00f1o.<br><br>La coordinadora ejecutiva del \u00e1rea de Discapacidad e Inclusi\u00f3n Social del municipio, Mariana Montes, destac\u00f3 la importancia de la presencia de \u201cvarios dispositivos que trabajan en el abordaje y el cuidado de la salud mental en toda la ciudad. Estamos justamente construyendo redes entre todos los que d\u00eda a d\u00eda trabajamos en el abordaje comunitario en la tem\u00e1tica\u201d.<br><br>Desde el municipio, dijeron presente en la jornada j\u00f3venes que forman parte del Dispositivo Territorial Comunitario del barrio Independencia, \u201cdonde justamente se trabaja en un abordaje integral y los chicos van a participar con su banda de m\u00fasica; adem\u00e1s de otros n\u00fameros art\u00edsticos que las organizaciones que participan tienen preparado\u201d, cont\u00f3 Montes.<br><br>Por su parte, Angelina Ju\u00e1rez, quien forma parte de la organizaci\u00f3n del festival y adem\u00e1s es trabajadora social del Hospital San Francisco de As\u00eds y del dispositivo comunitario Vientos de Libertad, que trabaja con consumos problem\u00e1ticos, destac\u00f3 el crecimiento que tuvo esta actividad a lo largo de estos a\u00f1os.<br><br>\u201cEn principio fue promovido por el Hospital de Salud Mental por la residencia interdisciplinaria y desde el a\u00f1o pasado se abri\u00f3 como el espacio a pensarlo en conjunto con dispositivos comunitarios, territoriales, CAPS, otros hospitales y hacerlo m\u00e1s amplio y sobre todo intersectorial\u201d.\u00a0<br><br>La jornada arranc\u00f3 con una marcha desde la plaza Vera hasta la plaza Cabral, para visibilizar las problem\u00e1ticas en salud mental y consumos problem\u00e1ticos, enfatizando la necesidad de pol\u00edticas p\u00fablicas efectivas y accesibles que respondan a las demandas de la comunidad, especialmente en barrios populares.<br><br>\u201cEsta actividad busca visibilizar a los dispositivos que trabajan con la salud mental y los consumos problem\u00e1ticos, y pensar la salud mental como algo de todos y todas\u201d, destac\u00f3 la organizadora.<\/p>\n\n\n\n<p><\/p>\n\n\n\n<figure class=\"wp-block-image\"><img decoding=\"async\" src=\"blob:https:\/\/corrientesdetarde.com\/c485f335-38b4-4be8-91ec-ea549c4df3fd\" alt=\"\"\/><\/figure>\n\n\n\n<p><\/p>\n\n\n\n<figure class=\"wp-block-image size-large\"><img loading=\"lazy\" decoding=\"async\" width=\"1024\" height=\"682\" src=\"https:\/\/corrientesdetarde.com\/wp-content\/uploads\/2024\/10\/image-97-1024x682.png\" alt=\"\" class=\"wp-image-168383\" srcset=\"https:\/\/corrientesdetarde.com\/wp-content\/uploads\/2024\/10\/image-97-1024x682.png 1024w, https:\/\/corrientesdetarde.com\/wp-content\/uploads\/2024\/10\/image-97-300x200.png 300w, https:\/\/corrientesdetarde.com\/wp-content\/uploads\/2024\/10\/image-97-768x512.png 768w, https:\/\/corrientesdetarde.com\/wp-content\/uploads\/2024\/10\/image-97.png 1280w\" sizes=\"auto, (max-width: 1024px) 100vw, 1024px\" \/><\/figure>\n\n\n\n<p><\/p>\n","protected":false},"excerpt":{"rendered":"<p>Con batucada, bandas en vivo, entre otros n\u00fameros art\u00edsticos y exposici\u00f3n de trabajos, el espacio p\u00fablico c\u00e9ntrico fue escenario del 6\u00ba Festival de Salud Mental, del que particip\u00f3 la Secretar\u00eda&hellip; <\/p>\n","protected":false},"author":1,"featured_media":168384,"comment_status":"closed","ping_status":"open","sticky":false,"template":"","format":"standard","meta":{"footnotes":""},"categories":[17],"tags":[],"class_list":["post-168379","post","type-post","status-publish","format-standard","has-post-thumbnail","hentry","category-sociales"],"_links":{"self":[{"href":"https:\/\/corrientesdetarde.com\/index.php\/wp-json\/wp\/v2\/posts\/168379","targetHints":{"allow":["GET"]}}],"collection":[{"href":"https:\/\/corrientesdetarde.com\/index.php\/wp-json\/wp\/v2\/posts"}],"about":[{"href":"https:\/\/corrientesdetarde.com\/index.php\/wp-json\/wp\/v2\/types\/post"}],"author":[{"embeddable":true,"href":"https:\/\/corrientesdetarde.com\/index.php\/wp-json\/wp\/v2\/users\/1"}],"replies":[{"embeddable":true,"href":"https:\/\/corrientesdetarde.com\/index.php\/wp-json\/wp\/v2\/comments?post=168379"}],"version-history":[{"count":1,"href":"https:\/\/corrientesdetarde.com\/index.php\/wp-json\/wp\/v2\/posts\/168379\/revisions"}],"predecessor-version":[{"id":168386,"href":"https:\/\/corrientesdetarde.com\/index.php\/wp-json\/wp\/v2\/posts\/168379\/revisions\/168386"}],"wp:featuredmedia":[{"embeddable":true,"href":"https:\/\/corrientesdetarde.com\/index.php\/wp-json\/wp\/v2\/media\/168384"}],"wp:attachment":[{"href":"https:\/\/corrientesdetarde.com\/index.php\/wp-json\/wp\/v2\/media?parent=168379"}],"wp:term":[{"taxonomy":"category","embeddable":true,"href":"https:\/\/corrientesdetarde.com\/index.php\/wp-json\/wp\/v2\/categories?post=168379"},{"taxonomy":"post_tag","embeddable":true,"href":"https:\/\/corrientesdetarde.com\/index.php\/wp-json\/wp\/v2\/tags?post=168379"}],"curies":[{"name":"wp","href":"https:\/\/api.w.org\/{rel}","templated":true}]}}