{"id":168380,"date":"2024-10-26T15:52:55","date_gmt":"2024-10-26T18:52:55","guid":{"rendered":"https:\/\/corrientesdetarde.com\/?p=168380"},"modified":"2024-10-26T15:52:59","modified_gmt":"2024-10-26T18:52:59","slug":"noche-de-los-museos-hoy-tendremos-una-velada-historica-aseguro-kunin","status":"publish","type":"post","link":"https:\/\/corrientesdetarde.com\/index.php\/informacion-general\/noche-de-los-museos-hoy-tendremos-una-velada-historica-aseguro-kunin\/","title":{"rendered":"Noche de los Museos: \u201cHoy tendremos una velada hist\u00f3rica\u201d, asegur\u00f3 Kunin"},"content":{"rendered":"\n<p>Hoy s\u00e1bado 26 de octubre se realizar\u00e1 \u201cLa Noche de los Museos\u201d en Corrientes con actividades en varias localidades de la provincia. Organiza el Gobierno provincial a trav\u00e9s de su Instituto de Cultura y su presidenta Beatriz Kunin consider\u00f3 que \u201choy tendremos una velada hist\u00f3rica, porque se suman espacios del interior y otros que no tienen dependencia de la provincia, por lo tanto por primera vez es tan amplia y federal\u201d.<\/p>\n\n\n\n<figure class=\"wp-block-image size-large\"><img decoding=\"async\" src=\"https:\/\/corrientesdetarde.com\/wp-content\/uploads\/2024\/10\/image-96-1024x1024.png\" alt=\"\" class=\"wp-image-168381\"\/><\/figure>\n\n\n\n<p><\/p>\n\n\n\n<p>Se realizar\u00e1 hoy s\u00e1bado desde las 20 hasta pasada la medianoche a la 01:00, una nueva edici\u00f3n de La Noche de los Museos, organizada por el Instituto de Cultura de la provincia de Corrientes. Se trata de una propuesta que posibilita que correntinos y visitantes conozcan los museos y espacios culturales en un horario distinto al habitual y con una atractiva programaci\u00f3n que incluye exposiciones, actividades para los m\u00e1s chicos, espect\u00e1culos y gastronom\u00eda.<\/p>\n\n\n\n<p>\u201cHoy tendremos una velada hist\u00f3rica, porque se suman espacios del interior y otros que no tienen dependencia de la provincia, por lo tanto por primera vez es tan amplia y federal con 20 instituciones\u201d, recalc\u00f3 Kunin a pocas horas de su inicio.<\/p>\n\n\n\n<p>En la conferencia de prensa de la respectiva presentaci\u00f3n, la presidenta del Instituto de Cultura de Corrientes, Beatriz Kunin, estuvo acompa\u00f1ada por los responsables de los museos provinciales y representantes de las distintas instituciones vinculadas a la cultura, que se sumaron a la propuesta. All\u00ed, en la sede ubicada en San Juan 546, el pasado jueves, la titular del Instituto agradeci\u00f3 especialmente a cada uno de los espacios culturales adheridos a esta edici\u00f3n de La Noche de los Museos, entre los que se encuentran el Centro Cultural &#8220;Adolfo Mors&#8221; y el Museo de Sitio Hist\u00f3rico y Arqueol\u00f3gico &#8220;Casa Molinas&#8221;, ambos dependientes de la Municipalidad de Corrientes; el Sal\u00f3n de los Pasos Perdidos de la C\u00e1mara de Senadores de la Provincia; el Centro Cultural Universitario (CCU); y el Museo Hist\u00f3rico de V\u00edas Navegables.<\/p>\n\n\n\n<p>Tambi\u00e9n hizo especial menci\u00f3n de los museos del interior provincial que formar\u00e1n parte de esta iniciativa. Es el caso del Museo Sacro de Loreto, el Museo Hist\u00f3rico de Yapey\u00fa, el Centro de Interpretaci\u00f3n de Yapey\u00fa, el Museo Sacro de It\u00e1 Ibat\u00e9, el Museo de Arte Sacro Guaran\u00ed de San Miguel, y de Concepci\u00f3n: el Museo Hist\u00f3rico del Yaguaret\u00e9 Cor\u00e1, el Museo Tem\u00e1tico Infantil &#8220;La Pilarcita&#8221; y el Museo de la Polic\u00eda y Centro de Interpretaci\u00f3n de Poblados Hist\u00f3ricos.<\/p>\n\n\n\n<p>&#8220;En simult\u00e1neo, en todos estos museos y espacios culturales se podr\u00e1n realizar visitas guiadas, disfrutar de eventos musicales y sumarse a distintas actividades especialmente pensadas para todas las edades&#8221;, se\u00f1al\u00f3 Kunin, para adem\u00e1s resaltar que habr\u00e1 interesantes propuestas para los m\u00e1s chicos, como la posibilidad de conocer la nueva \u00e1rea de Paleontolog\u00eda del Museo de Ciencias Naturales &#8220;Amado Bonpland&#8221;, recientemente habilitado al p\u00fablico en la Costanera capitalina.<\/p>\n\n\n\n<p>Programaci\u00f3n<\/p>\n\n\n\n<p>MUSEO DE BELLAS ARTES, San Juan 634:<\/p>\n\n\n\n<ul class=\"wp-block-list\">\n<li>18 y 19 horas: Visitas guiadas a cargo de la Prof. Alejandra Fern\u00e1ndez Robert, quien compartir\u00e1 su conocimiento y pasi\u00f3n por el arte.<\/li>\n\n\n\n<li>19.30: Inauguraci\u00f3n oficial de la Noche de los Museos, con una presentaci\u00f3n especial de las bailarinas de Ballet del Estudio &#8220;Cerd\u00e1n Aguirre&#8221;.<\/li>\n\n\n\n<li>20: Presentaciones musicales: Alumnos de Javier Larrosa en acorde\u00f3n y guitarra. Ensamble popular del CIN, dirigido por la Prof. Gisela Meza Bubenik y Ariel Fern\u00e1ndez Aguado. Ensamble del TSC a cargo de la Prof. Gisela Meza Bubenik.<\/li>\n\n\n\n<li>20.30: D\u00fao de la Orquesta Sinf\u00f3nica de Corrientes. Marina Ruiz (violoncello) y Carlos Scorziello (viola), junto a Lisandro Palomo (tenor) como cantante invitado.<\/li>\n\n\n\n<li>22: Concierto de Guitarra, m\u00fasico Lucas Sterin.<\/li>\n\n\n\n<li>Adem\u00e1s, un grupo de teatro llevar\u00e1 a cabo una performance en las distintas salas y en el patio del museo, creando una atm\u00f3sfera \u00fanica.<\/li>\n\n\n\n<li>23: &#8220;Mama Sound&#8221; DJ Nicolas Baruzzo. Ariel \u2013 El Mito, artista pintando en vivo.<\/li>\n<\/ul>\n\n\n\n<p>MUSEO HIST\u00d3RICO &#8220;TTE. GOBERNADOR MANUEL CABRAL DE MELO Y ALPOIN&#8221;, 9 de Julio 1046:<\/p>\n\n\n\n<ul class=\"wp-block-list\">\n<li>Clausura del III\u00ba Congreso Iberoamericano de Historia, Geneolog\u00eda y Cultura<\/li>\n\n\n\n<li>20.15 horas: Inicio del recorrido guiado para todo el p\u00fablico a cargo de C\u00e9sar Cardozo<\/li>\n\n\n\n<li>21: Orquesta Folkl\u00f3rica de la Provincia de Corrientes.<\/li>\n\n\n\n<li>21.45: Visita guiada para j\u00f3venes y adolescentes a cargo del Prof. Lucas Linera.<\/li>\n\n\n\n<li>22.30: Visita guiada &#8220;El patrimonio de la Humanidad en el Coleccionismo del Museo Hist\u00f3rico de Corrientes&#8221;, a cargo del Lic. M. F. Gonz\u00e1lez Azcoaga.<\/li>\n<\/ul>\n\n\n\n<p>&#8220;CASA \u00d1ANDEREKO&#8221;, CENTRO DE INTERPRETACI\u00d3N DEL CHAMAM\u00c9, 25 de Mayo 1141:<\/p>\n\n\n\n<ul class=\"wp-block-list\">\n<li>Muestra Fotogr\u00e1fica itinerante: &#8220;\u00d1andereko nuestros paisajes&#8221; (Escuela de fotograf\u00eda Francisco Benitez)<\/li>\n\n\n\n<li>&#8220;Ku\u00f1atay: l\u00ednea hist\u00f3rica de las mujeres del chamam\u00e9&#8221;, con exposici\u00f3n de trajes tradiciones y vestidos de las grandes figuras de la Fiesta del Chamam\u00e9.<\/li>\n\n\n\n<li>Espacio de lectura y consulta: Colecci\u00f3n bibliogr\u00e1fica de Enrique Pi\u00f1eiro (chamam\u00e9, mitos y leyendas, religi\u00f3n, etc.)<\/li>\n\n\n\n<li>\u00d1andeArte: colecci\u00f3n de Pablo Guiglioni. Esculturas de nuestra m\u00fasica.<\/li>\n\n\n\n<li>Inauguraci\u00f3n del espacio de arte textil &#8220;\u00d1andeMonde&#8221; de la artista Baez de Autor y colaboradores.<\/li>\n\n\n\n<li>Espect\u00e1culos: Academia de Guitarra del Prof. Alejandro Romero; Chamam\u00e9 Ku\u00f1\u00e1; Lucas Fabi\u00e1n; y otros grupos musicales al igual que platos t\u00edpicos y danza.<\/li>\n<\/ul>\n\n\n\n<p>MUSEO ARQUEOL\u00d3GICO Y ANTROPOL\u00d3GICO &#8220;CASA MART\u00cdNEZ&#8221;, Quintana 971:<\/p>\n\n\n\n<ul class=\"wp-block-list\">\n<li>Gu\u00edas de salas de muestras permanentes y temporarias.<\/li>\n\n\n\n<li>Sal\u00f3n de exposici\u00f3n y venta de artesan\u00edas de primeros pobladores (Mbia, Wichi, Qom)<\/li>\n\n\n\n<li>Gu\u00eda en reserva t\u00e9cnica visitable.<\/li>\n\n\n\n<li>Quema alfarera del taller de recreaci\u00f3n de t\u00e9cnicas guaran\u00edes de 9-18hs y posterior exposici\u00f3n de piezas, hasta 24hs.<\/li>\n\n\n\n<li>Patio musical: Palito Alegre y colaboraciones.<\/li>\n\n\n\n<li>Stand Peque\u00f1as pulgas (espacio de trueques de libros, revistas, artesan\u00edas y arte).<\/li>\n<\/ul>\n\n\n\n<p>MUSEO DE ARTESAN\u00cdAS TRADICIONALES, Quintana y Salta:<\/p>\n\n\n\n<ul class=\"wp-block-list\">\n<li>Arte en vivo: artesanos transmitiendo sus t\u00e9cnicas a su aprendiz, tambi\u00e9n exponiendo y comercializando sus productos.<\/li>\n\n\n\n<li>Presentaci\u00f3n del ballet permanente del Museo, a cargo de la Prof. Vanesa Obreg\u00f3n<\/li>\n\n\n\n<li>Mercado de artesan\u00edas<\/li>\n\n\n\n<li>Comidas t\u00edpicas<\/li>\n\n\n\n<li>Gu\u00edas en las salas de exposiciones.<\/li>\n\n\n\n<li>Espect\u00e1culos musicales en vivo.<\/li>\n<\/ul>\n\n\n\n<p>MUSEO DE CIENCIAS NATURALES &#8220;AMADO BONPLAND&#8221;, Costanera General San Mart\u00edn 100<\/p>\n\n\n\n<ul class=\"wp-block-list\">\n<li>20 horas: Fundaci\u00f3n Gitane (Centro de Estudios Art\u00edsticos) Direcci\u00f3n: Nathalia Rodr\u00edguez, repertorio: Danza Espa\u00f1ola Estilizada y Flamenco<\/li>\n\n\n\n<li>20.30: Coral Corrientes de la Honorable C\u00e1mara de Senadores de Corrientes. Direcci\u00f3n: Carolina Garc\u00eda Ferreira<\/li>\n\n\n\n<li>21.20 Visita guiada: Muestra &#8220;Dinosaurios de la Patagonia Argentina&#8221;, Muestra de colecci\u00f3n de invertebrados del mundo.<\/li>\n<\/ul>\n\n\n\n<p>CENTRO DE INTERPRETACI\u00d3N DEL CARNAVAL, Pellegrini 494:<\/p>\n\n\n\n<ul class=\"wp-block-list\">\n<li>Recorrida por la sala de exposici\u00f3n<\/li>\n\n\n\n<li>Presentaci\u00f3n de los Embajadores del Carnaval Oficial<\/li>\n\n\n\n<li>Representantes del Carnaval Barrial<\/li>\n\n\n\n<li>Patio con cerveza artesanal<\/li>\n<\/ul>\n\n\n\n<p>C\u00c1MARA DE SENADORES Y VICEGOBERNACI\u00d3N, A TRAV\u00c9S DE &#8220;CULTURA SENADO&#8221;<\/p>\n\n\n\n<ul class=\"wp-block-list\">\n<li>Apertura del Sal\u00f3n de los Pasos Perdidos de la Legislatura Provincial.<\/li>\n\n\n\n<li>Muestra Colectiva &#8220;Mujeres artistas&#8221;, de Justina Briend y Susana Mutinelli<\/li>\n\n\n\n<li>Abierto al p\u00fablico: 20 a 1 horas<\/li>\n\n\n\n<li>Intervenci\u00f3n de los Elencos Estables de la Honorable C\u00e1mara de Senadores en los diferentes museos de la ciudad: Museo de Ciencias Naturales &#8220;Amado Bonpland&#8221;; Coral Corrientes de la Honorable C\u00e1mara de Senadores, hora de actuaci\u00f3n: 20.30; Hall de la Legislatura Provincial; Filarm\u00f3nica Estudiantil de la Honorable C\u00e1mara de Senadores, horario de actuaci\u00f3n: 21; Museo de Casa Mart\u00ednez; Ballet Folkl\u00f3rico Juvenil, horario de actuaci\u00f3n: 21.30<\/li>\n<\/ul>\n\n\n\n<p>MUNICIPALIDAD DE CORRIENTES<\/p>\n\n\n\n<p>&#8220;Casa Molinas&#8221;, Museo de Sitio hist\u00f3rico y Arqueol\u00f3gico, Pellegrini 937:<\/p>\n\n\n\n<ul class=\"wp-block-list\">\n<li>20 horas: Apertura Gui\u00f3n museologico del museo y exposici\u00f3n itinerante &#8220;Caminando entre flores&#8221;, de la artista Stella Maris Sang;<\/li>\n\n\n\n<li>21: Presentaci\u00f3n del Elenco Municipal Danzas Contempor\u00e1neas &#8220;Dtor. Pablo Ferro&#8221;;<\/li>\n\n\n\n<li>22: &#8220;M\u00fasica en movimiento&#8221;, actuaci\u00f3n de Pablo Delvalle y Billy Fern\u00e1ndez, invitado especial Felipe Fern\u00e1ndez<\/li>\n<\/ul>\n\n\n\n<p>Centro Cultural &#8220;Adolfo Mors&#8221;, Pellegrini 542<\/p>\n\n\n\n<ul class=\"wp-block-list\">\n<li>20 horas: Exposici\u00f3n alumnos de Josefina Contte.Pintando en vivo Stella Maris Sang y Gimena Colomba<\/li>\n\n\n\n<li>22.30: Actuaci\u00f3n Ballet &#8220;7 Corrientes&#8221;<\/li>\n<\/ul>\n\n\n\n<p>MUSEO V\u00cdAS NAVEGABLES, Av. Torres de Vera 1401:<\/p>\n\n\n\n<ul class=\"wp-block-list\">\n<li>El Museo Hist\u00f3rico de V\u00edas Navegables participa de la Noche de los Museos con actividades especiales, invita a recorrer sus salas. Hay programadas tres visitas guiadas: a las 21 horas, 22 y 23.<\/li>\n<\/ul>\n\n\n\n<p>MUSEO HIST\u00d3RICO, YAPEY\u00da:<\/p>\n\n\n\n<ul class=\"wp-block-list\">\n<li>Exposici\u00f3n de trabajos de la Academia Fracasi<\/li>\n<\/ul>\n\n\n\n<p>CENTRO DE INTERPRETACI\u00d3N, YAPEY\u00da<\/p>\n\n\n\n<ul class=\"wp-block-list\">\n<li>Recorrido Audiovisual por el Yapey\u00fa de hoy y del ayer<\/li>\n<\/ul>\n\n\n\n<p>MUSEO SACRO, LORETO:<\/p>\n\n\n\n<ul class=\"wp-block-list\">\n<li>Apertura a cargo del Ballet y Taller Folkl\u00f3rico Municipal<\/li>\n\n\n\n<li>Pareja de baile (representante de los Juegos Culturales Correntinos)<\/li>\n\n\n\n<li>Entrega de reconocimientos<\/li>\n\n\n\n<li>Artistas invitados: Marcos Galarza (ganador del Pre Festival del Chamam\u00e9) y otros.<\/li>\n<\/ul>\n\n\n\n<p>MUSEO DE ARTE SACRO GUARAN\u00cd, SAN MIGUEL:<\/p>\n\n\n\n<ul class=\"wp-block-list\">\n<li>Apertura a cargo del Ballet Municipal<\/li>\n\n\n\n<li>Entrega de reconocimientos a donantes de patrimonios familiares<\/li>\n\n\n\n<li>Artistas invitados: Elba Beatriz Fern\u00e1ndez, Nino Ram\u00edrez<\/li>\n\n\n\n<li>Representantes del Festival Interbarrial<\/li>\n\n\n\n<li>Apertura de Muestras Itinerantes de Imaginer\u00eda Jesu\u00edticas-Guaran\u00ed de Altares Familiares.<\/li>\n\n\n\n<li>Gu\u00edas en muestras permanentes.<\/li>\n\n\n\n<li>Venta de platos t\u00edpicos<\/li>\n<\/ul>\n\n\n\n<p>MUSEO SACRO, ITA IBAT\u00c9:<\/p>\n\n\n\n<ul class=\"wp-block-list\">\n<li>Visita guiada del espacio sacro: antiguo templo hist\u00f3rico.<\/li>\n<\/ul>\n","protected":false},"excerpt":{"rendered":"<p>Hoy s\u00e1bado 26 de octubre se realizar\u00e1 \u201cLa Noche de los Museos\u201d en Corrientes con actividades en varias localidades de la provincia. Organiza el Gobierno provincial a trav\u00e9s de su&hellip; <\/p>\n","protected":false},"author":1,"featured_media":168381,"comment_status":"closed","ping_status":"open","sticky":false,"template":"","format":"standard","meta":{"footnotes":""},"categories":[1],"tags":[],"class_list":["post-168380","post","type-post","status-publish","format-standard","has-post-thumbnail","hentry","category-informacion-general"],"_links":{"self":[{"href":"https:\/\/corrientesdetarde.com\/index.php\/wp-json\/wp\/v2\/posts\/168380","targetHints":{"allow":["GET"]}}],"collection":[{"href":"https:\/\/corrientesdetarde.com\/index.php\/wp-json\/wp\/v2\/posts"}],"about":[{"href":"https:\/\/corrientesdetarde.com\/index.php\/wp-json\/wp\/v2\/types\/post"}],"author":[{"embeddable":true,"href":"https:\/\/corrientesdetarde.com\/index.php\/wp-json\/wp\/v2\/users\/1"}],"replies":[{"embeddable":true,"href":"https:\/\/corrientesdetarde.com\/index.php\/wp-json\/wp\/v2\/comments?post=168380"}],"version-history":[{"count":1,"href":"https:\/\/corrientesdetarde.com\/index.php\/wp-json\/wp\/v2\/posts\/168380\/revisions"}],"predecessor-version":[{"id":168382,"href":"https:\/\/corrientesdetarde.com\/index.php\/wp-json\/wp\/v2\/posts\/168380\/revisions\/168382"}],"wp:featuredmedia":[{"embeddable":true,"href":"https:\/\/corrientesdetarde.com\/index.php\/wp-json\/wp\/v2\/media\/168381"}],"wp:attachment":[{"href":"https:\/\/corrientesdetarde.com\/index.php\/wp-json\/wp\/v2\/media?parent=168380"}],"wp:term":[{"taxonomy":"category","embeddable":true,"href":"https:\/\/corrientesdetarde.com\/index.php\/wp-json\/wp\/v2\/categories?post=168380"},{"taxonomy":"post_tag","embeddable":true,"href":"https:\/\/corrientesdetarde.com\/index.php\/wp-json\/wp\/v2\/tags?post=168380"}],"curies":[{"name":"wp","href":"https:\/\/api.w.org\/{rel}","templated":true}]}}