{"id":168389,"date":"2024-10-26T16:00:17","date_gmt":"2024-10-26T19:00:17","guid":{"rendered":"https:\/\/corrientesdetarde.com\/?p=168389"},"modified":"2024-10-26T16:00:18","modified_gmt":"2024-10-26T19:00:18","slug":"murio-un-hombre-y-hay-cuatro-personas-heridas-tras-un-choque-entre-dos-vehiculos","status":"publish","type":"post","link":"https:\/\/corrientesdetarde.com\/index.php\/actualidad\/murio-un-hombre-y-hay-cuatro-personas-heridas-tras-un-choque-entre-dos-vehiculos\/","title":{"rendered":"Muri\u00f3 un hombre y hay cuatro personas heridas tras un choque entre dos veh\u00edculos"},"content":{"rendered":"\n<p><\/p>\n\n\n\n<p><\/p>\n\n\n\n<p>Muri\u00f3 un hombre y hay cuatro personas heridas tras&nbsp;un choque entre dos veh\u00edculos&nbsp;en la localidad correntina de Goya, inform\u00f3&nbsp;este s\u00e1bado&nbsp;la Polic\u00eda de Corrientes.&nbsp;<\/p>\n\n\n\n<p>Efectivos policiales fueron alertados de que&nbsp;por ruta Nacional N\u00b0 12, a la altura del km 716, se habr\u00eda registrado un siniestro&nbsp;entre un auto y una camioneta.&nbsp;<\/p>\n\n\n\n<p>El mismo, tuvo como protagonista a un autom\u00f3vil marca Ford Focus, guiado por un hombre de apellido Pereyra de 65 a\u00f1os y una camioneta marca Chevrolet Tracker, conducido por una mujer de apellido Mart\u00ednez, quien ten\u00eda como acompa\u00f1antes a otras tres mujeres.&nbsp;<\/p>\n\n\n\n<p>Producto del siniestro, todos&nbsp;fueron trasladados hasta el hospital de Esquina por presentar lesiones de diversa gravedad.&nbsp;<\/p>\n\n\n\n<p>Minutos m\u00e1s tarde,&nbsp;informaron el lamentable deceso del ciudadano Pereyra de 65 a\u00f1os de edad.&nbsp;<\/p>\n\n\n\n<p>Al respecto, en la citada dependencia se llevan a cabo las diligencias del caso con intervenci\u00f3n de la Unidad Fiscal de Investigaci\u00f3n en turno.<\/p>\n","protected":false},"excerpt":{"rendered":"<p>Muri\u00f3 un hombre y hay cuatro personas heridas tras&nbsp;un choque entre dos veh\u00edculos&nbsp;en la localidad correntina de Goya, inform\u00f3&nbsp;este s\u00e1bado&nbsp;la Polic\u00eda de Corrientes.&nbsp; Efectivos policiales fueron alertados de que&nbsp;por ruta&hellip; <\/p>\n","protected":false},"author":1,"featured_media":168393,"comment_status":"closed","ping_status":"open","sticky":false,"template":"","format":"standard","meta":{"footnotes":""},"categories":[23,1658],"tags":[],"class_list":["post-168389","post","type-post","status-publish","format-standard","has-post-thumbnail","hentry","category-actualidad","category-interior"],"_links":{"self":[{"href":"https:\/\/corrientesdetarde.com\/index.php\/wp-json\/wp\/v2\/posts\/168389","targetHints":{"allow":["GET"]}}],"collection":[{"href":"https:\/\/corrientesdetarde.com\/index.php\/wp-json\/wp\/v2\/posts"}],"about":[{"href":"https:\/\/corrientesdetarde.com\/index.php\/wp-json\/wp\/v2\/types\/post"}],"author":[{"embeddable":true,"href":"https:\/\/corrientesdetarde.com\/index.php\/wp-json\/wp\/v2\/users\/1"}],"replies":[{"embeddable":true,"href":"https:\/\/corrientesdetarde.com\/index.php\/wp-json\/wp\/v2\/comments?post=168389"}],"version-history":[{"count":1,"href":"https:\/\/corrientesdetarde.com\/index.php\/wp-json\/wp\/v2\/posts\/168389\/revisions"}],"predecessor-version":[{"id":168394,"href":"https:\/\/corrientesdetarde.com\/index.php\/wp-json\/wp\/v2\/posts\/168389\/revisions\/168394"}],"wp:featuredmedia":[{"embeddable":true,"href":"https:\/\/corrientesdetarde.com\/index.php\/wp-json\/wp\/v2\/media\/168393"}],"wp:attachment":[{"href":"https:\/\/corrientesdetarde.com\/index.php\/wp-json\/wp\/v2\/media?parent=168389"}],"wp:term":[{"taxonomy":"category","embeddable":true,"href":"https:\/\/corrientesdetarde.com\/index.php\/wp-json\/wp\/v2\/categories?post=168389"},{"taxonomy":"post_tag","embeddable":true,"href":"https:\/\/corrientesdetarde.com\/index.php\/wp-json\/wp\/v2\/tags?post=168389"}],"curies":[{"name":"wp","href":"https:\/\/api.w.org\/{rel}","templated":true}]}}